{"id":70309,"date":"2021-09-29T09:32:49","date_gmt":"2021-09-29T12:32:49","guid":{"rendered":"https:\/\/catolicanet.net\/wp-cnet\/?p=70309"},"modified":"2021-09-29T16:43:47","modified_gmt":"2021-09-29T19:43:47","slug":"as-3-maneiras-de-rezar-segundo-santo-antonio","status":"publish","type":"post","link":"https:\/\/catolicanet.net\/wp-cnet\/as-3-maneiras-de-rezar-segundo-santo-antonio\/","title":{"rendered":"As 3 maneiras de rezar, segundo Santo Ant\u00f4nio"},"content":{"rendered":"<h2 class=\"subtitle\" style=\"text-align: justify;\">Os ensinamentos de Santo Antonio podem ajudar a incrementar a nossa vida de ora\u00e7\u00e3o<\/h2>\n<blockquote class=\"wp-block-quote\">\n<p dir=\"ltr\"><em>\u201cQuem sabe bem rezar, sabe tamb\u00e9m viver\u00a0 bem.\u201d (Santo Agostinho)<\/em><\/p>\n<\/blockquote>\n<p style=\"text-align: justify;\">A ora\u00e7\u00e3o nos aproxima de Deus, \u00e9 o nosso di\u00e1logo com o Pai. E Jesus, o filho de Deus, nos deu o exemplo da import\u00e2ncia dela em nossas vidas. N\u00e3o s\u00e3o poucas as passagens nos Evangelhos em que Cristo subia ao monte para rezar.<\/p>\n<p style=\"text-align: justify;\">Numa dessas ocasi\u00f5es ele estava acompanhado de Pedro, Tiago e Jo\u00e3o, e foi no alto do Monte Tabor que Ele se transfigurou diante dos disc\u00edpulos (Lucas 9, 28-36).<\/p>\n<div style=\"text-align: justify;\"><\/div>\n<p style=\"text-align: justify;\">Antes de ser preso, Jesus se retirou para o Monte das Oliveiras. Ali rezou: \u201cPai, se \u00e9 de teu agrado, afasta de mim este c\u00e1lice! N\u00e3o se fa\u00e7a, todavia, a minha vontade, mas sim a tua.\u201d (Lucas 22, 42). Foi com a ora\u00e7\u00e3o que Jesus encontrou for\u00e7as para suportar o peso do pecado da humanidade, sem com isso, deixar de fazer a vontade do Pai.<\/p>\n<p style=\"text-align: justify;\">S\u00e3o Paulo j\u00e1 nos alertava: \u201cSede alegres na esperan\u00e7a, pacientes na tribula\u00e7\u00e3o e perseverantes na ora\u00e7\u00e3o\u201d (Romanos 12, 12).<\/p>\n<p style=\"text-align: justify;\">Mas a ora\u00e7\u00e3o n\u00e3o consiste na repeti\u00e7\u00e3o de palavras e em fazer pedidos a Deus. Devemos tamb\u00e9m rezar para louvar ao Pai e agradecer todas as gra\u00e7as concedidas.<\/p>\n<p style=\"text-align: justify;\">Santo Ant\u00f4nio deixou uma frase que nos fala muito sobre este tema: \u201cPodemos rezar de tr\u00eas modos: com o cora\u00e7\u00e3o, com a\u00a0 boca e com as m\u00e3os\u201d.<\/p>\n<p style=\"text-align: justify;\">Com o cora\u00e7\u00e3o: a ora\u00e7\u00e3o deve partir de nosso \u00edntimo e ter como objetivo o amor.<\/p>\n<p style=\"text-align: justify;\">Com a boca: nossas palavras t\u00eam que ser palavras de vida. Precisamos sempre falar aquilo que vai ajudar, jamais aquilo que vai promover a disc\u00f3rdia e a desuni\u00e3o.<\/p>\n<p style=\"text-align: justify;\">Com as m\u00e3os: precisamos agir, amar o pr\u00f3ximo com a\u00e7\u00f5es concretas que v\u00e3o levar sempre o amor de Deus.<\/p>\n","protected":false},"excerpt":{"rendered":"<p>Os ensinamentos de Santo Antonio podem ajudar a incrementar a nossa vida de ora\u00e7\u00e3o \u201cQuem sabe bem rezar, sabe tamb\u00e9m viver\u00a0 bem.\u201d (Santo Agostinho) A ora\u00e7\u00e3o nos aproxima de Deus, \u00e9 o nosso di\u00e1logo com o Pai. E Jesus, o filho de Deus, nos deu o exemplo da import\u00e2ncia dela em nossas vidas. N\u00e3o s\u00e3o [&hellip;]<\/p>\n","protected":false},"author":1,"featured_media":70310,"comment_status":"open","ping_status":"closed","sticky":false,"template":"","format":"standard","meta":{"footnotes":""},"categories":[4],"tags":[],"class_list":["post-70309","post","type-post","status-publish","format-standard","has-post-thumbnail","hentry","category-cotidiano"],"_links":{"self":[{"href":"https:\/\/catolicanet.net\/wp-cnet\/wp-json\/wp\/v2\/posts\/70309","targetHints":{"allow":["GET"]}}],"collection":[{"href":"https:\/\/catolicanet.net\/wp-cnet\/wp-json\/wp\/v2\/posts"}],"about":[{"href":"https:\/\/catolicanet.net\/wp-cnet\/wp-json\/wp\/v2\/types\/post"}],"author":[{"embeddable":true,"href":"https:\/\/catolicanet.net\/wp-cnet\/wp-json\/wp\/v2\/users\/1"}],"replies":[{"embeddable":true,"href":"https:\/\/catolicanet.net\/wp-cnet\/wp-json\/wp\/v2\/comments?post=70309"}],"version-history":[{"count":1,"href":"https:\/\/catolicanet.net\/wp-cnet\/wp-json\/wp\/v2\/posts\/70309\/revisions"}],"predecessor-version":[{"id":70311,"href":"https:\/\/catolicanet.net\/wp-cnet\/wp-json\/wp\/v2\/posts\/70309\/revisions\/70311"}],"wp:featuredmedia":[{"embeddable":true,"href":"https:\/\/catolicanet.net\/wp-cnet\/wp-json\/wp\/v2\/media\/70310"}],"wp:attachment":[{"href":"https:\/\/catolicanet.net\/wp-cnet\/wp-json\/wp\/v2\/media?parent=70309"}],"wp:term":[{"taxonomy":"category","embeddable":true,"href":"https:\/\/catolicanet.net\/wp-cnet\/wp-json\/wp\/v2\/categories?post=70309"},{"taxonomy":"post_tag","embeddable":true,"href":"https:\/\/catolicanet.net\/wp-cnet\/wp-json\/wp\/v2\/tags?post=70309"}],"curies":[{"name":"wp","href":"https:\/\/api.w.org\/{rel}","templated":true}]}}