{"id":70297,"date":"2021-09-29T08:52:55","date_gmt":"2021-09-29T11:52:55","guid":{"rendered":"https:\/\/catolicanet.net\/wp-cnet\/?p=70297"},"modified":"2021-09-29T15:55:37","modified_gmt":"2021-09-29T18:55:37","slug":"repam-lanca-sistema-de-informacao-sobre-a-realidade-eclesial-da-pan-amazonia","status":"publish","type":"post","link":"https:\/\/catolicanet.net\/wp-cnet\/repam-lanca-sistema-de-informacao-sobre-a-realidade-eclesial-da-pan-amazonia\/","title":{"rendered":"REPAM LAN\u00c7A SISTEMA DE INFORMA\u00c7\u00c3O SOBRE A REALIDADE ECLESIAL DA PAN-AMAZ\u00d4NIA"},"content":{"rendered":"<p style=\"text-align: justify;\">A Rede Eclesial Pan-Amaz\u00f4nica (Repam) lan\u00e7ou, no dia 27 de setembro,\u00a0o Sistema Pan-Amaz\u00f4nico de Informa\u00e7\u00e3o de Realidade Eclesial (SIREPAM), uma plataforma bil\u00edng\u00fce (espanhol e portugu\u00eas) que disponibiliza todas as informa\u00e7\u00f5es coletadas no processo de mapeamento realizado para as 103 circunscri\u00e7\u00f5es eclesi\u00e1sticas na regi\u00e3o Pan-Amaz\u00f4nica.<\/p>\n<p style=\"text-align: justify;\">De acordo com a entidade, o SIREPAM \u00e9 um produto do Eixo de Mapeamento e Pesquisa da Rede que busca oferecer \u00e0s igrejas locais a oportunidade de fortalecer suas articula\u00e7\u00f5es e trabalhar de forma articulada para o cuidado e defesa da vida no territ\u00f3rio.<\/p>\n<p style=\"text-align: justify;\">Dessa forma, as informa\u00e7\u00f5es abordadas a partir do n\u00edvel eclesial e socioambiental permitir\u00e3o um diagn\u00f3stico da realidade do territ\u00f3rio e poder\u00e3o ser utilizadas como ponto de partida e guia para a formula\u00e7\u00e3o dos Planos Pastorais, estrat\u00e9gias de a\u00e7\u00e3o comunit\u00e1ria frente aos problemas e amea\u00e7as \u00e0 Amaz\u00f4nia, bem como o apoio a iniciativas locais ou internacionais.<\/p>\n<p style=\"text-align: justify;\">Gr\u00e1ficos, tabelas e dados gerais para cada um dos nove eixos tem\u00e1ticos podem ser acessados a partir da plataforma. A visualiza\u00e7\u00e3o dos dados \u00e9 organizada por n\u00edveis: Jurisdi\u00e7\u00e3o Eclesi\u00e1stica, Regional, Nacional e Pan-Amaz\u00f4nico.<\/p>\n<p style=\"text-align: justify;\">\n<blockquote><p><strong>S\u00e3o Eixos Tem\u00e1ticos:\u00a0<\/strong><\/p>\n<p>\u2013 Dados sobre a presen\u00e7a da Igreja na Amaz\u00f4nia;<\/p>\n<p>\u2013 Par\u00f3quias, padres, religiosos, di\u00e1conos e l\u00edderes comunit\u00e1rios;<\/p>\n<p>\u2013 Dados sobre as organiza\u00e7\u00f5es da sociedade civil;<\/p>\n<p>\u2013 Realidade social;<\/p>\n<p>\u2013 Povos ind\u00edgenas e comunidades tradicionais;<\/p>\n<p>\u2013 Forma\u00e7\u00e3o e M\u00e9todos Pastorais em perspectiva itinerante;<\/p>\n<p>\u2013 Direitos Humanos e Incid\u00eancia Internacional;<\/p>\n<p>\u2013 Justi\u00e7a Socioambiental e Bem Viver, e;<\/p>\n<p>\u2013 Comunica\u00e7\u00e3o para a Transforma\u00e7\u00e3o Social.<\/p><\/blockquote>\n<p style=\"text-align: justify;\">\n<h3 style=\"text-align: justify;\"><strong>Acesso \u00e0 plataforma<\/strong><\/h3>\n<p style=\"text-align: justify;\">Para acessar todas as informa\u00e7\u00f5es do SIREPAM e conhecer a realidade da Pan-Amaz\u00f4nia, acesse o site oficial:<\/p>\n<p style=\"text-align: justify;\"><a href=\"https:\/\/sirepam.redamazonica.org\/portal\/home\" target=\"_blank\" rel=\"noopener\">SIREPAM<\/a><\/p>\n<p style=\"text-align: justify;\">\n<pre><strong><em>Com informa\u00e7\u00f5es de Comunica\u00e7\u00e3o REPAM<\/em><\/strong><\/pre>\n","protected":false},"excerpt":{"rendered":"<p>A Rede Eclesial Pan-Amaz\u00f4nica (Repam) lan\u00e7ou, no dia 27 de setembro,\u00a0o Sistema Pan-Amaz\u00f4nico de Informa\u00e7\u00e3o de Realidade Eclesial (SIREPAM), uma plataforma bil\u00edng\u00fce (espanhol e portugu\u00eas) que disponibiliza todas as informa\u00e7\u00f5es coletadas no processo de mapeamento realizado para as 103 circunscri\u00e7\u00f5es eclesi\u00e1sticas na regi\u00e3o Pan-Amaz\u00f4nica. De acordo com a entidade, o SIREPAM \u00e9 um produto do [&hellip;]<\/p>\n","protected":false},"author":1,"featured_media":70298,"comment_status":"open","ping_status":"closed","sticky":false,"template":"","format":"standard","meta":{"footnotes":""},"categories":[7],"tags":[],"class_list":["post-70297","post","type-post","status-publish","format-standard","has-post-thumbnail","hentry","category-cnbb"],"_links":{"self":[{"href":"https:\/\/catolicanet.net\/wp-cnet\/wp-json\/wp\/v2\/posts\/70297","targetHints":{"allow":["GET"]}}],"collection":[{"href":"https:\/\/catolicanet.net\/wp-cnet\/wp-json\/wp\/v2\/posts"}],"about":[{"href":"https:\/\/catolicanet.net\/wp-cnet\/wp-json\/wp\/v2\/types\/post"}],"author":[{"embeddable":true,"href":"https:\/\/catolicanet.net\/wp-cnet\/wp-json\/wp\/v2\/users\/1"}],"replies":[{"embeddable":true,"href":"https:\/\/catolicanet.net\/wp-cnet\/wp-json\/wp\/v2\/comments?post=70297"}],"version-history":[{"count":1,"href":"https:\/\/catolicanet.net\/wp-cnet\/wp-json\/wp\/v2\/posts\/70297\/revisions"}],"predecessor-version":[{"id":70299,"href":"https:\/\/catolicanet.net\/wp-cnet\/wp-json\/wp\/v2\/posts\/70297\/revisions\/70299"}],"wp:featuredmedia":[{"embeddable":true,"href":"https:\/\/catolicanet.net\/wp-cnet\/wp-json\/wp\/v2\/media\/70298"}],"wp:attachment":[{"href":"https:\/\/catolicanet.net\/wp-cnet\/wp-json\/wp\/v2\/media?parent=70297"}],"wp:term":[{"taxonomy":"category","embeddable":true,"href":"https:\/\/catolicanet.net\/wp-cnet\/wp-json\/wp\/v2\/categories?post=70297"},{"taxonomy":"post_tag","embeddable":true,"href":"https:\/\/catolicanet.net\/wp-cnet\/wp-json\/wp\/v2\/tags?post=70297"}],"curies":[{"name":"wp","href":"https:\/\/api.w.org\/{rel}","templated":true}]}}