{"id":70288,"date":"2021-09-29T08:47:22","date_gmt":"2021-09-29T11:47:22","guid":{"rendered":"https:\/\/catolicanet.net\/wp-cnet\/?p=70288"},"modified":"2021-09-29T14:49:02","modified_gmt":"2021-09-29T17:49:02","slug":"o-papa-aos-jovens-da-youth4climate-tomar-decisoes-sabias-para-o-bem-da-humanidade","status":"publish","type":"post","link":"https:\/\/catolicanet.net\/wp-cnet\/o-papa-aos-jovens-da-youth4climate-tomar-decisoes-sabias-para-o-bem-da-humanidade\/","title":{"rendered":"O Papa aos jovens da Youth4climate: tomar decis\u00f5es s\u00e1bias para o bem da humanidade"},"content":{"rendered":"<div class=\"article__subTitle\" style=\"text-align: justify;\">Mensagem de v\u00eddeo de Francesco aos jovens reunidos em Mil\u00e3o em prepara\u00e7\u00e3o para a Cop26 em Glasgow. \u00c9 necess\u00e1rio promover uma cultura do cuidado que v\u00e1 al\u00e9m de solu\u00e7\u00f5es t\u00e9cnicas e pol\u00edticas.<\/div>\n<div class=\"title__separator\" style=\"text-align: justify;\"><\/div>\n<div class=\"article__text \">\n<p style=\"text-align: justify;\"><b>Mariangela Jaguraba &#8211; Vatican News<\/b><\/p>\n<p style=\"text-align: justify;\">&#8220;Queridos jovens, quero agradecer-lhes pelos sonhos e projetos de bem que voc\u00eas t\u00eam e pelo fato de se preocuparem tanto com as rela\u00e7\u00f5es humanas e com o cuidado com o meio ambiente.&#8221;<\/p>\n<div style=\"text-align: justify;\">\n<div class=\"article__embed article__embed--unwrap article__embed--dark\">\n<div class=\"article__innerTitle\">Ou\u00e7a e compartilhe<\/div>\n<div>\n<!--[if lt IE 9]><script>document.createElement('audio');<\/script><![endif]-->\n<audio class=\"wp-audio-shortcode\" id=\"audio-70288-1\" preload=\"none\" style=\"width: 100%;\" controls=\"controls\"><source type=\"audio\/mpeg\" src=\"https:\/\/media.vaticannews.va\/media\/audio\/s1\/2021\/09\/29\/15\/136199822_F136199822.mp3?_=1\" \/><a href=\"https:\/\/media.vaticannews.va\/media\/audio\/s1\/2021\/09\/29\/15\/136199822_F136199822.mp3\">https:\/\/media.vaticannews.va\/media\/audio\/s1\/2021\/09\/29\/15\/136199822_F136199822.mp3<\/a><\/audio>\n<\/div>\n<\/div>\n<\/div>\n<p style=\"text-align: justify;\">Estas s\u00e3o as palavras do Papa Francisco na mensagem em v\u00eddeo, divulgada nesta quarta-feira (29\/09), por ocasi\u00e3o da Youth4climate, confer\u00eancia dos jovens pelo clima, que teve in\u00edcio, em Mil\u00e3o, na It\u00e1lia, na ter\u00e7a-feira, 28, e prossegue at\u00e9 30 de setembro, organizada pelo Governo italiano em parceria com o Reino Unido, em vista da Cop26 de Glasgow, na Esc\u00f3cia, em novembro pr\u00f3ximo.<\/p>\n<p style=\"text-align: justify;\">Segundo o Papa, os jovens t\u00eam &#8220;uma preocupa\u00e7\u00e3o que faz bem a todos. Essa vis\u00e3o \u00e9 capaz de colocar o mundo dos adultos em crise, pois mostra que voc\u00eas n\u00e3o est\u00e3o apenas preparados para agir, mas est\u00e3o dispon\u00edveis para a escuta paciente, o di\u00e1logo construtivo e a compreens\u00e3o rec\u00edproca&#8221;.<\/p>\n<p style=\"text-align: justify;\">Francisco os encorajou &#8220;a unir os esfor\u00e7os atrav\u00e9s de uma ampla alian\u00e7a educativa para formar gera\u00e7\u00f5es de bem, maduras, capazes de superar as fragmenta\u00e7\u00f5es e reconstruir o tecido das rela\u00e7\u00f5es de modo que possamos chegar a uma humanidade mais fraterna&#8221;.<\/p>\n<p style=\"text-align: justify;\"><i>Diz-se que voc\u00eas s\u00e3o futuro, mas nessas coisas voc\u00eas s\u00e3o o presente, s\u00e3o os que est\u00e3o construindo hoje, no presente, o futuro. O Pacto Educativo Global, lan\u00e7ado em 2019, vai nessa dire\u00e7\u00e3o e tenta dar respostas compartilhadas \u00e0 mudan\u00e7a hist\u00f3rica que a humanidade est\u00e1 vivendo e que a pandemia tornou ainda mais evidente. N\u00e3o bastam solu\u00e7\u00f5es t\u00e9cnicas e pol\u00edticas, se n\u00e3o estiverem amparadas pela responsabilidade de cada membro e por um processo educativo que favore\u00e7a um modelo cultural de desenvolvimento e sustentabilidade voltado para a fraternidade e a alian\u00e7a entre o ser humano e o meio ambiente. Deve haver harmonia entre as pessoas, homens e mulheres e o meio ambiente. N\u00e3o somos inimigos, n\u00e3o somos indiferentes. Fazemos parte dessa harmonia c\u00f3smica.<\/i><\/p>\n<p style=\"text-align: justify;\">Segundo o Papa, &#8220;atrav\u00e9s de ideias e projetos comuns, ser\u00e1 poss\u00edvel encontrar solu\u00e7\u00f5es que superem a pobreza energ\u00e9tica e coloquem o cuidado dos bens comuns no centro das pol\u00edticas nacionais e internacionais, favorecendo a produ\u00e7\u00e3o sustent\u00e1vel, a economia circular e o compartilhamento de tecnologias adequadas&#8221;.<\/p>\n<p style=\"text-align: justify;\">Francisco ressaltou que &#8220;\u00e9 o momento de tomar decis\u00f5es s\u00e1bias para que as muitas experi\u00eancias adquiridas nos \u00faltimos anos possam ser aproveitadas, a fim de tornar poss\u00edvel uma cultura do cuidado, uma cultura de partilha respons\u00e1vel&#8221;.<\/p>\n<p style=\"text-align: justify;\">Por fim, o Papa encorajou os jovens &#8220;a desenvolverem o seu trabalho para o bem da humanidade&#8221;.<\/p>\n<\/div>\n","protected":false},"excerpt":{"rendered":"<p>Mensagem de v\u00eddeo de Francesco aos jovens reunidos em Mil\u00e3o em prepara\u00e7\u00e3o para a Cop26 em Glasgow. \u00c9 necess\u00e1rio promover uma cultura do cuidado que v\u00e1 al\u00e9m de solu\u00e7\u00f5es t\u00e9cnicas e pol\u00edticas. Mariangela Jaguraba &#8211; Vatican News &#8220;Queridos jovens, quero agradecer-lhes pelos sonhos e projetos de bem que voc\u00eas t\u00eam e pelo fato de se [&hellip;]<\/p>\n","protected":false},"author":1,"featured_media":70289,"comment_status":"open","ping_status":"closed","sticky":false,"template":"","format":"standard","meta":{"footnotes":""},"categories":[3],"tags":[],"class_list":["post-70288","post","type-post","status-publish","format-standard","has-post-thumbnail","hentry","category-vaticano"],"_links":{"self":[{"href":"https:\/\/catolicanet.net\/wp-cnet\/wp-json\/wp\/v2\/posts\/70288","targetHints":{"allow":["GET"]}}],"collection":[{"href":"https:\/\/catolicanet.net\/wp-cnet\/wp-json\/wp\/v2\/posts"}],"about":[{"href":"https:\/\/catolicanet.net\/wp-cnet\/wp-json\/wp\/v2\/types\/post"}],"author":[{"embeddable":true,"href":"https:\/\/catolicanet.net\/wp-cnet\/wp-json\/wp\/v2\/users\/1"}],"replies":[{"embeddable":true,"href":"https:\/\/catolicanet.net\/wp-cnet\/wp-json\/wp\/v2\/comments?post=70288"}],"version-history":[{"count":1,"href":"https:\/\/catolicanet.net\/wp-cnet\/wp-json\/wp\/v2\/posts\/70288\/revisions"}],"predecessor-version":[{"id":70290,"href":"https:\/\/catolicanet.net\/wp-cnet\/wp-json\/wp\/v2\/posts\/70288\/revisions\/70290"}],"wp:featuredmedia":[{"embeddable":true,"href":"https:\/\/catolicanet.net\/wp-cnet\/wp-json\/wp\/v2\/media\/70289"}],"wp:attachment":[{"href":"https:\/\/catolicanet.net\/wp-cnet\/wp-json\/wp\/v2\/media?parent=70288"}],"wp:term":[{"taxonomy":"category","embeddable":true,"href":"https:\/\/catolicanet.net\/wp-cnet\/wp-json\/wp\/v2\/categories?post=70288"},{"taxonomy":"post_tag","embeddable":true,"href":"https:\/\/catolicanet.net\/wp-cnet\/wp-json\/wp\/v2\/tags?post=70288"}],"curies":[{"name":"wp","href":"https:\/\/api.w.org\/{rel}","templated":true}]}}