{"id":70261,"date":"2021-09-27T09:16:07","date_gmt":"2021-09-27T12:16:07","guid":{"rendered":"https:\/\/catolicanet.net\/wp-cnet\/?p=70261"},"modified":"2021-09-27T13:37:18","modified_gmt":"2021-09-27T16:37:18","slug":"dicasterio-para-o-desenvolvimento-integral-humano-do-vaticano-divulga-video-rumo-a-um-nos-cada-vez-maior","status":"publish","type":"post","link":"https:\/\/catolicanet.net\/wp-cnet\/dicasterio-para-o-desenvolvimento-integral-humano-do-vaticano-divulga-video-rumo-a-um-nos-cada-vez-maior\/","title":{"rendered":"DICAST\u00c9RIO PARA O DESENVOLVIMENTO INTEGRAL HUMANO DO VATICANO DIVULGA V\u00cdDEO \u201cRUMO A UM N\u00d3S CADA VEZ MAIOR\u201d"},"content":{"rendered":"<p style=\"text-align: justify;\">Em vista do Dia Mundial do Migrante e do Refugiado 2021, que comemorado no domingo, 26 de setembro, a campanha do Dicast\u00e9rio para o Servi\u00e7o de Desenvolvimento Humano Integral do Vaticano continua com a divulga\u00e7\u00e3o cuja comunica\u00e7\u00e3o \u00e9 focada no tema escolhido por Francisco para o Dia Mundial do Migrante e do Refugiado:\u00a0<i>Rumo a um \u201cn\u00f3s\u201d cada vez maior<\/i>.<\/p>\n<p style=\"text-align: justify;\">\u201cSomos chamados a sonhar juntos, sem medo de sonhar, a sonhar juntos como uma \u00fanica humanidade, como companheiros na mesma viagem, como filhos e filhas desta mesma terra que \u00e9 a nossa Casa Comum, todos irm\u00e3s e irm\u00e3os\u201d. S\u00e3o palavras do Papa no novo v\u00eddeo.<\/p>\n<p style=\"text-align: justify;\">A produ\u00e7\u00e3o apresenta os testemunhos de duas jovens que deixaram a Venezuela para a Col\u00f4mbia com uma mala cheia de incertezas, mas tamb\u00e9m de sonhos. Ambas est\u00e3o participando de um curso de costura que lhes deu a coragem de recome\u00e7ar.<\/p>\n<blockquote><p>\u201cN\u00f3s migrantes\u201d, afirma uma delas, \u201ctemos sempre um pouco de medo de enfrentar o desconhecido, porque \u00e9 algo que nunca vimos antes e temos um pouco de temor de como o faremos. Mas agora eu realmente acredito que n\u00e3o devemos ter medo do que n\u00e3o conhecemos. Eu digo que n\u00e3o devemos ter medo de sonhar\u201d.<\/p><\/blockquote>\n<p style=\"text-align: justify;\">\u201cTodos n\u00f3s podemos ter um futuro juntos como irm\u00e3os e irm\u00e3s\u201d, confirma a outra jovem, \u201cporque somos todos irm\u00e3os e irm\u00e3s. Acredito que o caminho que todos percorremos \u00e9 o mesmo, porque Deus tem um prop\u00f3sito para cada um de n\u00f3s. Vejo a possibilidade de todos n\u00f3s vivermos em uma casa comum, como irm\u00e3os, compartilhando serenidade e felicidade, convivendo, todos juntos\u201d.<\/p>\n<p style=\"text-align: justify;\">Assista aqui:<\/p>\n<div class=\"ast-oembed-container\">\n<div>\n<div>\n<p><iframe loading=\"lazy\" title=\"\u201cRumo a um N\u00d3S cada vez maior\u201d: Sonhar como uma \u00fanica humanidade\" width=\"696\" height=\"392\" src=\"https:\/\/www.youtube.com\/embed\/IRvyhl35vDY?feature=oembed\" frameborder=\"0\" allow=\"accelerometer; autoplay; clipboard-write; encrypted-media; gyroscope; picture-in-picture\" allowfullscreen><\/iframe><\/p>\n<\/div>\n<\/div>\n<\/div>\n<p>Com informa\u00e7\u00f5es do\u00a0<a href=\"https:\/\/www.vaticannews.va\/pt\/vaticano\/news\/2021-09\/dia-migrante-refugiado-video-desenvolvimento-humano-integral.html\" target=\"_blank\" rel=\"noopener\">VaticanNews<\/a><\/p>\n","protected":false},"excerpt":{"rendered":"<p>Em vista do Dia Mundial do Migrante e do Refugiado 2021, que comemorado no domingo, 26 de setembro, a campanha do Dicast\u00e9rio para o Servi\u00e7o de Desenvolvimento Humano Integral do Vaticano continua com a divulga\u00e7\u00e3o cuja comunica\u00e7\u00e3o \u00e9 focada no tema escolhido por Francisco para o Dia Mundial do Migrante e do Refugiado:\u00a0Rumo a um [&hellip;]<\/p>\n","protected":false},"author":1,"featured_media":70262,"comment_status":"open","ping_status":"closed","sticky":false,"template":"","format":"standard","meta":{"footnotes":""},"categories":[7],"tags":[],"class_list":["post-70261","post","type-post","status-publish","format-standard","has-post-thumbnail","hentry","category-cnbb"],"_links":{"self":[{"href":"https:\/\/catolicanet.net\/wp-cnet\/wp-json\/wp\/v2\/posts\/70261","targetHints":{"allow":["GET"]}}],"collection":[{"href":"https:\/\/catolicanet.net\/wp-cnet\/wp-json\/wp\/v2\/posts"}],"about":[{"href":"https:\/\/catolicanet.net\/wp-cnet\/wp-json\/wp\/v2\/types\/post"}],"author":[{"embeddable":true,"href":"https:\/\/catolicanet.net\/wp-cnet\/wp-json\/wp\/v2\/users\/1"}],"replies":[{"embeddable":true,"href":"https:\/\/catolicanet.net\/wp-cnet\/wp-json\/wp\/v2\/comments?post=70261"}],"version-history":[{"count":1,"href":"https:\/\/catolicanet.net\/wp-cnet\/wp-json\/wp\/v2\/posts\/70261\/revisions"}],"predecessor-version":[{"id":70263,"href":"https:\/\/catolicanet.net\/wp-cnet\/wp-json\/wp\/v2\/posts\/70261\/revisions\/70263"}],"wp:featuredmedia":[{"embeddable":true,"href":"https:\/\/catolicanet.net\/wp-cnet\/wp-json\/wp\/v2\/media\/70262"}],"wp:attachment":[{"href":"https:\/\/catolicanet.net\/wp-cnet\/wp-json\/wp\/v2\/media?parent=70261"}],"wp:term":[{"taxonomy":"category","embeddable":true,"href":"https:\/\/catolicanet.net\/wp-cnet\/wp-json\/wp\/v2\/categories?post=70261"},{"taxonomy":"post_tag","embeddable":true,"href":"https:\/\/catolicanet.net\/wp-cnet\/wp-json\/wp\/v2\/tags?post=70261"}],"curies":[{"name":"wp","href":"https:\/\/api.w.org\/{rel}","templated":true}]}}