{"id":70245,"date":"2021-09-27T09:08:17","date_gmt":"2021-09-27T12:08:17","guid":{"rendered":"https:\/\/catolicanet.net\/wp-cnet\/?p=70245"},"modified":"2021-09-27T13:20:46","modified_gmt":"2021-09-27T16:20:46","slug":"francisco-vida-e-saude-sao-valores-fundamentais-para-todos","status":"publish","type":"post","link":"https:\/\/catolicanet.net\/wp-cnet\/francisco-vida-e-saude-sao-valores-fundamentais-para-todos\/","title":{"rendered":"Francisco: vida e sa\u00fade s\u00e3o valores fundamentais para todos"},"content":{"rendered":"<p>O Papa com os membros da Pontif\u00edcia Academia para a Vida<\/p>\n<div class=\"article__subTitle\" style=\"text-align: justify;\">Em seu discurso \u00e0 &#8220;Pontif\u00edcia Academia para a Vida precariedade das condi\u00e7\u00f5es de higiene e sanit\u00e1rias causa milh\u00f5es de mortes evit\u00e1veis no mundo todos os anos. Se compararmos esta realidade com a preocupa\u00e7\u00e3o que a pandemia da Covid-19 tem causado, vemos como a percep\u00e7\u00e3o da gravidade do problema e a correspondente mobiliza\u00e7\u00e3o de energia e recursos seja muito diferente&#8221;.<\/div>\n<div class=\"title__separator\" style=\"text-align: justify;\"><\/div>\n<div class=\"article__text \">\n<p style=\"text-align: justify;\"><b>Mariangela Jaguraba &#8211; Vatican News<\/b><\/p>\n<p style=\"text-align: justify;\">O Papa Francisco recebeu em audi\u00eancia, nesta segunda-feira (27\/09), na Sala Clementina, no Vaticano, os participantes da assembleia plen\u00e1ria da Pontif\u00edcia Academia para a Vida.<\/p>\n<div style=\"text-align: justify;\">\n<div class=\"article__embed article__embed--unwrap article__embed--dark\">\n<div class=\"article__innerTitle\">Ou\u00e7a e compartilhe<\/div>\n<div>\n<!--[if lt IE 9]><script>document.createElement('audio');<\/script><![endif]-->\n<audio class=\"wp-audio-shortcode\" id=\"audio-70245-1\" preload=\"none\" style=\"width: 100%;\" controls=\"controls\"><source type=\"audio\/mpeg\" src=\"https:\/\/media.vaticannews.va\/media\/audio\/s1\/2021\/09\/27\/12\/136196822_F136196822.mp3?_=1\" \/><a href=\"https:\/\/media.vaticannews.va\/media\/audio\/s1\/2021\/09\/27\/12\/136196822_F136196822.mp3\">https:\/\/media.vaticannews.va\/media\/audio\/s1\/2021\/09\/27\/12\/136196822_F136196822.mp3<\/a><\/audio>\n<\/div>\n<\/div>\n<\/div>\n<p style=\"text-align: justify;\">O tema da sa\u00fade p\u00fablica foi escolhido para estes tr\u00eas dias de trabalho. Um tema atual &#8220;no horizonte da globaliza\u00e7\u00e3o&#8221;, sublinhou o Papa, reiterando que &#8220;a crise pand\u00eamica fez ressoar ainda mais forte \u00abtanto o grito da terra quanto o grito dos pobres\u00bb&#8221;. &#8220;N\u00e3o podemos permanecer surdos a este duplo grito, devemos ouvi-lo bem! E \u00e9 isso que voc\u00eas se prop\u00f5em a fazer&#8221;, ressaltou.<\/p>\n<h2 style=\"text-align: justify;\">Reverter esta tend\u00eancia nociva<\/h2>\n<p style=\"text-align: justify;\"><i>Analisar as v\u00e1rias quest\u00f5es graves que emergiram nos \u00faltimos dois anos n\u00e3o \u00e9 uma tarefa f\u00e1cil. De um lado, estamos esgotados pela pandemia da Covid-19 e pela infla\u00e7\u00e3o de discursos gerada: quase n\u00e3o queremos mais ouvir falar disso e estamos com pressa de passar para outros assuntos. Mas, por outro lado, \u00e9 essencial refletir com calma a fim de examinar em profundidade o que aconteceu e ver o caminho para um futuro melhor para todos. Na verdade, &#8220;pior do que esta crise h\u00e1 apenas o drama de desperdi\u00e7\u00e1-la&#8221;.<\/i><\/p>\n<p style=\"text-align: justify;\">O Papa recordou que a reflex\u00e3o que a Pontif\u00edcia Academia para a Vida vem fazendo nos \u00faltimos anos sobre &#8220;a\u00a0<i>bio\u00e9tica global\u00a0<\/i>est\u00e1 se revelando preciosa&#8221;. Segundo o Pont\u00edfice, &#8220;o horizonte da sa\u00fade p\u00fablica nos permite focalizar aspectos importantes para a conviv\u00eancia da fam\u00edlia humana e para o fortalecimento de um tecido de amizade social&#8221;, temas centrais na Enc\u00edclica\u00a0<i>Fratelli tutti<\/i>.<\/p>\n<p style=\"text-align: justify;\">Segundo o Papa, a crise causada pela pandemia &#8220;destacou qu\u00e3o profunda \u00e9 a interdepend\u00eancia entre n\u00f3s e entre a fam\u00edlia humana e a Casa comum. As nossas sociedades, especialmente no Ocidente, tiveram a tend\u00eancia de esquecer esta interconex\u00e3o. E as consequ\u00eancias amargas est\u00e3o diante de nossos olhos&#8221;.\u00a0<b>De acordo com Francisco, &#8220;\u00e9 urgente reverter esta tend\u00eancia nociva, e isso \u00e9 poss\u00edvel por meio da sinergia entre as diferentes disciplinas.\u00a0<\/b>S\u00e3o necess\u00e1rios conhecimentos de biologia e higiene, de medicina e epidemiologia, mas tamb\u00e9m de economia e sociologia, antropologia e ecologia. Al\u00e9m de compreender os fen\u00f4menos, trata-se tamb\u00e9m de identificar crit\u00e9rios de a\u00e7\u00e3o tecnol\u00f3gicos, pol\u00edticos e \u00e9ticos em rela\u00e7\u00e3o aos sistemas de sa\u00fade, fam\u00edlia, trabalho e meio ambiente&#8221;.<\/p>\n<h2 style=\"text-align: justify;\">\u00a0Falta de comprometimento adequado<\/h2>\n<p style=\"text-align: justify;\"><i>Essa abordagem \u00e9 particularmente importante no campo da sa\u00fade, porque sa\u00fade e doen\u00e7a s\u00e3o determinadas n\u00e3o apenas pelos processos da natureza, mas tamb\u00e9m pela vida social. Al\u00e9m disso, n\u00e3o basta que um problema seja grave para atrair a aten\u00e7\u00e3o e ser enfrentado: muitos problemas graves s\u00e3o ignorados por falta de comprometimento adequado. Pensemos no impacto devastador de certas doen\u00e7as como a mal\u00e1ria e a tuberculose: a precariedade das condi\u00e7\u00f5es de higiene e sanit\u00e1rias causa milh\u00f5es de mortes evit\u00e1veis \u200b\u200bno mundo todos os anos. Se compararmos esta realidade com a preocupa\u00e7\u00e3o que a pandemia da Covid-19 tem causado, vemos como a percep\u00e7\u00e3o da gravidade do problema e a correspondente mobiliza\u00e7\u00e3o de energia e recursos seja muito diferente.<\/i><\/p>\n<p style=\"text-align: justify;\">O Papa disse ainda que &#8220;faremos bem em tomar todas as medidas para conter e vencer a Covid-19 no \u00e2mbito global, mas esta conjuntura hist\u00f3rica em que estamos fortemente amea\u00e7ados em nossa sa\u00fade deve nos deixar atentos ao que significa ser vulner\u00e1vel e viver cotidianamente na precariedade. Assim poderemos tamb\u00e9m nos responsabilizar pelas graves condi\u00e7\u00f5es em que vivem outras pessoas e nas quais at\u00e9 agora temos pouco ou nenhum interesse&#8221;.<\/p>\n<p style=\"text-align: justify;\"><i>Aprenderemos assim a n\u00e3o projetar nossas prioridades nas popula\u00e7\u00f5es que vivem em outros continentes, onde outras necessidades s\u00e3o mais urgentes, por exemplo, n\u00e3o faltam apenas vacinas, mas \u00e1gua pot\u00e1vel e o p\u00e3o de cada dia. O compromisso com uma distribui\u00e7\u00e3o justa e universal de vacinas \u00e9, portanto, bem-vindo, mas deve levar em conta o campo mais amplo no qual os mesmos crit\u00e9rios de justi\u00e7a s\u00e3o exigidos para as necessidades de sa\u00fade e promo\u00e7\u00e3o da vida.<\/i><\/p>\n<h2 style=\"text-align: justify;\">Apoiar iniciativas internacionais<\/h2>\n<p style=\"text-align: justify;\">Segundo Francisco, &#8220;considerar a sa\u00fade em suas m\u00faltiplas dimens\u00f5es e em n\u00edvel global ajuda a compreender e assumir com responsabilidade a interconex\u00e3o dos fen\u00f4menos, a observar melhor como as condi\u00e7\u00f5es de vida, que s\u00e3o o fruto de escolhas pol\u00edticas, sociais e ambientais, tamb\u00e9m t\u00eam um impacto sobre a sa\u00fade dos seres humanos. Se examinarmos a expectativa de vida &#8211; e vida saud\u00e1vel &#8211; em diferentes pa\u00edses e em diferentes grupos sociais, descobrimos grandes desigualdades. Elas dependem de vari\u00e1veis tais como n\u00edvel salarial, qualifica\u00e7\u00e3o educacional, bairro de resid\u00eancia, mesmo na mesma cidade.\u00a0<b>Afirmamos que a vida e a sa\u00fade s\u00e3o valores igualmente fundamentais para todos, baseados na dignidade inalien\u00e1vel da pessoa humana.\u00a0<\/b>No entanto, se esta afirma\u00e7\u00e3o n\u00e3o for seguida de um compromisso adequado para superar as desigualdades, de fato aceitamos a dolorosa realidade de que nem todas as vidas s\u00e3o iguais e a sa\u00fade n\u00e3o \u00e9 protegida para todos da mesma forma&#8221;.<\/p>\n<p style=\"text-align: justify;\"><i>Portanto, devemos apoiar iniciativas internacionais &#8211; penso, por exemplo, nas recentemente promovidas pelo G20 &#8211; destinadas a criar uma governan\u00e7a global para a sa\u00fade de todos os habitantes do planeta, ou seja, um conjunto de regras claras e voltadas para o \u00e2mbito internacional que respeitem a dignidade humana. De fato, o risco de novas pandemias continuar\u00e1 sendo uma amea\u00e7a no futuro.<\/i><\/p>\n<h2 style=\"text-align: justify;\">Colabora\u00e7\u00e3o na realiza\u00e7\u00e3o de um projeto comum<\/h2>\n<p style=\"text-align: justify;\">Segundo o Pont\u00edfice, &#8220;a Pontif\u00edcia Academia para a Vida tamb\u00e9m pode oferecer uma contribui\u00e7\u00e3o preciosa neste sentido, sentindo-se companheira de viagem de outras organiza\u00e7\u00f5es internacionais engajadas neste mesmo prop\u00f3sito&#8221;.<\/p>\n<p style=\"text-align: justify;\">O Papa agradeceu o compromisso e a contribui\u00e7\u00e3o que a Academia deu ao participar ativamente na Comiss\u00e3o Covid do Vaticano. &#8220;\u00c9 bom ver a colabora\u00e7\u00e3o o que existe dentro da C\u00faria Romana na realiza\u00e7\u00e3o de um projeto comum. Devemos desenvolver cada vez mais estes processos realizados em conjunto, nos quais sei que muitos de voc\u00eas participaram, solicitando a uma maior aten\u00e7\u00e3o \u00e0s pessoas mais vulner\u00e1veis, como os idosos, os deficientes e os jovens&#8221;, concluiu Francisco, confiando a Maria os trabalhos dessa Assembleia e todas as atividades da Academia para a defesa e promo\u00e7\u00e3o da vida.<\/p>\n<\/div>\n","protected":false},"excerpt":{"rendered":"<p>O Papa com os membros da Pontif\u00edcia Academia para a Vida Em seu discurso \u00e0 &#8220;Pontif\u00edcia Academia para a Vida precariedade das condi\u00e7\u00f5es de higiene e sanit\u00e1rias causa milh\u00f5es de mortes evit\u00e1veis no mundo todos os anos. Se compararmos esta realidade com a preocupa\u00e7\u00e3o que a pandemia da Covid-19 tem causado, vemos como a percep\u00e7\u00e3o [&hellip;]<\/p>\n","protected":false},"author":1,"featured_media":70247,"comment_status":"open","ping_status":"closed","sticky":false,"template":"","format":"standard","meta":{"footnotes":""},"categories":[3],"tags":[],"class_list":["post-70245","post","type-post","status-publish","format-standard","has-post-thumbnail","hentry","category-vaticano"],"_links":{"self":[{"href":"https:\/\/catolicanet.net\/wp-cnet\/wp-json\/wp\/v2\/posts\/70245","targetHints":{"allow":["GET"]}}],"collection":[{"href":"https:\/\/catolicanet.net\/wp-cnet\/wp-json\/wp\/v2\/posts"}],"about":[{"href":"https:\/\/catolicanet.net\/wp-cnet\/wp-json\/wp\/v2\/types\/post"}],"author":[{"embeddable":true,"href":"https:\/\/catolicanet.net\/wp-cnet\/wp-json\/wp\/v2\/users\/1"}],"replies":[{"embeddable":true,"href":"https:\/\/catolicanet.net\/wp-cnet\/wp-json\/wp\/v2\/comments?post=70245"}],"version-history":[{"count":2,"href":"https:\/\/catolicanet.net\/wp-cnet\/wp-json\/wp\/v2\/posts\/70245\/revisions"}],"predecessor-version":[{"id":70248,"href":"https:\/\/catolicanet.net\/wp-cnet\/wp-json\/wp\/v2\/posts\/70245\/revisions\/70248"}],"wp:featuredmedia":[{"embeddable":true,"href":"https:\/\/catolicanet.net\/wp-cnet\/wp-json\/wp\/v2\/media\/70247"}],"wp:attachment":[{"href":"https:\/\/catolicanet.net\/wp-cnet\/wp-json\/wp\/v2\/media?parent=70245"}],"wp:term":[{"taxonomy":"category","embeddable":true,"href":"https:\/\/catolicanet.net\/wp-cnet\/wp-json\/wp\/v2\/categories?post=70245"},{"taxonomy":"post_tag","embeddable":true,"href":"https:\/\/catolicanet.net\/wp-cnet\/wp-json\/wp\/v2\/tags?post=70245"}],"curies":[{"name":"wp","href":"https:\/\/api.w.org\/{rel}","templated":true}]}}