{"id":70227,"date":"2021-09-24T09:24:59","date_gmt":"2021-09-24T12:24:59","guid":{"rendered":"https:\/\/catolicanet.net\/wp-cnet\/?p=70227"},"modified":"2021-09-24T17:26:04","modified_gmt":"2021-09-24T20:26:04","slug":"5-itens-para-celebrar-o-dia-de-festa-do-seu-filho","status":"publish","type":"post","link":"https:\/\/catolicanet.net\/wp-cnet\/5-itens-para-celebrar-o-dia-de-festa-do-seu-filho\/","title":{"rendered":"5 itens para celebrar o dia de festa do seu filho"},"content":{"rendered":"<h2 class=\"subtitle\" style=\"text-align: justify;\">Celebrar o santo padroeiro de uma crian\u00e7a \u00e9 uma maneira muito doce e especial de viver liturgicamente em fam\u00edlia<\/h2>\n<p style=\"text-align: justify;\">Avida lit\u00fargica j\u00e1 foi a norma para os cat\u00f3licos no passado. E agora est\u00e1 voltando nos \u00faltimos anos, \u00e0 medida que os cat\u00f3licos de todo o mundo redescobrem o belo ritmo de vida de acordo com o ano da Igreja.<\/p>\n<p style=\"text-align: justify;\">Um marco da vida lit\u00fargica \u00e9 celebrar os \u201cdias de festa\u201d,\u00a0ou seja, as datas do calend\u00e1rio dedicadas a homenagear diferentes santos. Quando algu\u00e9m come\u00e7a a viver liturgicamente,\u00a0celebrar\u00a0um dia especial de festa geralmente \u00e9 o primeiro passo!<\/p>\n<div style=\"text-align: justify;\"><\/div>\n<p style=\"text-align: justify;\">Celebrar o santo padroeiro de uma crian\u00e7a \u00e9 uma maneira muito doce e especial de viver liturgicamente com os filhos.\u00a0Esta celebra\u00e7\u00e3o anual ajuda a crian\u00e7a a sentir uma conex\u00e3o com seu amigo(a) celestial. Tamb\u00e9m \u00e9 um testemunho alegre de que praticar nossa f\u00e9 pode ser muito divertido!<\/p>\n<figure class=\"wp-block-image\" style=\"text-align: justify;\"><img decoding=\"async\" class=\"wp-image-554879\" src=\"https:\/\/wp.en.aleteia.org\/wp-content\/uploads\/sites\/2\/2020\/09\/WEB3-Portait-of-cheerful-happy-girl-kid-playing-with-her-mother-outdoor-on-sunset.-Portrait-of-woman-and-her-cute-child-laughing-in-the-park-outse.-shutterstock_1116807767.jpg?w=720\" alt=\"M\u00c3E E FILHA,\" \/><\/figure>\n<p style=\"text-align: justify;\">Esses 5 itens ser\u00e3o \u00fateis para voc\u00ea celebrar a festa de um santo com sua fam\u00edlia.\u00a0Mas n\u00e3o se esque\u00e7a de que, em \u00faltima an\u00e1lise, cada fam\u00edlia comemora o dia \u00e0 sua maneira, e isso faz parte do que torna essas festas t\u00e3o bonitas!<\/p>\n<h3 id=\"h-1-um-livro-sobre-o-santo-padroeiro\" style=\"text-align: justify;\"><strong>1. UM LIVRO SOBRE O SANTO PADROEIRO<\/strong><\/h3>\n<p style=\"text-align: justify;\">O primeiro passo \u00e9 ajudar seu filho(a) a conhecer esse amigo celestial especial. Ler uma hist\u00f3ria sobre o santo \u00e9 uma tradi\u00e7\u00e3o maravilhosa de festa.<\/p>\n<div id=\"aleteia-welcome\" style=\"text-align: justify;\"><\/div>\n<div class=\"nativo-inread\" style=\"text-align: justify;\"><\/div>\n<p style=\"text-align: justify;\">Os pequenos desfrutar\u00e3o de um livro ilustrado, enquanto uma crian\u00e7a mais velha pode mergulhar em um livro de cap\u00edtulos mais longo sobre seu santo padroeiro.\u00a0Na minha fam\u00edlia, pedimos \u00e0 crian\u00e7a que compartilhe algo sobre seu santo com o resto de n\u00f3s no dia da festividade.<\/p>\n<h3 id=\"h-2-prato-festivo\" style=\"text-align: justify;\"><strong>2. PRATO FESTIVO<\/strong><\/h3>\n<p style=\"text-align: justify;\">Este deve ser um dos produtos mais bacanas do mercado cat\u00f3lico: a\u00a0<em>Pio Prints<\/em>\u00a0fez um\u00a0<a href=\"https:\/\/pioprints.com\/products\/feast-day-plate\" target=\"_blank\" rel=\"noreferrer noopener\">prato de dia de festa\u00a0<\/a>que \u00e9 t\u00e3o ador\u00e1vel quanto significativo! Tem imagens especiais com significado religioso ao redor das bordas, e no meio est\u00e1 esta ora\u00e7\u00e3o:<\/p>\n<div style=\"text-align: justify;\">\n<div id=\"article-desk-content-p6-ad_2021_09_24_5-itens-para-celebrar-o-dia-de-festa-do-seu-filho\" class=\"css-y9mcup\" data-google-query-id=\"CKjtpcW4mPMCFdmGlQIdrqMJQQ\">\n<div id=\"google_ads_iframe_64500793\/PT_DESK_ARTICLE_WELCOME_1X1_2__container__\"><\/div>\n<\/div>\n<\/div>\n<blockquote class=\"wp-block-quote\"><p>\u201cHoje \u00e9 o seu dia de festa. \u00d3 Padroeiro Celestial, em cujo nome eu glorifico, rogai a Deus por mim. Por sua intercess\u00e3o, possa Ele fortalecer a minha f\u00e9, encher-me de alegria e conceder-me paz em todas as coisas. Ajudai-me um dia a me unir a ti nos C\u00e9us. Am\u00e9m\u201d<\/p><\/blockquote>\n<figure class=\"wp-block-image\" style=\"text-align: justify;\"><img decoding=\"async\" class=\"wp-image-632605\" src=\"https:\/\/wp.en.aleteia.org\/wp-content\/uploads\/sites\/2\/2021\/09\/WEB3-FEAST-DAY-PLATE.jpg?w=720\" alt=\"PLACA DE DIA DE FESTA\" \/><\/figure>\n<h3 id=\"h-3-uma-imagem-do-santo-padroeiro\" style=\"text-align: justify;\"><strong>3. UMA IMAGEM DO SANTO PADROEIRO<\/strong><\/h3>\n<p style=\"text-align: justify;\">\u00c9 bom ter uma imagem do santo padroeiro do seu filho para as festividades. Ele ou ela faz parte da nossa fam\u00edlia como crist\u00e3os, ent\u00e3o n\u00e3o \u00e9 diferente de ter uma foto de qualquer membro da fam\u00edlia.<\/p>\n<p style=\"text-align: justify;\">A imagem do santo pode ser um ponto focal para a ora\u00e7\u00e3o neste dia especial. Um \u00edcone ou pintura pode ser colocado em destaque, mas mesmo um pequeno cart\u00e3o de ora\u00e7\u00e3o tamb\u00e9m funciona!<\/p>\n<h3 id=\"h-4-uma-receita-ou-guloseimas-especiais\" style=\"text-align: justify;\"><strong>4. UMA RECEITA OU GULOSEIMAS ESPECIAIS<\/strong><\/h3>\n<p style=\"text-align: justify;\">O dia de festa de um santo \u00e9 a ocasi\u00e3o perfeita para cozinhar uma receita especial. Voc\u00ea pode escolher algo que o santo padroeiro era conhecido por desfrutar ou uma receita de seu pa\u00eds de origem.<\/p>\n<p style=\"text-align: justify;\">Na minha fam\u00edlia, deixamos a crian\u00e7a escolher sua refei\u00e7\u00e3o favorita para o jantar e sempre inclu\u00edmos um doce para a sobremesa. Afinal, \u00e9 um dia de festa!<\/p>\n<figure class=\"wp-block-image\" style=\"text-align: justify;\"><img decoding=\"async\" class=\"wp-image-267457\" src=\"https:\/\/wp.en.aleteia.org\/wp-content\/uploads\/sites\/2\/2018\/01\/web3-child-family-mother-father-dinner-table-chair-shutterstock.jpg?w=720\" alt=\"Jantar em Fam\u00edlia\" \/><\/figure>\n<h3 id=\"h-5-velas-de-anivers-rio\" style=\"text-align: justify;\"><strong>5. VELAS DE ANIVERS\u00c1RIO<\/strong><\/h3>\n<p style=\"text-align: justify;\">N\u00e3o se esque\u00e7a das velas para cantar o Parab\u00e9ns!<\/p>\n<p style=\"text-align: justify;\">Pode-se tamb\u00e9m cantar alguma m\u00fasica da missa que voc\u00eas gostem.<\/p>\n","protected":false},"excerpt":{"rendered":"<p>Celebrar o santo padroeiro de uma crian\u00e7a \u00e9 uma maneira muito doce e especial de viver liturgicamente em fam\u00edlia Avida lit\u00fargica j\u00e1 foi a norma para os cat\u00f3licos no passado. E agora est\u00e1 voltando nos \u00faltimos anos, \u00e0 medida que os cat\u00f3licos de todo o mundo redescobrem o belo ritmo de vida de acordo com [&hellip;]<\/p>\n","protected":false},"author":1,"featured_media":70228,"comment_status":"open","ping_status":"closed","sticky":false,"template":"","format":"standard","meta":{"footnotes":""},"categories":[4],"tags":[],"class_list":["post-70227","post","type-post","status-publish","format-standard","has-post-thumbnail","hentry","category-cotidiano"],"_links":{"self":[{"href":"https:\/\/catolicanet.net\/wp-cnet\/wp-json\/wp\/v2\/posts\/70227","targetHints":{"allow":["GET"]}}],"collection":[{"href":"https:\/\/catolicanet.net\/wp-cnet\/wp-json\/wp\/v2\/posts"}],"about":[{"href":"https:\/\/catolicanet.net\/wp-cnet\/wp-json\/wp\/v2\/types\/post"}],"author":[{"embeddable":true,"href":"https:\/\/catolicanet.net\/wp-cnet\/wp-json\/wp\/v2\/users\/1"}],"replies":[{"embeddable":true,"href":"https:\/\/catolicanet.net\/wp-cnet\/wp-json\/wp\/v2\/comments?post=70227"}],"version-history":[{"count":1,"href":"https:\/\/catolicanet.net\/wp-cnet\/wp-json\/wp\/v2\/posts\/70227\/revisions"}],"predecessor-version":[{"id":70229,"href":"https:\/\/catolicanet.net\/wp-cnet\/wp-json\/wp\/v2\/posts\/70227\/revisions\/70229"}],"wp:featuredmedia":[{"embeddable":true,"href":"https:\/\/catolicanet.net\/wp-cnet\/wp-json\/wp\/v2\/media\/70228"}],"wp:attachment":[{"href":"https:\/\/catolicanet.net\/wp-cnet\/wp-json\/wp\/v2\/media?parent=70227"}],"wp:term":[{"taxonomy":"category","embeddable":true,"href":"https:\/\/catolicanet.net\/wp-cnet\/wp-json\/wp\/v2\/categories?post=70227"},{"taxonomy":"post_tag","embeddable":true,"href":"https:\/\/catolicanet.net\/wp-cnet\/wp-json\/wp\/v2\/tags?post=70227"}],"curies":[{"name":"wp","href":"https:\/\/api.w.org\/{rel}","templated":true}]}}