{"id":70221,"date":"2021-09-24T09:16:57","date_gmt":"2021-09-24T12:16:57","guid":{"rendered":"https:\/\/catolicanet.net\/wp-cnet\/?p=70221"},"modified":"2021-09-24T17:18:18","modified_gmt":"2021-09-24T20:18:18","slug":"oracao-a-nossa-senhora-das-merces-rainha-e-mae-de-misericordia","status":"publish","type":"post","link":"https:\/\/catolicanet.net\/wp-cnet\/oracao-a-nossa-senhora-das-merces-rainha-e-mae-de-misericordia\/","title":{"rendered":"Ora\u00e7\u00e3o a Nossa Senhora das Merc\u00eas, Rainha e M\u00e3e de miseric\u00f3rdia"},"content":{"rendered":"<h2 class=\"subtitle\" style=\"text-align: justify;\">Em especial para quem est\u00e1 lutando para se livrar das &#8220;cadeias e opress\u00f5es do nosso mundo&#8221;<\/h2>\n<p style=\"text-align: justify;\">Compartilhamos esta ora\u00e7\u00e3o a Nossa Senhora das Merc\u00eas, Rainha e M\u00e3e de miseric\u00f3rdia, tal como publicada por monsenhor Andr\u00e9 Sampaio em sua\u00a0<a href=\"https:\/\/www.facebook.com\/Andre.Sampaio.Oliveira\/posts\/10225651942786560\" target=\"_blank\" rel=\"noreferrer noopener\">rede social<\/a>. Monsenhor Andr\u00e9 \u00e9 professor de Direito Can\u00f4nico Oriental.<\/p>\n<blockquote class=\"wp-block-quote\"><p>M\u00e3e querida das Merc\u00eas,<br \/>\ncom a simples confian\u00e7a de filhos,<br \/>\nrecorremos a Ti.<br \/>\nVimos aos Teus p\u00e9s<br \/>\nde Rainha e M\u00e3e de miseric\u00f3rdia suplicando o Teu poderoso aux\u00edlio.<\/p>\n<p>O nosso mundo vive aprisionado<br \/>\nem tantas formas de escravid\u00e3o e opress\u00e3o.<br \/>\nNosso tempo n\u00e3o \u00e9 menos atribulado<br \/>\nque aquele em que Tu, compadecida da Terra,<br \/>\ninspiraste a funda\u00e7\u00e3o de uma ordem religiosa<br \/>\ndestinada \u00e0 reden\u00e7\u00e3o dos cativos crist\u00e3os.<br \/>\nNovas formas de escravid\u00e3o social,<br \/>\npol\u00edtica ou psicol\u00f3gica, que derivam,<br \/>\nem \u00faltima inst\u00e2ncia, da corrup\u00e7\u00e3o do pecado,<br \/>\nsurgem a cada dia.<\/p>\n<p>Aqui nos tens, \u00f3 M\u00e3e das Merc\u00eas,<br \/>\nlutando para livrar-nos<br \/>\nde tantas cadeias e opress\u00f5es do nosso mundo.<br \/>\nAjuda-nos com a Tua miseric\u00f3rdia<br \/>\npara que possamos recuperar a feliz liberdade<br \/>\ndos filhos de Deus.<\/p>\n<p>Am\u00e9m.<\/p><\/blockquote>\n","protected":false},"excerpt":{"rendered":"<p>Em especial para quem est\u00e1 lutando para se livrar das &#8220;cadeias e opress\u00f5es do nosso mundo&#8221; Compartilhamos esta ora\u00e7\u00e3o a Nossa Senhora das Merc\u00eas, Rainha e M\u00e3e de miseric\u00f3rdia, tal como publicada por monsenhor Andr\u00e9 Sampaio em sua\u00a0rede social. Monsenhor Andr\u00e9 \u00e9 professor de Direito Can\u00f4nico Oriental. M\u00e3e querida das Merc\u00eas, com a simples confian\u00e7a [&hellip;]<\/p>\n","protected":false},"author":1,"featured_media":70222,"comment_status":"open","ping_status":"closed","sticky":false,"template":"","format":"standard","meta":{"footnotes":""},"categories":[4,13],"tags":[],"class_list":["post-70221","post","type-post","status-publish","format-standard","has-post-thumbnail","hentry","category-cotidiano","category-featured"],"_links":{"self":[{"href":"https:\/\/catolicanet.net\/wp-cnet\/wp-json\/wp\/v2\/posts\/70221","targetHints":{"allow":["GET"]}}],"collection":[{"href":"https:\/\/catolicanet.net\/wp-cnet\/wp-json\/wp\/v2\/posts"}],"about":[{"href":"https:\/\/catolicanet.net\/wp-cnet\/wp-json\/wp\/v2\/types\/post"}],"author":[{"embeddable":true,"href":"https:\/\/catolicanet.net\/wp-cnet\/wp-json\/wp\/v2\/users\/1"}],"replies":[{"embeddable":true,"href":"https:\/\/catolicanet.net\/wp-cnet\/wp-json\/wp\/v2\/comments?post=70221"}],"version-history":[{"count":1,"href":"https:\/\/catolicanet.net\/wp-cnet\/wp-json\/wp\/v2\/posts\/70221\/revisions"}],"predecessor-version":[{"id":70223,"href":"https:\/\/catolicanet.net\/wp-cnet\/wp-json\/wp\/v2\/posts\/70221\/revisions\/70223"}],"wp:featuredmedia":[{"embeddable":true,"href":"https:\/\/catolicanet.net\/wp-cnet\/wp-json\/wp\/v2\/media\/70222"}],"wp:attachment":[{"href":"https:\/\/catolicanet.net\/wp-cnet\/wp-json\/wp\/v2\/media?parent=70221"}],"wp:term":[{"taxonomy":"category","embeddable":true,"href":"https:\/\/catolicanet.net\/wp-cnet\/wp-json\/wp\/v2\/categories?post=70221"},{"taxonomy":"post_tag","embeddable":true,"href":"https:\/\/catolicanet.net\/wp-cnet\/wp-json\/wp\/v2\/tags?post=70221"}],"curies":[{"name":"wp","href":"https:\/\/api.w.org\/{rel}","templated":true}]}}