{"id":70202,"date":"2021-09-24T09:25:57","date_gmt":"2021-09-24T12:25:57","guid":{"rendered":"https:\/\/catolicanet.net\/wp-cnet\/?p=70202"},"modified":"2021-09-24T16:34:47","modified_gmt":"2021-09-24T19:34:47","slug":"rumo-a-um-nos-cada-vez-maior-o-sonho-de-uma-unica-humanidade","status":"publish","type":"post","link":"https:\/\/catolicanet.net\/wp-cnet\/rumo-a-um-nos-cada-vez-maior-o-sonho-de-uma-unica-humanidade\/","title":{"rendered":"Rumo a um \u201cn\u00f3s\u201d cada vez maior: o sonho de uma \u00fanica humanidade"},"content":{"rendered":"<div class=\"article__subTitle\" style=\"text-align: justify;\">Em vista do Dia Mundial do Migrante e do Refugiado 2021, que ser\u00e1 comemorado no domingo, 26 de setembro, a campanha do Dicast\u00e9rio para o Servi\u00e7o de Desenvolvimento Humano Integral continua<\/div>\n<div class=\"title__separator\" style=\"text-align: justify;\"><\/div>\n<div class=\"article__text \">\n<p style=\"text-align: justify;\"><b>Vatican News<\/b><\/p>\n<p><iframe loading=\"lazy\" title=\"\u201cRumo a um N\u00d3S cada vez maior\u201d: Sonhar como uma \u00fanica humanidade\" width=\"696\" height=\"392\" src=\"https:\/\/www.youtube.com\/embed\/IRvyhl35vDY?feature=oembed\" frameborder=\"0\" allow=\"accelerometer; autoplay; clipboard-write; encrypted-media; gyroscope; picture-in-picture\" allowfullscreen><\/iframe><\/p>\n<p style=\"text-align: justify;\">&#8220;Somos chamados a sonhar juntos, sem medo de sonhar, a sonhar juntos como uma \u00fanica humanidade, como companheiros na mesma viagem, como filhos e filhas desta mesma terra que \u00e9 a nossa Casa Comum, todos irm\u00e3s e irm\u00e3os&#8221;. S\u00e3o palavras do Papa no novo v\u00eddeo do Dicast\u00e9rio para o Servi\u00e7o do Desenvolvimento Humano Integral, que h\u00e1 meses vem promovendo uma campanha de comunica\u00e7\u00e3o focada no tema escolhido por Francisco para o Dia Mundial do Migrante e do Refugiado:\u00a0<i>Rumo a um &#8220;n\u00f3s&#8221; cada vez maior<\/i>.<\/p>\n<div style=\"text-align: justify;\">\n<div class=\"article__embed article__embed--unwrap article__embed--dark\">\n<div class=\"article__innerTitle\">Ou\u00e7a e compartilhe!<\/div>\n<div>\n<!--[if lt IE 9]><script>document.createElement('audio');<\/script><![endif]-->\n<audio class=\"wp-audio-shortcode\" id=\"audio-70202-1\" preload=\"none\" style=\"width: 100%;\" controls=\"controls\"><source type=\"audio\/mpeg\" src=\"https:\/\/media.vaticannews.va\/media\/audio\/s1\/2021\/09\/24\/14\/136193639_F136193639.mp3?_=1\" \/><a href=\"https:\/\/media.vaticannews.va\/media\/audio\/s1\/2021\/09\/24\/14\/136193639_F136193639.mp3\">https:\/\/media.vaticannews.va\/media\/audio\/s1\/2021\/09\/24\/14\/136193639_F136193639.mp3<\/a><\/audio>\n<\/div>\n<\/div>\n<\/div>\n<p style=\"text-align: justify;\">Em vista da celebra\u00e7\u00e3o do\u00a0<a href=\"https:\/\/migrants-refugees.va\/pt\/recursos\/dia-mundial-do-migrante-e-do-refugiado-2021\/\" target=\"_blank\" rel=\"external noopener\">Dia do Migrante e do Refugiado no domingo 26 de setembro<\/a>, apresentamos os testemunhos de duas jovens que deixaram a Venezuela para a Col\u00f4mbia com uma mala cheia de incertezas, mas tamb\u00e9m de sonhos. Ambas est\u00e3o participando de um curso de costura que lhes deu a coragem de recome\u00e7ar.<\/p>\n<p style=\"text-align: justify;\">&#8220;N\u00f3s migrantes&#8221;, afirma uma delas, &#8220;temos sempre um pouco de medo de enfrentar o desconhecido, porque \u00e9 algo que nunca vimos antes e temos um pouco de temor de como o faremos. Mas agora eu realmente acredito que n\u00e3o devemos ter medo do que n\u00e3o conhecemos. Eu digo que n\u00e3o devemos ter medo de sonhar\u201d.<\/p>\n<p style=\"text-align: justify;\">&#8220;Todos n\u00f3s podemos ter um futuro juntos como irm\u00e3os e irm\u00e3s&#8221;, confirma a outra jovem, &#8220;porque somos todos irm\u00e3os e irm\u00e3s. Acredito que o caminho que todos percorremos \u00e9 o mesmo, porque Deus tem um prop\u00f3sito para cada um de n\u00f3s. Vejo a possibilidade de todos n\u00f3s vivermos em uma casa comum, como irm\u00e3os, compartilhando serenidade e felicidade, convivendo, todos juntos&#8221;.<\/p>\n<\/div>\n","protected":false},"excerpt":{"rendered":"<p>Em vista do Dia Mundial do Migrante e do Refugiado 2021, que ser\u00e1 comemorado no domingo, 26 de setembro, a campanha do Dicast\u00e9rio para o Servi\u00e7o de Desenvolvimento Humano Integral continua Vatican News &#8220;Somos chamados a sonhar juntos, sem medo de sonhar, a sonhar juntos como uma \u00fanica humanidade, como companheiros na mesma viagem, como [&hellip;]<\/p>\n","protected":false},"author":1,"featured_media":70203,"comment_status":"open","ping_status":"closed","sticky":false,"template":"","format":"standard","meta":{"footnotes":""},"categories":[3],"tags":[],"class_list":["post-70202","post","type-post","status-publish","format-standard","has-post-thumbnail","hentry","category-vaticano"],"_links":{"self":[{"href":"https:\/\/catolicanet.net\/wp-cnet\/wp-json\/wp\/v2\/posts\/70202","targetHints":{"allow":["GET"]}}],"collection":[{"href":"https:\/\/catolicanet.net\/wp-cnet\/wp-json\/wp\/v2\/posts"}],"about":[{"href":"https:\/\/catolicanet.net\/wp-cnet\/wp-json\/wp\/v2\/types\/post"}],"author":[{"embeddable":true,"href":"https:\/\/catolicanet.net\/wp-cnet\/wp-json\/wp\/v2\/users\/1"}],"replies":[{"embeddable":true,"href":"https:\/\/catolicanet.net\/wp-cnet\/wp-json\/wp\/v2\/comments?post=70202"}],"version-history":[{"count":1,"href":"https:\/\/catolicanet.net\/wp-cnet\/wp-json\/wp\/v2\/posts\/70202\/revisions"}],"predecessor-version":[{"id":70204,"href":"https:\/\/catolicanet.net\/wp-cnet\/wp-json\/wp\/v2\/posts\/70202\/revisions\/70204"}],"wp:featuredmedia":[{"embeddable":true,"href":"https:\/\/catolicanet.net\/wp-cnet\/wp-json\/wp\/v2\/media\/70203"}],"wp:attachment":[{"href":"https:\/\/catolicanet.net\/wp-cnet\/wp-json\/wp\/v2\/media?parent=70202"}],"wp:term":[{"taxonomy":"category","embeddable":true,"href":"https:\/\/catolicanet.net\/wp-cnet\/wp-json\/wp\/v2\/categories?post=70202"},{"taxonomy":"post_tag","embeddable":true,"href":"https:\/\/catolicanet.net\/wp-cnet\/wp-json\/wp\/v2\/tags?post=70202"}],"curies":[{"name":"wp","href":"https:\/\/api.w.org\/{rel}","templated":true}]}}