{"id":70183,"date":"2021-09-23T09:13:32","date_gmt":"2021-09-23T12:13:32","guid":{"rendered":"https:\/\/catolicanet.net\/wp-cnet\/?p=70183"},"modified":"2021-09-23T12:14:42","modified_gmt":"2021-09-23T15:14:42","slug":"paciencia-jesus-esperou-30-anos-e-nos-queremos-tudo-em-30-segundos","status":"publish","type":"post","link":"https:\/\/catolicanet.net\/wp-cnet\/paciencia-jesus-esperou-30-anos-e-nos-queremos-tudo-em-30-segundos\/","title":{"rendered":"Paci\u00eancia: Jesus esperou 30 anos e n\u00f3s queremos tudo em 30 segundos"},"content":{"rendered":"<h2 class=\"subtitle\" style=\"text-align: justify;\">Pe. Gabriel: &#8220;Fomos acostumados a ver as coisas acontecendo na hora que determinamos. Como esperar a hora de Deus?&#8221;<\/h2>\n<p style=\"text-align: justify;\">Em sua\u00a0<a href=\"https:\/\/www.facebook.com\/gabriel.vilaverde\/posts\/4361105504010027\" target=\"_blank\" rel=\"noreferrer noopener\">rede social<\/a>, o pe. Gabriel Vila Verde compartilhou uma inspiradora reflex\u00e3o sobre uma verdade dif\u00edcil de administrar: o fato de que Jesus esperou 30 anos para se manifestar ao mundo e n\u00f3s queremos tudo em 30 segundos, sem sabermos aguardar com paci\u00eancia a hora de Deus.<\/p>\n<p style=\"text-align: justify;\">Eis o que o padre escreveu:<\/p>\n<p style=\"text-align: justify;\">\u201cNo caminho da f\u00e9, existe um detalhe que \u00e9 muito importante, e talvez seja o mais importante de todos: aguardar com paci\u00eancia.<\/p>\n<p style=\"text-align: justify;\">Para n\u00f3s que vivemos num tempo de acelera\u00e7\u00e3o das coisas, a virtude da paci\u00eancia fica ainda mais dif\u00edcil de ser exercitada. A roupa se lava na m\u00e1quina em quest\u00e3o de minutos, a comida se esquenta no micro-ondas em alguns segundos, a mensagem pelo celular chega do outro lado do mundo em tempo real. Tudo \u00e9 velocidade, rapidez, correria\u201d.<\/p>\n<h3 id=\"h-jesus-esperou-30-anos\" style=\"text-align: justify;\">Jesus esperou 30 anos<\/h3>\n<p style=\"text-align: justify;\">O sacerdote complementou:<\/p>\n<p style=\"text-align: justify;\">\u201cFomos acostumados a ver as coisas acontecendo na hora em que n\u00f3s determinamos. Ent\u00e3o, como o crist\u00e3o consegue esperar a hora de Deus? Como ter paci\u00eancia para aguardar o agir do Senhor?<\/p>\n<p style=\"text-align: justify;\">Jesus Cristo esperou trinta anos para se manifestar ao mundo e n\u00f3s queremos mudar o mundo em trinta segundos. Em nossas ora\u00e7\u00f5es, al\u00e9m de pedir as gra\u00e7as do C\u00e9u, pe\u00e7amos tamb\u00e9m a virtude da paci\u00eancia, para que a gra\u00e7a aconte\u00e7a no dia certo e na hora certa!\u201d<\/p>\n<div>\n<div id=\"article-desk-content-p6-ad_2021_09_23_paciencia-jesus-esperou-30-anos-e-nos-queremos-tudo-em-30-segundos\" class=\"css-y9mcup\" data-google-query-id=\"CPvUz5GxlfMCFdEDuQYdXF4DNQ\">\n<div id=\"google_ads_iframe_64500793\/PT_DESK_ARTICLE_WELCOME_1X1_1__container__\"><\/div>\n<\/div>\n<\/div>\n<div class=\"wp-block-aleteia-read-also read-also\"><\/div>\n","protected":false},"excerpt":{"rendered":"<p>Pe. Gabriel: &#8220;Fomos acostumados a ver as coisas acontecendo na hora que determinamos. Como esperar a hora de Deus?&#8221; Em sua\u00a0rede social, o pe. Gabriel Vila Verde compartilhou uma inspiradora reflex\u00e3o sobre uma verdade dif\u00edcil de administrar: o fato de que Jesus esperou 30 anos para se manifestar ao mundo e n\u00f3s queremos tudo em [&hellip;]<\/p>\n","protected":false},"author":1,"featured_media":70184,"comment_status":"open","ping_status":"closed","sticky":false,"template":"","format":"standard","meta":{"footnotes":""},"categories":[4],"tags":[],"class_list":["post-70183","post","type-post","status-publish","format-standard","has-post-thumbnail","hentry","category-cotidiano"],"_links":{"self":[{"href":"https:\/\/catolicanet.net\/wp-cnet\/wp-json\/wp\/v2\/posts\/70183","targetHints":{"allow":["GET"]}}],"collection":[{"href":"https:\/\/catolicanet.net\/wp-cnet\/wp-json\/wp\/v2\/posts"}],"about":[{"href":"https:\/\/catolicanet.net\/wp-cnet\/wp-json\/wp\/v2\/types\/post"}],"author":[{"embeddable":true,"href":"https:\/\/catolicanet.net\/wp-cnet\/wp-json\/wp\/v2\/users\/1"}],"replies":[{"embeddable":true,"href":"https:\/\/catolicanet.net\/wp-cnet\/wp-json\/wp\/v2\/comments?post=70183"}],"version-history":[{"count":1,"href":"https:\/\/catolicanet.net\/wp-cnet\/wp-json\/wp\/v2\/posts\/70183\/revisions"}],"predecessor-version":[{"id":70185,"href":"https:\/\/catolicanet.net\/wp-cnet\/wp-json\/wp\/v2\/posts\/70183\/revisions\/70185"}],"wp:featuredmedia":[{"embeddable":true,"href":"https:\/\/catolicanet.net\/wp-cnet\/wp-json\/wp\/v2\/media\/70184"}],"wp:attachment":[{"href":"https:\/\/catolicanet.net\/wp-cnet\/wp-json\/wp\/v2\/media?parent=70183"}],"wp:term":[{"taxonomy":"category","embeddable":true,"href":"https:\/\/catolicanet.net\/wp-cnet\/wp-json\/wp\/v2\/categories?post=70183"},{"taxonomy":"post_tag","embeddable":true,"href":"https:\/\/catolicanet.net\/wp-cnet\/wp-json\/wp\/v2\/tags?post=70183"}],"curies":[{"name":"wp","href":"https:\/\/api.w.org\/{rel}","templated":true}]}}