{"id":70180,"date":"2021-09-23T09:11:26","date_gmt":"2021-09-23T12:11:26","guid":{"rendered":"https:\/\/catolicanet.net\/wp-cnet\/?p=70180"},"modified":"2021-09-23T12:12:44","modified_gmt":"2021-09-23T15:12:44","slug":"por-que-bebes-nascidos-na-pandemia-tambem-devem-ser-batizados-logo","status":"publish","type":"post","link":"https:\/\/catolicanet.net\/wp-cnet\/por-que-bebes-nascidos-na-pandemia-tambem-devem-ser-batizados-logo\/","title":{"rendered":"Por que beb\u00eas nascidos na pandemia tamb\u00e9m devem ser batizados logo?"},"content":{"rendered":"<h2 class=\"subtitle\" style=\"text-align: justify;\">Durante a pandemia, muitos pais adiaram o batismo dos beb\u00eas por causa da impossibilidade de reunir a fam\u00edlia para celebrar o sacramento. Mas nem sempre devemos esperar as circunst\u00e2ncias perfeitas<\/h2>\n<p style=\"text-align: justify;\">ACovid-19 suspendeu os planos de in\u00fameras pessoas, que aguardam at\u00e9 o dia em que poder\u00e3o reunir-se com a fam\u00edlia e amigos. Alguns pais tamb\u00e9m tiveram que adiar o batizado dos beb\u00eas nascidos durante a pandemia, seja devido \u00e0s restri\u00e7\u00f5es impostas pela pandemia \u00e0s igrejas ou pela impossibilidade de reunir convidados para comemorar o sacramento.<\/p>\n<p style=\"text-align: justify;\">O problema \u00e9 que esses pais continuam esperando para batizar seus filhos, mas a pandemia parece n\u00e3o ter um fim \u00e0 vista.<\/p>\n<p style=\"text-align: justify;\"><strong>A Igreja Cat\u00f3lica, por\u00e9m, exorta veementemente esses pais a batizar seus filhos o mais r\u00e1pido poss\u00edvel, n\u00e3o esperando as circunst\u00e2ncias perfeitas em um futuro desconhecido.<\/strong><\/p>\n<h3 id=\"h-por-que-batizar-logo-os-beb-s-nascidos-na-pandemia\" style=\"text-align: justify;\">Por que batizar logo os beb\u00eas nascidos na pandemia<\/h3>\n<p style=\"text-align: justify;\">A raz\u00e3o para esta insist\u00eancia \u00e9 que o batismo \u00e9 um\u00a0<strong>sacramento essencial<\/strong>, ainda mais importante do que os\u00a0<strong>\u201cservi\u00e7os essenciais<\/strong>\u201d que puderam permanecer abertos durante as in\u00fameras restri\u00e7\u00f5es de funcionamento de v\u00e1rios setores em 2020.<\/p>\n<p style=\"text-align: justify;\">O\u00a0<a href=\"https:\/\/www.vatican.va\/archive\/cathechism_po\/index_new\/p2s2cap1_1210-1419_po.html\" target=\"_blank\" rel=\"noopener\">Catecismo da Igreja Cat\u00f3lica<\/a>\u00a0explica a necessidade do batismo:<\/p>\n<blockquote class=\"wp-block-quote\">\n<div id=\"aleteia-welcome\"><\/div>\n<p>\u201cO pr\u00f3prio Senhor afirma que o Batismo \u00e9 necess\u00e1rio para a salva\u00e7\u00e3o. Por isso, ordenou aos seus disc\u00edpulos que anunciassem o Evangelho e batizassem todas as na\u00e7\u00f5es. O Batismo \u00e9 necess\u00e1rio para a salva\u00e7\u00e3o de todos aqueles a quem o Evangelho foi anunciado e que tiveram a possibilidade de pedir este sacramento. A Igreja n\u00e3o conhece outro meio sen\u00e3o o Batismo para garantir a entrada na bem-aventuran\u00e7a eterna. Por isso, tem cuidado em n\u00e3o negligenciar a miss\u00e3o que recebeu do Senhor.\u201d<\/p>\n<p><cite>Catecismo da Igreja Cat\u00f3lica, 1257<\/cite><\/p><\/blockquote>\n<h3 style=\"text-align: justify;\">O Papa Francisco e a import\u00e2ncia do batismo<\/h3>\n<div class=\"nativo-inread\" style=\"text-align: justify;\"><\/div>\n<p style=\"text-align: justify;\"><strong>O Papa Francisco \u00e9 um dos maiores defensores do batismo das crian\u00e7as logo ap\u00f3s o nascimento.\u00a0<\/strong>Ele refletiu sobre esse assunto para\u00a0<a href=\"https:\/\/www.vatican.va\/content\/francesco\/pt\/audiences\/2018\/documents\/papa-francesco_20180411_udienza-generale.html\" target=\"_blank\" rel=\"noreferrer noopener\">o p\u00fablico em geral em 2018<\/a>:<\/p>\n<blockquote class=\"wp-block-quote\"><p>\u201cAs crian\u00e7as desde a antiguidade, s\u00e3o batizadas na f\u00e9 dos pais (cf.\u00a0<em>Rito do Batismo das crian\u00e7as<\/em>, Introdu\u00e7\u00e3o, 2). E sobre isto gostaria de vos dizer algo. Alguns pensam: mas por que batizar uma crian\u00e7a que n\u00e3o entende? Esperemos que cres\u00e7a, que compreenda e seja ela mesma a pedir o Batismo. Mas isto significa n\u00e3o ter confian\u00e7a no Esp\u00edrito Santo, porque quando batizamos uma crian\u00e7a, naquela crian\u00e7a entra o Esp\u00edrito Santo, e o Esp\u00edrito Santo faz com que cres\u00e7a naquela crian\u00e7a, desde pequenina, virtudes crist\u00e3s que depois florescer\u00e3o. Sempre se deve dar esta oportunidade a todos, a todas as crian\u00e7as, de ter dentro de si o Esp\u00edrito Santo que as guie durante a vida. N\u00e3o deixeis de batizar as crian\u00e7as!\u201d<\/p><\/blockquote>\n<p style=\"text-align: justify;\">Enfim, n\u00e3o podemos prever o futuro, mas o que podemos fazer \u00e9 agir no momento presente.\u00a0Encontre um padre para batizar seu beb\u00ea.\u00a0Pense nisso como uma \u201cconsulta m\u00e9dica\u201d essencial, que estabelecer\u00e1 a base para a sa\u00fade espiritual de seu filho.\u00a0Voc\u00ea j\u00e1 leva seu beb\u00ea rec\u00e9m-nascido ao m\u00e9dico para exames a cada m\u00eas.\u00a0Ent\u00e3o, por que n\u00e3o agendar um batismo com o sacerdote da sua par\u00f3quia?<\/p>\n","protected":false},"excerpt":{"rendered":"<p>Durante a pandemia, muitos pais adiaram o batismo dos beb\u00eas por causa da impossibilidade de reunir a fam\u00edlia para celebrar o sacramento. Mas nem sempre devemos esperar as circunst\u00e2ncias perfeitas ACovid-19 suspendeu os planos de in\u00fameras pessoas, que aguardam at\u00e9 o dia em que poder\u00e3o reunir-se com a fam\u00edlia e amigos. Alguns pais tamb\u00e9m tiveram [&hellip;]<\/p>\n","protected":false},"author":1,"featured_media":70181,"comment_status":"open","ping_status":"closed","sticky":false,"template":"","format":"standard","meta":{"footnotes":""},"categories":[4,13],"tags":[],"class_list":["post-70180","post","type-post","status-publish","format-standard","has-post-thumbnail","hentry","category-cotidiano","category-featured"],"_links":{"self":[{"href":"https:\/\/catolicanet.net\/wp-cnet\/wp-json\/wp\/v2\/posts\/70180","targetHints":{"allow":["GET"]}}],"collection":[{"href":"https:\/\/catolicanet.net\/wp-cnet\/wp-json\/wp\/v2\/posts"}],"about":[{"href":"https:\/\/catolicanet.net\/wp-cnet\/wp-json\/wp\/v2\/types\/post"}],"author":[{"embeddable":true,"href":"https:\/\/catolicanet.net\/wp-cnet\/wp-json\/wp\/v2\/users\/1"}],"replies":[{"embeddable":true,"href":"https:\/\/catolicanet.net\/wp-cnet\/wp-json\/wp\/v2\/comments?post=70180"}],"version-history":[{"count":1,"href":"https:\/\/catolicanet.net\/wp-cnet\/wp-json\/wp\/v2\/posts\/70180\/revisions"}],"predecessor-version":[{"id":70182,"href":"https:\/\/catolicanet.net\/wp-cnet\/wp-json\/wp\/v2\/posts\/70180\/revisions\/70182"}],"wp:featuredmedia":[{"embeddable":true,"href":"https:\/\/catolicanet.net\/wp-cnet\/wp-json\/wp\/v2\/media\/70181"}],"wp:attachment":[{"href":"https:\/\/catolicanet.net\/wp-cnet\/wp-json\/wp\/v2\/media?parent=70180"}],"wp:term":[{"taxonomy":"category","embeddable":true,"href":"https:\/\/catolicanet.net\/wp-cnet\/wp-json\/wp\/v2\/categories?post=70180"},{"taxonomy":"post_tag","embeddable":true,"href":"https:\/\/catolicanet.net\/wp-cnet\/wp-json\/wp\/v2\/tags?post=70180"}],"curies":[{"name":"wp","href":"https:\/\/api.w.org\/{rel}","templated":true}]}}