{"id":70167,"date":"2021-09-23T08:53:55","date_gmt":"2021-09-23T11:53:55","guid":{"rendered":"https:\/\/catolicanet.net\/wp-cnet\/?p=70167"},"modified":"2021-09-23T11:55:27","modified_gmt":"2021-09-23T14:55:27","slug":"parolin-o-risco-de-instrumentalizacao-do-cristianismo-para-fins-politicos","status":"publish","type":"post","link":"https:\/\/catolicanet.net\/wp-cnet\/parolin-o-risco-de-instrumentalizacao-do-cristianismo-para-fins-politicos\/","title":{"rendered":"Parolin: o risco de instrumentaliza\u00e7\u00e3o do cristianismo para fins pol\u00edticos"},"content":{"rendered":"<figure class=\"article__image\" style=\"text-align: justify;\"><span class=\"didascalia_img\">Cardeal secret\u00e1rio de Estado Pietro Parolin (foto de arquivo)\u00a0<\/span><\/figure>\n<div class=\"article__meta \" data-mediatype=\"\">\n<div class=\"article__subTitle\" style=\"text-align: justify;\">O secret\u00e1rio de Estado, presente na reuni\u00e3o em Roma do Partido Popular Europeu falou aos jornalistas: \u201cA defesa da vida faz parte do cristianismo, mas tamb\u00e9m a aten\u00e7\u00e3o aos migrantes\u201d, afirmou, reiterando que ap\u00f3s o tratado de Aukus &#8220;a Santa S\u00e9 est\u00e1 preocupada com o rearmamento&#8221; e que para uma viagem do Papa \u00e0 R\u00fassia &#8220;atualmente n\u00e3o h\u00e1 condi\u00e7\u00f5es&#8221;<\/div>\n<div class=\"title__separator\" style=\"text-align: justify;\"><\/div>\n<div class=\"article__text \">\n<p style=\"text-align: justify;\"><b>Salvatore Cernuzio &#8211; Cidade do Vaticano<\/b><\/p>\n<p style=\"text-align: justify;\">\u201cNo cristianismo n\u00e3o se escolhe o que mais agrada ou o que \u00e9 mais conv\u00e9m, no cristianismo tem que se aceitar tudo &#8230;\u201d; n\u00e3o \u00e9 como &#8220;ir ao supermercado e comprar isso e aquilo&#8221;. O risco \u00e9 o de instrumentalizar e manipular a religi\u00e3o &#8220;para fins pol\u00edticos&#8221;.<\/p>\n<p style=\"text-align: justify;\">O cardeal secret\u00e1rio de Estado, Pietro Parolin, se pronunciou na manh\u00e3 de quarta-feira, 22, em Roma na reuni\u00e3o do Partido Popular Europeu (PPE), que teve in\u00edcio na tarde de ter\u00e7a-feira no\u00a0<i>The Westin Excelsior<\/i>. \u00c0 margem do encontro, que contou com a presen\u00e7a de representantes da Santa S\u00e9 e da Igreja na Europa, o purpurado fez uma pausa para falar com os jornalistas presentes.<\/p>\n<h2 style=\"text-align: justify;\">\u00c0 escuta da Igreja<\/h2>\n<p style=\"text-align: justify;\">A eles, explicou o motivo de sua presen\u00e7a no evento, bem como a do cardeal Jean Claude Hollerich, presidente da COMECE (Comiss\u00e3o das Confer\u00eancias Episcopais da Uni\u00e3o Europeia), e do cardeal Peter Turkson, presidente do Dicast\u00e9rio para o Servi\u00e7o do Desenvolvimento Humano Integral.<\/p>\n<p style=\"text-align: justify;\">\u201cHoje o dia \u00e9 dedicado \u00e0 escuta da Igreja. A presen\u00e7a de expoentes da Santa S\u00e9 e da COMECE insere-se nesta perspectiva: o fato de que querem ouvir o que a Igreja lhes prop\u00f5e e pede. Esse \u00e9 um motivo contingente da nossa presen\u00e7a\u201d, sublinhou o secret\u00e1rio de Estado.<\/p>\n<p style=\"text-align: justify;\">\u201cDepois &#8211; acrescentou &#8211; creio porque, embora n\u00e3o se identifique totalmente com o cristianismo, existe por parte do PPE uma aten\u00e7\u00e3o particular ao cristianismo. Muitos expoentes referem-se explicitamente aos princ\u00edpios crist\u00e3os\u201d.<\/p>\n<h2 style=\"text-align: justify;\">O cristianismo n\u00e3o \u00e9 um supermercado<\/h2>\n<p style=\"text-align: justify;\">Mas tamb\u00e9m entre os membros de partidos populistas de direita, h\u00e1 quem se refira aos princ\u00edpios crist\u00e3os, objetaram alguns cronistas. O cardeal Parolin respondeu afirmando que \u201c\u00e9 importante fazer uma escolha abrangente: no cristianismo n\u00e3o se escolhe o que mais agrada ou o que mais conv\u00e9m, no cristianismo tem que se aceitar tudo. E, portanto, faz parte do cristianismo quer a defesa da vida &#8211; em todas as suas fases, desde o in\u00edcio da concep\u00e7\u00e3o natural at\u00e9 a morte natural &#8211; mas tamb\u00e9m o amor ao pr\u00f3ximo, que se manifesta como aten\u00e7\u00e3o ao fen\u00f4meno da migra\u00e7\u00e3o, segundo aqueles quatro verbos que o Papa sempre nos indicou: acolher, proteger, promover e integrar\u201d.<\/p>\n<p style=\"text-align: justify;\">\u201cA n\u00edvel de princ\u00edpio, para mim a coisa \u00e9 muito clara\u201d, reiterou Parolin. \u201cO cristianismo \u00e9 tudo isto, n\u00e3o se pode ir ao supermercado e levar isto, este outro, aquele outro &#8230; Ent\u00e3o h\u00e1 sempre o risco de instrumentaliza\u00e7\u00e3o ou manipula\u00e7\u00e3o do cristianismo, bem como de outras religi\u00f5es, para fins pol\u00edticos\u201d.<\/p>\n<h2 style=\"text-align: justify;\">Uma Europa alicer\u00e7ada na pessoa, na comunidade, subsidiariedade e \u00a0solidariedade<\/h2>\n<p style=\"text-align: justify;\">O secret\u00e1rio de Estado ampliou ent\u00e3o o seu olhar \u00e0 Europa, ilustrando a vis\u00e3o que a Santa S\u00e9 e o cristianismo em geral t\u00eam em rela\u00e7\u00e3o ao velho continente. \u201cUma Europa alicer\u00e7ada nos quatro valores fundamentais, nos quatro pilares que s\u00e3o sempre defendidos tamb\u00e9m pelos pais fundadores\u201d, ou seja, \u201ca centralidade da pessoa, uma pessoa em todas as suas dimens\u00f5es, inclu\u00edda a dimens\u00e3o transcendente, portanto abertura em rela\u00e7\u00e3o a Deus. A comunidade, a pessoa inserida em uma s\u00e9rie de v\u00ednculos. Depois, subsidiariedade e solidariedade. Estas s\u00e3o as pedras angulares da vis\u00e3o da Europa da Santa S\u00e9\u201d, afirmou o cardeal Parolin.<\/p>\n<h2 style=\"text-align: justify;\">Aukus, preocupa\u00e7\u00e3o com rearmamento<\/h2>\n<p style=\"text-align: justify;\">Quando questionado sobre quest\u00f5es internacionais atuais, o secret\u00e1rio de Estado expressou preocupa\u00e7\u00e3o sobre os poss\u00edveis desdobramentos na \u00e1rea do Indo-Pac\u00edfico ap\u00f3s o acordo de Aukus. Trata-se da alian\u00e7a que prev\u00ea o fornecimento pelos Estados Unidos e Gr\u00e3-Bretanha de tecnologias \u00e0 Austr\u00e1lia, para que esta se dote de uma frota de submarinos de propuls\u00e3o nuclear.<\/p>\n<p style=\"text-align: justify;\">\u201cA Santa S\u00e9 &#8211; reiterou o purpurado &#8211; se op\u00f5e ao rearmamento, todos os esfor\u00e7os que foram e est\u00e3o sendo feitos s\u00e3o no sentido de eliminar as armas nucleares, porque n\u00e3o s\u00e3o o caminho para manter a paz e a seguran\u00e7a no mundo, mas criam ainda mais perigos para a paz e ainda mais conflitos. Dentro desta vis\u00e3o, n\u00e3o podemos deixar de nos preocupar\u201d.<\/p>\n<h2 style=\"text-align: justify;\">Uma viagem do Papa \u00e0 R\u00fassia, sem condi\u00e7\u00f5es agora<\/h2>\n<p style=\"text-align: justify;\">Sobre a possibilidade de uma viagem do Papa Francisco \u00e0 R\u00fassia, o secret\u00e1rio de Estado responde: \u201c\u00c9 uma pergunta que n\u00e3o posso responder. Acho que o Papa est\u00e1 interessado em ir para a R\u00fassia como a todos os outros pa\u00edses, mas me parece que atualmente n\u00e3o existam condi\u00e7\u00f5es para uma viagem. O desejo tamb\u00e9m deve se materializar com algumas situa\u00e7\u00f5es precisas. Vejo que agora n\u00e3o se fala sobre isso\u201d.<\/p>\n<p style=\"text-align: justify;\">Parolin explicou ainda que n\u00e3o tinha informa\u00e7\u00f5es sobre um poss\u00edvel encontro entre o Papa e o patriarca de Moscou, Kirill, que se seguiria ao de 2016 no Aeroporto de Havana, antes da viagem de Francisco aos Estados Unidos. N\u00e3o tenho elementos para dizer nem sim, nem n\u00e3o, todo encontro \u00e9 positivo, esse \u00e9 o grande princ\u00edpio. Se este encontro vai se concretizar num futuro pr\u00f3ximo, n\u00e3o sei dizer\u201d.<\/p>\n<h2 style=\"text-align: justify;\">O coment\u00e1rio sobre as palavras do Papa com os jesu\u00edtas eslovacos<\/h2>\n<p style=\"text-align: justify;\">Por fim, foi pedido ao secret\u00e1rio de Estado um coment\u00e1rio \u00e0s palavras do Papa, divulgadas na ter\u00e7a-feira pelo\u00a0<i>La Civilt\u00e0 Cattolica<\/i>, a respeito do\u00a0<a href=\"https:\/\/www.vaticannews.va\/pt\/papa\/news\/2021-09\/francisco-desmascarar-as-ideologias-fascinio-diabolico.html\">encontro privado com os jesu\u00edtas da Eslov\u00e1quia<\/a>. \u00c0 pergunta &#8220;como voc\u00ea est\u00e1?&#8221; de um confrade, Francisco respondeu: \u201cAinda estou vivo. Embora alguns me quisessem morto\u201d. E, em refer\u00eancia \u00e0 opera\u00e7\u00e3o de c\u00f3lon sofrida em julho passado no Gemelli, disse estar ciente de que havia \u201cat\u00e9 encontros entre prelados, que achavam que a situa\u00e7\u00e3o do Papa era mais grave do que se dizia. Eles estavam preparando o Conclave\u201d.<\/p>\n<p style=\"text-align: justify;\">A este respeito, Parolin comentou: \u201cProvavelmente o Papa tem informa\u00e7\u00f5es que eu n\u00e3o tenho, porque sinceramente n\u00e3o senti que houvesse esse clima\u201d. \u201cPenso, por\u00e9m, sem ter muitos elementos em m\u00e3os, que se trata de algo de poucos, de algu\u00e9m que tenha colocado na cabe\u00e7a essas coisas. Honestamente, n\u00e3o tenho elementos para dizer. O Papa provavelmente faz essas declara\u00e7\u00f5es porque tem conhecimentos e dados que n\u00e3o chegaram at\u00e9 mim. O que eu gostaria de dizer \u00e9 que n\u00e3o me parece que exista um clima deste tipo\u201d.<\/p>\n<\/div>\n<\/div>\n","protected":false},"excerpt":{"rendered":"<p>Cardeal secret\u00e1rio de Estado Pietro Parolin (foto de arquivo)\u00a0 O secret\u00e1rio de Estado, presente na reuni\u00e3o em Roma do Partido Popular Europeu falou aos jornalistas: \u201cA defesa da vida faz parte do cristianismo, mas tamb\u00e9m a aten\u00e7\u00e3o aos migrantes\u201d, afirmou, reiterando que ap\u00f3s o tratado de Aukus &#8220;a Santa S\u00e9 est\u00e1 preocupada com o rearmamento&#8221; [&hellip;]<\/p>\n","protected":false},"author":1,"featured_media":70168,"comment_status":"open","ping_status":"closed","sticky":false,"template":"","format":"standard","meta":{"footnotes":""},"categories":[3],"tags":[],"class_list":["post-70167","post","type-post","status-publish","format-standard","has-post-thumbnail","hentry","category-vaticano"],"_links":{"self":[{"href":"https:\/\/catolicanet.net\/wp-cnet\/wp-json\/wp\/v2\/posts\/70167","targetHints":{"allow":["GET"]}}],"collection":[{"href":"https:\/\/catolicanet.net\/wp-cnet\/wp-json\/wp\/v2\/posts"}],"about":[{"href":"https:\/\/catolicanet.net\/wp-cnet\/wp-json\/wp\/v2\/types\/post"}],"author":[{"embeddable":true,"href":"https:\/\/catolicanet.net\/wp-cnet\/wp-json\/wp\/v2\/users\/1"}],"replies":[{"embeddable":true,"href":"https:\/\/catolicanet.net\/wp-cnet\/wp-json\/wp\/v2\/comments?post=70167"}],"version-history":[{"count":1,"href":"https:\/\/catolicanet.net\/wp-cnet\/wp-json\/wp\/v2\/posts\/70167\/revisions"}],"predecessor-version":[{"id":70169,"href":"https:\/\/catolicanet.net\/wp-cnet\/wp-json\/wp\/v2\/posts\/70167\/revisions\/70169"}],"wp:featuredmedia":[{"embeddable":true,"href":"https:\/\/catolicanet.net\/wp-cnet\/wp-json\/wp\/v2\/media\/70168"}],"wp:attachment":[{"href":"https:\/\/catolicanet.net\/wp-cnet\/wp-json\/wp\/v2\/media?parent=70167"}],"wp:term":[{"taxonomy":"category","embeddable":true,"href":"https:\/\/catolicanet.net\/wp-cnet\/wp-json\/wp\/v2\/categories?post=70167"},{"taxonomy":"post_tag","embeddable":true,"href":"https:\/\/catolicanet.net\/wp-cnet\/wp-json\/wp\/v2\/tags?post=70167"}],"curies":[{"name":"wp","href":"https:\/\/api.w.org\/{rel}","templated":true}]}}