{"id":70080,"date":"2021-09-17T10:01:51","date_gmt":"2021-09-17T13:01:51","guid":{"rendered":"https:\/\/catolicanet.net\/wp-cnet\/?p=70080"},"modified":"2021-09-17T16:02:20","modified_gmt":"2021-09-17T19:02:20","slug":"fogo-de-palha-2","status":"publish","type":"post","link":"https:\/\/catolicanet.net\/wp-cnet\/fogo-de-palha-2\/","title":{"rendered":"FOGO DE PALHA"},"content":{"rendered":"<p style=\"text-align: justify;\">\u00a0\u00a0\u00a0\u00a0\u00a0\u00a0\u00a0\u00a0\u00a0\u00a0\u00a0 Nem tudo o que sonhamos alcan\u00e7amos. Mas tudo o que sonhamos nos d\u00e1 \u00e2nimo e coragem para ao menos lutar e tentar alcan\u00e7a-lo. Fernando Pessoa um dia escreveu: \u201cAlguns t\u00eam na vida um grande sonho e faltam a esse sonho. Outros n\u00e3o t\u00eam na vida nenhum sonho, e faltam a esse tamb\u00e9m\u201d. A verdade \u00e9 que a vida \u00e9 feita de sonhos e quem pensa n\u00e3o os ter, ilude-se a si pr\u00f3prio. Pois, no fundo, no fundo, h\u00e1 de encontra-los adormecidos, mas carentes de aten\u00e7\u00e3o.<\/p>\n<p style=\"text-align: justify;\">\u00a0\u00a0\u00a0\u00a0\u00a0\u00a0\u00a0\u00a0\u00a0\u00a0\u00a0 A verdade \u00e9 que muitos sonhos s\u00e3o como fogo de palha, que envolvem nossa exist\u00eancia de forma abrasadora, mas logo se extinguem. Faltam-lhes a paci\u00eancia da matura\u00e7\u00e3o, da espera consciente e determinada a buscar com tenacidade aquilo que preenche seu ideal de vida. A f\u00e9 \u00e9 a mais ferrenha das companheiras daqueles que sonham. Desde que esses sonhos n\u00e3o interfiram naquilo que j\u00e1 \u00e9 posse do outro. Isso tem outro nome: cobi\u00e7a. Entre esta e um objetivo de vida promissor, mais adequado \u00e0 sua realiza\u00e7\u00e3o pessoal e \u00e0 admira\u00e7\u00e3o alheia, existe o limite do respeito, da \u00e9tica, da moral e da f\u00e9. Sem estas, qualquer sonho \u00e9 mero pesadelo. Pode tornar-se um desastre.<\/p>\n<p style=\"text-align: justify;\">\u00a0\u00a0\u00a0\u00a0\u00a0\u00a0\u00a0\u00a0\u00a0\u00a0\u00a0 Mas sonhar, muitas vezes, tamb\u00e9m \u00e9 sofrer. Faz parte das aspira\u00e7\u00f5es humanas, cujas conquistas exigem esfor\u00e7o e sacrif\u00edcio. H\u00e1 aqueles que tra\u00e7am uma meta na vida, mas depositam suas capacidades na s\u00e1bia benevol\u00eancia divina, pois s\u00f3 Ele conhece nossos cora\u00e7\u00f5es, desejos e necessidades para conceder-nos ou n\u00e3o aquilo que pensamos merecer. Eclesi\u00e1stico nos fala dessa situa\u00e7\u00e3o e aconselha: \u201cSofre as demoras de Deus; dedica-te a Deus, espera com paci\u00eancia, a fim de que no derradeiro momento tua vida se enrique\u00e7a\u201d (2,3). Aqui \u00e9 que s\u00e3o elas: que riqueza desejas? Na maioria de nossos sonhos, apenas as que se podem tanger e acumular neste mundo. Este \u00e9 o fogo ardente que contemplamos com os olhos, mas que nos queima todos os sentidos. \u201cPois \u00e9 pelo fogo que se experimentam o ouro e a prata, e os homens agrad\u00e1veis a Deus, pelo cadinho da humilha\u00e7\u00e3o\u201d (Ecle 2,5).<\/p>\n<p style=\"text-align: justify;\">\u00a0\u00a0\u00a0\u00a0\u00a0\u00a0\u00a0\u00a0\u00a0\u00a0\u00a0 Falta-nos a purifica\u00e7\u00e3o de nossos sonhos. Na maioria das vezes, estes est\u00e3o al\u00e9m de nossas capacidades, mas tamb\u00e9m e principalmente, al\u00e9m dos nossos merecimentos. Aqui nasce a ambi\u00e7\u00e3o desmedida. Aqui se gera a corrup\u00e7\u00e3o, a usurpa\u00e7\u00e3o, os meios oportunistas e as sabotagens que criamos para realiza-los. \u00c0s vezes at\u00e9 os realizamos e nos acastelamos numa ilus\u00e3o de sucesso e poder, que nos queima a consci\u00eancia, mas ensoberba e envaidece nosso cora\u00e7\u00e3o de carne. S\u00f3 este, pois o cora\u00e7\u00e3o da alma estar\u00e1 f\u00e9tido e p\u00fatrido como qualquer carne entumecida pelo fogo das ilus\u00f5es. Ah, triste sina! Um dia cair\u00e1 das nuvens, ter\u00e1 pela frente uma nova realidade, contr\u00e1ria aos sonhos que imaginou perenes. Um dia ver\u00e1 que suas ilus\u00f5es se realizaram apenas momentaneamente e se apagaram como um monte de palhas ardentes, brilhantes, belas em seu apogeu de luz, mas que rapidamente se postaram ao ch\u00e3o da realidade, quais brasas incandescentes. Delas restou apenas cinzas. Nem carv\u00e3o se tornaram, nada de \u00fatil para a posteridade!<\/p>\n<p style=\"text-align: justify;\">\u00a0\u00a0\u00a0\u00a0\u00a0\u00a0\u00a0\u00a0\u00a0\u00a0\u00a0 Quem sonha alto corre o risco de um tombo maior. Quem faz de seus projetos uma paix\u00e3o capaz de superar a tudo e a todos, desrespeitar as regras do jogo da vida, ver\u00e1 adiante os limites desse jogo. Sobretudo, a regra maior, aquela que faz de nossos sonhos, realidade&#8230; Amar, respeitar, conciliar nossos sonhos com o sonho do Pai, Senhor que nos deu a vida e tudo o que temos. Ele guia nossos passos em dire\u00e7\u00e3o a tudo que almejamos de bom em nossas exist\u00eancias. \u201cBem sei, Senhor, que n\u00e3o \u00e9 o homem dono de seu destino, e que ao caminhante n\u00e3o lhe assiste o poder de dirigir seus passos. Castigai-nos, Senhor, mas com equidade, e n\u00e3o com o furor, para que n\u00e3o sejamos reduzidos ao nada\u201d (Jer 10, 23-24). Como palhas ao vento&#8230;<\/p>\n","protected":false},"excerpt":{"rendered":"<p>\u00a0\u00a0\u00a0\u00a0\u00a0\u00a0\u00a0\u00a0\u00a0\u00a0\u00a0 Nem tudo o que sonhamos alcan\u00e7amos. Mas tudo o que sonhamos nos d\u00e1 \u00e2nimo e coragem para ao menos lutar e tentar alcan\u00e7a-lo. Fernando Pessoa um dia escreveu: \u201cAlguns t\u00eam na vida um grande sonho e faltam a esse sonho. Outros n\u00e3o t\u00eam na vida nenhum sonho, e faltam a esse tamb\u00e9m\u201d. A verdade [&hellip;]<\/p>\n","protected":false},"author":17,"featured_media":55826,"comment_status":"open","ping_status":"closed","sticky":false,"template":"","format":"standard","meta":{"footnotes":""},"categories":[9],"tags":[],"class_list":["post-70080","post","type-post","status-publish","format-standard","has-post-thumbnail","hentry","category-artigos"],"_links":{"self":[{"href":"https:\/\/catolicanet.net\/wp-cnet\/wp-json\/wp\/v2\/posts\/70080","targetHints":{"allow":["GET"]}}],"collection":[{"href":"https:\/\/catolicanet.net\/wp-cnet\/wp-json\/wp\/v2\/posts"}],"about":[{"href":"https:\/\/catolicanet.net\/wp-cnet\/wp-json\/wp\/v2\/types\/post"}],"author":[{"embeddable":true,"href":"https:\/\/catolicanet.net\/wp-cnet\/wp-json\/wp\/v2\/users\/17"}],"replies":[{"embeddable":true,"href":"https:\/\/catolicanet.net\/wp-cnet\/wp-json\/wp\/v2\/comments?post=70080"}],"version-history":[{"count":1,"href":"https:\/\/catolicanet.net\/wp-cnet\/wp-json\/wp\/v2\/posts\/70080\/revisions"}],"predecessor-version":[{"id":70081,"href":"https:\/\/catolicanet.net\/wp-cnet\/wp-json\/wp\/v2\/posts\/70080\/revisions\/70081"}],"wp:featuredmedia":[{"embeddable":true,"href":"https:\/\/catolicanet.net\/wp-cnet\/wp-json\/wp\/v2\/media\/55826"}],"wp:attachment":[{"href":"https:\/\/catolicanet.net\/wp-cnet\/wp-json\/wp\/v2\/media?parent=70080"}],"wp:term":[{"taxonomy":"category","embeddable":true,"href":"https:\/\/catolicanet.net\/wp-cnet\/wp-json\/wp\/v2\/categories?post=70080"},{"taxonomy":"post_tag","embeddable":true,"href":"https:\/\/catolicanet.net\/wp-cnet\/wp-json\/wp\/v2\/tags?post=70080"}],"curies":[{"name":"wp","href":"https:\/\/api.w.org\/{rel}","templated":true}]}}