{"id":70077,"date":"2021-09-17T09:54:25","date_gmt":"2021-09-17T12:54:25","guid":{"rendered":"https:\/\/catolicanet.net\/wp-cnet\/?p=70077"},"modified":"2021-09-17T15:56:44","modified_gmt":"2021-09-17T18:56:44","slug":"como-santa-monica-conseguiu-largar-o-vicio-do-alcool","status":"publish","type":"post","link":"https:\/\/catolicanet.net\/wp-cnet\/como-santa-monica-conseguiu-largar-o-vicio-do-alcool\/","title":{"rendered":"Como Santa M\u00f4nica conseguiu largar o v\u00edcio do \u00e1lcool"},"content":{"rendered":"<h2 class=\"subtitle\" style=\"text-align: justify;\">Sim, Santa tamb\u00e9m M\u00f4nica tinha h\u00e1bitos infelizes. Por\u00e9m, ainda muito jovem, ela conseguiu se livrar do v\u00edcio<\/h2>\n<p style=\"text-align: justify;\">Filha mais velha de um casal de classe m\u00e9dia, M\u00f4nica foi criada por uma idosa solteira e crist\u00e3 que achava \u00fatil mortificar os sentidos das crian\u00e7as.\u00a0Por exemplo, ela proibia M\u00f4nica de beber \u00e1gua fora do hor\u00e1rio das refei\u00e7\u00f5es.<\/p>\n<p style=\"text-align: justify;\">Fazia calor no ver\u00e3o na Num\u00eddia, atual Arg\u00e9lia, e essa priva\u00e7\u00e3o custava caro \u00e0 pequena e \u00e0s irm\u00e3s.\u00a0Para se justificar, a severa educadora dizia: \u201cHoje voc\u00eas bebem \u00e1gua por falta de vinho, mas uma vez casada \u2026 a \u00e1gua vai parecer ran\u00e7osa para voc\u00eas\u201d. Em outras palavras, ela pensava que estava protegendo as crian\u00e7as do alcoolismo mundano e solit\u00e1rio de mulheres mal casadas, que ficariam entediadas em casa.<\/p>\n<h3 id=\"h-santa-m-nica-e-o-v-cio-do-lcool\" style=\"text-align: justify;\"><strong>Santa M\u00f4nica e o v\u00edcio do \u00e1lcool<\/strong><\/h3>\n<p style=\"text-align: justify;\">Mas o oposto aconteceu.\u00a0O epis\u00f3dio nos \u00e9 relatado por seu filho Agostinho, no livro\u00a0<em>Confiss\u00f5es<\/em>.\u00a0M\u00f4nica tinha cerca de 15 anos. Sua educadora morreu e foi substitu\u00edda por uma criada da mesma idade da jovem patroa, com quem, ciumenta, logo se deu muito mal.\u00a0Das discuss\u00f5es \u00e0s brigas, M\u00f4nica sempre dava a \u00faltima palavra. Assim, o \u00f3dio da criada por ela continuava a crescer.<\/p>\n<p style=\"text-align: justify;\">Na \u00e9poca, em sinal de confian\u00e7a, os pais entregaram a M\u00f4nica a chave da adega.\u00a0Passados \u200b\u200balguns dias, curiosa, M\u00f4nica n\u00e3o pode deixar de molhar os l\u00e1bios na bebida contra a qual tanto havia sido advertida.\u00a0A atra\u00e7\u00e3o irresist\u00edvel do fruto proibido\u2026<\/p>\n<h3 id=\"h-vermelha-de-vergonha\" style=\"text-align: justify;\"><strong>Vermelha de vergonha<\/strong><\/h3>\n<p style=\"text-align: justify;\">Nas primeiras vezes, M\u00f4nica achava as poucas gotas detest\u00e1veis. Por\u00e9m, dia ap\u00f3s dia, ela embebia os l\u00e1bios naquilo. As poucas gotas se transformaram em pequenos goles, depois os pequenos goles em grandes goles e, logo, ta\u00e7as inteiras.<\/p>\n<p style=\"text-align: justify;\">Embriaguez que seus pais, perfeitamente indiferentes, n\u00e3o percebiam.\u00a0S\u00f3 a criada, que a acompanhava \u00e0 adega para segurar a lamparina, sabia dessa inclina\u00e7\u00e3o vergonhosa.\u00a0Ela n\u00e3o informava seus patr\u00f5es porque tinha a inten\u00e7\u00e3o de prejudicar M\u00f4nica mais gravemente quando chegasse a hora.<\/p>\n<p style=\"text-align: justify;\">Por\u00e9m, uma tarde, estando as duas sozinhas na adega, e M\u00f4nica j\u00e1 um pouco b\u00eabada, travou uma uma briga feia com a empregada. A criada, ent\u00e3o, insultou a pequena patroa.<\/p>\n<p style=\"text-align: justify;\">O insulto distanciou as duas jovens.\u00a0Era improv\u00e1vel que uma escrava se permitisse falar aquele tom com sua senhora. Mas, vermelha de vergonha, M\u00f4nica se deu conta que merecia o insulto.\u00a0Era, de fato, uma pequena b\u00eabada que se excitava \u00e0s escondidas, expondo-se, com raz\u00e3o, ao desprezo de uma serva insolente.<\/p>\n<p style=\"text-align: justify;\">Enfim, a sua vergonha foi tamanha, que ela encontrou for\u00e7as, e teve de o fazer, para n\u00e3o beber uma gota de vinho nunca mais.\u00a0Assim, com a gra\u00e7a de Deus, ela se corrigiu definitivamente do v\u00edcio do \u00e1lcool.<\/p>\n","protected":false},"excerpt":{"rendered":"<p>Sim, Santa tamb\u00e9m M\u00f4nica tinha h\u00e1bitos infelizes. Por\u00e9m, ainda muito jovem, ela conseguiu se livrar do v\u00edcio Filha mais velha de um casal de classe m\u00e9dia, M\u00f4nica foi criada por uma idosa solteira e crist\u00e3 que achava \u00fatil mortificar os sentidos das crian\u00e7as.\u00a0Por exemplo, ela proibia M\u00f4nica de beber \u00e1gua fora do hor\u00e1rio das refei\u00e7\u00f5es. [&hellip;]<\/p>\n","protected":false},"author":1,"featured_media":70078,"comment_status":"open","ping_status":"closed","sticky":false,"template":"","format":"standard","meta":{"footnotes":""},"categories":[4],"tags":[],"class_list":["post-70077","post","type-post","status-publish","format-standard","has-post-thumbnail","hentry","category-cotidiano"],"_links":{"self":[{"href":"https:\/\/catolicanet.net\/wp-cnet\/wp-json\/wp\/v2\/posts\/70077","targetHints":{"allow":["GET"]}}],"collection":[{"href":"https:\/\/catolicanet.net\/wp-cnet\/wp-json\/wp\/v2\/posts"}],"about":[{"href":"https:\/\/catolicanet.net\/wp-cnet\/wp-json\/wp\/v2\/types\/post"}],"author":[{"embeddable":true,"href":"https:\/\/catolicanet.net\/wp-cnet\/wp-json\/wp\/v2\/users\/1"}],"replies":[{"embeddable":true,"href":"https:\/\/catolicanet.net\/wp-cnet\/wp-json\/wp\/v2\/comments?post=70077"}],"version-history":[{"count":1,"href":"https:\/\/catolicanet.net\/wp-cnet\/wp-json\/wp\/v2\/posts\/70077\/revisions"}],"predecessor-version":[{"id":70079,"href":"https:\/\/catolicanet.net\/wp-cnet\/wp-json\/wp\/v2\/posts\/70077\/revisions\/70079"}],"wp:featuredmedia":[{"embeddable":true,"href":"https:\/\/catolicanet.net\/wp-cnet\/wp-json\/wp\/v2\/media\/70078"}],"wp:attachment":[{"href":"https:\/\/catolicanet.net\/wp-cnet\/wp-json\/wp\/v2\/media?parent=70077"}],"wp:term":[{"taxonomy":"category","embeddable":true,"href":"https:\/\/catolicanet.net\/wp-cnet\/wp-json\/wp\/v2\/categories?post=70077"},{"taxonomy":"post_tag","embeddable":true,"href":"https:\/\/catolicanet.net\/wp-cnet\/wp-json\/wp\/v2\/tags?post=70077"}],"curies":[{"name":"wp","href":"https:\/\/api.w.org\/{rel}","templated":true}]}}