{"id":70065,"date":"2021-09-17T09:37:13","date_gmt":"2021-09-17T12:37:13","guid":{"rendered":"https:\/\/catolicanet.net\/wp-cnet\/?p=70065"},"modified":"2021-09-17T15:38:09","modified_gmt":"2021-09-17T18:38:09","slug":"estao-disponiveis-os-roteiros-celebrar-em-familia-para-o-25o-e-o-26o-domingos-do-tempo-comum","status":"publish","type":"post","link":"https:\/\/catolicanet.net\/wp-cnet\/estao-disponiveis-os-roteiros-celebrar-em-familia-para-o-25o-e-o-26o-domingos-do-tempo-comum\/","title":{"rendered":"EST\u00c3O DISPON\u00cdVEIS OS ROTEIROS CELEBRAR EM FAM\u00cdLIA PARA O 25\u00ba E O 26\u00ba DOMINGOS DO TEMPO COMUM"},"content":{"rendered":"<div class=\"elementor-element elementor-element-3a087bd2 elementor-widget elementor-widget-theme-post-content\" data-id=\"3a087bd2\" data-element_type=\"widget\" data-widget_type=\"theme-post-content.default\">\n<div class=\"elementor-widget-container\">\n<p style=\"text-align: justify;\">A Comiss\u00e3o Episcopal Pastoral para a Liturgia da Confer\u00eancia Nacional dos Bispos do Brasil (CNBB) disponibilizou os roteiros Celebrar em Fam\u00edlia para o 25\u00ba e o 26\u00ba Domingos do Tempo Comum. O material com o rito da celebra\u00e7\u00e3o dominical da Palavra de Deus pode ser baixado gratuitamente e pode ajudar fam\u00edlias e pequenos grupos a refletir a liturgia dominical.<\/p>\n<blockquote><p>\u201cContinuamos a oferecer esta sugest\u00e3o de Celebra\u00e7\u00e3o da Palavra de Deus para ser celebrada em sua casa, com seus familiares. S\u00e3o muitos os hor\u00e1rios de transmiss\u00e3o de missas em nossos canais cat\u00f3licos que podemos acompanhar, mas vivendo a dignidade de povo sacerdotal que nosso batismo nos conferiu, podemos n\u00e3o s\u00f3 acompanhar, mas CELEBRAR com nossas fam\u00edlias o Dia do Senhor\u201d, motiva a Comiss\u00e3o para a Liturgia da CNBB.<\/p><\/blockquote>\n<p style=\"text-align: justify;\">No pr\u00f3ximo domingo, 17 de setembro, no contexto do M\u00eas da B\u00edblia, a liturgia traz o ensinamento de Jesus aos disc\u00edpulos sobre a dimens\u00e3o do servi\u00e7o (Mc 9,30-37). \u201cSe algu\u00e9m quiser ser o primeiro, que seja o \u00faltimo de todos e aquele que serve a todos!\u201d.<\/p>\n<p style=\"text-align: justify;\">\n<p style=\"text-align: justify;\"><a href=\"https:\/\/www.cnbb.org.br\/wp-content\/uploads\/2021\/09\/52-Celebrar-em-Familia-25-DTC.pdf\">BAIXE O ROTEIRO CELEBRAR EM FAM\u00cdLIA DO 25\u00ba DOMINGO DO TEMPO COMUM<\/a><\/p>\n<p style=\"text-align: justify;\">\n<p style=\"text-align: justify;\"><a href=\"https:\/\/www.cnbb.org.br\/wp-content\/uploads\/2021\/09\/53-Celebrar-em-Familia-26-DTC.pdf\">BAIXE O ROTEIRO CELEBRAR EM FAM\u00cdLIA DO 25\u00ba DOMINGO DO TEMPO COMUM<\/a><\/p>\n<p style=\"text-align: justify;\">\n<p style=\"text-align: justify;\">\n<p style=\"text-align: justify;\">Divulgue nas redes sociais:<\/p>\n<p><img loading=\"lazy\" decoding=\"async\" class=\"aligncenter size-large wp-image-839045\" src=\"https:\/\/www.cnbb.org.br\/wp-content\/uploads\/2020\/09\/Feed-1024x1024.png\" sizes=\"auto, (max-width: 1024px) 100vw, 1024px\" srcset=\"https:\/\/www.cnbb.org.br\/wp-content\/uploads\/2020\/09\/Feed-1024x1024.png 1024w, https:\/\/www.cnbb.org.br\/wp-content\/uploads\/2020\/09\/Feed-300x300.png 300w, https:\/\/www.cnbb.org.br\/wp-content\/uploads\/2020\/09\/Feed-150x150.png 150w, https:\/\/www.cnbb.org.br\/wp-content\/uploads\/2020\/09\/Feed-768x767.png 768w, https:\/\/www.cnbb.org.br\/wp-content\/uploads\/2020\/09\/Feed-800x800.png 800w, https:\/\/www.cnbb.org.br\/wp-content\/uploads\/2020\/09\/Feed-500x500.png 500w, https:\/\/www.cnbb.org.br\/wp-content\/uploads\/2020\/09\/Feed.png 1081w\" alt=\"\" width=\"1024\" height=\"1024\" \/><\/p>\n<\/div>\n<\/div>\n","protected":false},"excerpt":{"rendered":"<p>A Comiss\u00e3o Episcopal Pastoral para a Liturgia da Confer\u00eancia Nacional dos Bispos do Brasil (CNBB) disponibilizou os roteiros Celebrar em Fam\u00edlia para o 25\u00ba e o 26\u00ba Domingos do Tempo Comum. O material com o rito da celebra\u00e7\u00e3o dominical da Palavra de Deus pode ser baixado gratuitamente e pode ajudar fam\u00edlias e pequenos grupos a [&hellip;]<\/p>\n","protected":false},"author":1,"featured_media":70066,"comment_status":"open","ping_status":"closed","sticky":false,"template":"","format":"standard","meta":{"footnotes":""},"categories":[7,13],"tags":[],"class_list":["post-70065","post","type-post","status-publish","format-standard","has-post-thumbnail","hentry","category-cnbb","category-featured"],"_links":{"self":[{"href":"https:\/\/catolicanet.net\/wp-cnet\/wp-json\/wp\/v2\/posts\/70065","targetHints":{"allow":["GET"]}}],"collection":[{"href":"https:\/\/catolicanet.net\/wp-cnet\/wp-json\/wp\/v2\/posts"}],"about":[{"href":"https:\/\/catolicanet.net\/wp-cnet\/wp-json\/wp\/v2\/types\/post"}],"author":[{"embeddable":true,"href":"https:\/\/catolicanet.net\/wp-cnet\/wp-json\/wp\/v2\/users\/1"}],"replies":[{"embeddable":true,"href":"https:\/\/catolicanet.net\/wp-cnet\/wp-json\/wp\/v2\/comments?post=70065"}],"version-history":[{"count":1,"href":"https:\/\/catolicanet.net\/wp-cnet\/wp-json\/wp\/v2\/posts\/70065\/revisions"}],"predecessor-version":[{"id":70067,"href":"https:\/\/catolicanet.net\/wp-cnet\/wp-json\/wp\/v2\/posts\/70065\/revisions\/70067"}],"wp:featuredmedia":[{"embeddable":true,"href":"https:\/\/catolicanet.net\/wp-cnet\/wp-json\/wp\/v2\/media\/70066"}],"wp:attachment":[{"href":"https:\/\/catolicanet.net\/wp-cnet\/wp-json\/wp\/v2\/media?parent=70065"}],"wp:term":[{"taxonomy":"category","embeddable":true,"href":"https:\/\/catolicanet.net\/wp-cnet\/wp-json\/wp\/v2\/categories?post=70065"},{"taxonomy":"post_tag","embeddable":true,"href":"https:\/\/catolicanet.net\/wp-cnet\/wp-json\/wp\/v2\/tags?post=70065"}],"curies":[{"name":"wp","href":"https:\/\/api.w.org\/{rel}","templated":true}]}}