{"id":70022,"date":"2021-09-16T09:48:15","date_gmt":"2021-09-16T12:48:15","guid":{"rendered":"https:\/\/catolicanet.net\/wp-cnet\/?p=70022"},"modified":"2021-09-16T16:51:17","modified_gmt":"2021-09-16T19:51:17","slug":"papa-francisco-diante-do-icone-da-mae-de-deus-durante-a-divina-liturgia-na-eslovaquia-vatican-media","status":"publish","type":"post","link":"https:\/\/catolicanet.net\/wp-cnet\/papa-francisco-diante-do-icone-da-mae-de-deus-durante-a-divina-liturgia-na-eslovaquia-vatican-media\/","title":{"rendered":"Papa Francisco diante do \u00edcone da M\u00e3e de Deus durante a Divina Liturgia na Eslov\u00e1quia  (Vatican Media)"},"content":{"rendered":"<div class=\"article__subTitle\" style=\"text-align: justify;\">O arcebispo greco-cat\u00f3lico, Dom Cyril Vasil&#8217; se det\u00e9m particularmente no car\u00e1ter ecum\u00eanico da viagem apost\u00f3lica do Papa Francisco. Da Eslov\u00e1quia, de onde o Pont\u00edfice se despediu na quarta-feira (15), h\u00e1 grande satisfa\u00e7\u00e3o pelos gestos, palavras, encontros e liturgias que bem representaram o rosto universal da Igreja<\/div>\n<div class=\"title__separator\" style=\"text-align: justify;\"><\/div>\n<div class=\"article__text \">\n<p style=\"text-align: justify;\"><b>Michele Raviart \u2013 Vatican News<\/b><\/p>\n<p style=\"text-align: justify;\">Na Eslov\u00e1quia, no cora\u00e7\u00e3o da Europa, a viagem apost\u00f3lica do Papa Francisco deixou uma forte marca ecum\u00eanica. O tema da abertura &#8211; o Pont\u00edfice partiu com um convite aos crist\u00e3os para serem construtores do di\u00e1logo em meio aos ego\u00edsmos &#8211; marcou os encontros nesta terra, entre o Oriente e o Ocidente, assim como na Hungria. Algumas horas ap\u00f3s o final da visita de Francisco, Dom Cyril Vasil&#8217;, Eparca greco-cat\u00f3lico de Kosi\u00e7e, recorda as etapas.<\/p>\n<div style=\"text-align: justify;\">\n<div class=\"article__embed article__embed--unwrap article__embed--dark\">\n<div class=\"article__innerTitle\">Ou\u00e7a e compartilhe!<\/div>\n<div>\n<!--[if lt IE 9]><script>document.createElement('audio');<\/script><![endif]-->\n<audio class=\"wp-audio-shortcode\" id=\"audio-70022-1\" preload=\"none\" style=\"width: 100%;\" controls=\"controls\"><source type=\"audio\/mpeg\" src=\"https:\/\/media.vaticannews.va\/media\/audio\/s1\/2021\/09\/16\/15\/136184942_F136184942.mp3?_=1\" \/><a href=\"https:\/\/media.vaticannews.va\/media\/audio\/s1\/2021\/09\/16\/15\/136184942_F136184942.mp3\">https:\/\/media.vaticannews.va\/media\/audio\/s1\/2021\/09\/16\/15\/136184942_F136184942.mp3<\/a><\/audio>\n<\/div>\n<\/div>\n<\/div>\n<p style=\"text-align: justify;\"><i>O que ficou da visita do Papa para a Igreja e o povo eslovaco?<\/i><\/p>\n<p style=\"text-align: justify;\">Todos poder\u00e3o tirar conclus\u00f5es desta visita, encontrar alguns gestos ou algumas express\u00f5es em v\u00e1rios n\u00edveis. No n\u00edvel social, por exemplo, seu encontro com representantes do Estado, a Presidente da Eslov\u00e1quia e outros representantes do governo teve impacto na opini\u00e3o p\u00fablica porque p\u00f4de-se ver que h\u00e1 a possibilidade de di\u00e1logo com o mundo secular, o mundo pol\u00edtico e a f\u00e9 cat\u00f3lica. Eles tamb\u00e9m representam o desejo de fazer o bem comum. Portanto, o Santo Padre, dirigiu-se tanto para o mundo social e pol\u00edtico e, durante o encontro ecum\u00eanico, quanto aos bispos e sacerdotes na Catedral de S\u00e3o Martinho. Lembrou-lhes precisamente da maneira evang\u00e9lica de se colocar no mundo de hoje, com maior humildade e vontade de aceitar desafios, n\u00e3o em tom de desafio, mas com a oportunidade de dar testemunho da f\u00e9, da verdade e do Evangelho.<\/p>\n<div style=\"text-align: justify;\">\n<div class=\"article__embed article__embed--unwrap article__embed--photo\">\n<figure><picture><img decoding=\"async\" class=\"loaded\" src=\"https:\/\/www.vaticannews.va\/content\/dam\/vaticannews\/agenzie\/images\/srv\/2021\/09\/12\/2021-09-12-viaggio-apostolico-a-budapes-e-slovacchia\/1631615524371.JPG\/_jcr_content\/renditions\/cq5dam.thumbnail.cropped.750.422.jpeg\" alt=\"Participantes na Divina Liturgia na Eslov\u00e1quia\" data-original=\"\/content\/dam\/vaticannews\/agenzie\/images\/srv\/2021\/09\/12\/2021-09-12-viaggio-apostolico-a-budapes-e-slovacchia\/1631615524371.JPG\/_jcr_content\/renditions\/cq5dam.thumbnail.cropped.750.422.jpeg\" data-was-processed=\"true\" \/><\/picture><\/figure>\n<div class=\"photo_embed--Title\">Participantes na Divina Liturgia na Eslov\u00e1quia<\/div>\n<\/div>\n<\/div>\n<p style=\"text-align: justify;\"><i>Desta viagem, o que ficou marcado para o senhor? Especialmente no dia em Kosi\u00e7e, que \u00e9 sua cidade?<\/i><\/p>\n<p style=\"text-align: justify;\">O Santo Padre chegou em Kosi\u00e7e e depois foi a Pr\u00e9sov, onde celebrou a Divina Liturgia de S\u00e3o Jo\u00e3o Cris\u00f3stomo, celebrada com uma devo\u00e7\u00e3o que expressa a beleza do rito bizantino e oriental. Foi um belo testemunho da universalidade da Igreja. Pela primeira vez na jovem hist\u00f3ria da Eslov\u00e1quia, durante as visitas papais &#8211; recordemos tamb\u00e9m as visitas anteriores de S\u00e3o Jo\u00e3o Paulo II &#8211; foi celebrada a liturgia oriental, a liturgia eucar\u00edstica que \u00e9 a express\u00e3o m\u00e1xima da unidade da Igreja. Ter uma liturgia presidida pelo Papa, com tantos bispos e arcebispos maiores, metropolitanos e irm\u00e3os latinos, foi para n\u00f3s um belo testemunho do que significa respirar com dois pulm\u00f5es na Igreja Cat\u00f3lica, porque existe tamb\u00e9m o &#8220;pulm\u00e3o&#8221; oriental. Em seguida, a visita continuou no bairro habitado principalmente pela comunidade cigana, que \u00e9 considerada problem\u00e1tica em muitos aspectos devido a suas caracter\u00edsticas culturais e sociol\u00f3gicas. O bairro fica na periferia da cidade, no sentido real e material, mas tamb\u00e9m \u00e9 frequentemente considerado como periferia do interesse da maioria da sociedade. A visita do Santo Padre foi, portanto, uma mensagem tanto para a comunidade na Eslov\u00e1quia quanto para toda a comunidade cigana, \u00e0 qual ele procurou encorajar, sobretudo em seus esfor\u00e7os para conseguir uma maior integra\u00e7\u00e3o. O Papa Francisco quis dizer que somos todos bem-vindos na Igreja, somos todos irm\u00e3os, e esta \u00e9 uma mensagem muito importante. A celebra\u00e7\u00e3o final em Kosi\u00e7e foi o encontro com os jovens no est\u00e1dio Lokomotiva. O Papa foi recebido em um clima de verdadeira alegria. Tamb\u00e9m ali falaram de testemunhos da vida real: prepara\u00e7\u00e3o para o casamento, castidade pr\u00e9-matrimonial, as dificuldades de viver o sacramento da Reconcilia\u00e7\u00e3o. O Santo Padre dirigiu-se aos jovens, criando um di\u00e1logo com a multid\u00e3o presente, recordando-lhes precisamente esta coragem em seguir escolhas dif\u00edceis, mas que se baseiam na confian\u00e7a na Provid\u00eancia de Deus. N\u00e3o ter medo de decis\u00f5es, n\u00e3o viver temporariamente e depois tamb\u00e9m seguir um ideal, mas n\u00e3o os sonhos e ilus\u00f5es que muitas vezes s\u00e3o oferecidos pela maneira mundana de viver a pr\u00f3pria vida. O encontro que se realizou com os jovens, tamb\u00e9m com muitas pessoas que estavam fora do est\u00e1dio, teve um clima realmente muito alegre.<\/p>\n<p style=\"text-align: justify;\"><i>Com rela\u00e7\u00e3o \u00e0 Divina Liturgia, houve uma aten\u00e7\u00e3o especial pela Igreja Greco-Cat\u00f3lica. H\u00e1 alguma palavra, algum gesto que o tenha tocado durante a viagem apost\u00f3lica?<\/i><\/p>\n<p style=\"text-align: justify;\">Para mim, uma recorda\u00e7\u00e3o particularmente cara \u00e9 que durante a liturgia ficou exposto o \u00edcone da M\u00e3e de Deus do vilarejo de Klococov, onde este \u00edcone chorou 351 anos atr\u00e1s, em um per\u00edodo dif\u00edcil. O \u00edcone original n\u00e3o pode mais ser encontrado, este que foi exibido \u00e9 uma c\u00f3pia que recentemente foi em peregrina\u00e7\u00e3o da nossa diocese at\u00e9 Roma na Festa de S\u00e3o Pedro e S\u00e3o Paulo, e ficou exposto no altar da Bas\u00edlica de S\u00e3o Pedro. Desta vez, o Santo Padre veio restituir a visita que o \u00edcone lhe fez em Roma e o coroou novamente com duas coroas de prata. Ap\u00f3s terminar sua ora\u00e7\u00e3o, o Papa come\u00e7ou a se mover e de repente parou e olhou novamente para o \u00edcone, como se houvesse uma ora\u00e7\u00e3o especial entre eles ou ainda houvesse algo a dizer um ao outro, antes de partir. Pelo menos foi assim que eu percebi este pequeno gesto, esta &#8220;nuance espiritual&#8221;.<\/p>\n<\/div>\n","protected":false},"excerpt":{"rendered":"<p>O arcebispo greco-cat\u00f3lico, Dom Cyril Vasil&#8217; se det\u00e9m particularmente no car\u00e1ter ecum\u00eanico da viagem apost\u00f3lica do Papa Francisco. Da Eslov\u00e1quia, de onde o Pont\u00edfice se despediu na quarta-feira (15), h\u00e1 grande satisfa\u00e7\u00e3o pelos gestos, palavras, encontros e liturgias que bem representaram o rosto universal da Igreja Michele Raviart \u2013 Vatican News Na Eslov\u00e1quia, no cora\u00e7\u00e3o [&hellip;]<\/p>\n","protected":false},"author":1,"featured_media":70023,"comment_status":"open","ping_status":"closed","sticky":false,"template":"","format":"standard","meta":{"footnotes":""},"categories":[3],"tags":[],"class_list":["post-70022","post","type-post","status-publish","format-standard","has-post-thumbnail","hentry","category-vaticano"],"_links":{"self":[{"href":"https:\/\/catolicanet.net\/wp-cnet\/wp-json\/wp\/v2\/posts\/70022","targetHints":{"allow":["GET"]}}],"collection":[{"href":"https:\/\/catolicanet.net\/wp-cnet\/wp-json\/wp\/v2\/posts"}],"about":[{"href":"https:\/\/catolicanet.net\/wp-cnet\/wp-json\/wp\/v2\/types\/post"}],"author":[{"embeddable":true,"href":"https:\/\/catolicanet.net\/wp-cnet\/wp-json\/wp\/v2\/users\/1"}],"replies":[{"embeddable":true,"href":"https:\/\/catolicanet.net\/wp-cnet\/wp-json\/wp\/v2\/comments?post=70022"}],"version-history":[{"count":1,"href":"https:\/\/catolicanet.net\/wp-cnet\/wp-json\/wp\/v2\/posts\/70022\/revisions"}],"predecessor-version":[{"id":70024,"href":"https:\/\/catolicanet.net\/wp-cnet\/wp-json\/wp\/v2\/posts\/70022\/revisions\/70024"}],"wp:featuredmedia":[{"embeddable":true,"href":"https:\/\/catolicanet.net\/wp-cnet\/wp-json\/wp\/v2\/media\/70023"}],"wp:attachment":[{"href":"https:\/\/catolicanet.net\/wp-cnet\/wp-json\/wp\/v2\/media?parent=70022"}],"wp:term":[{"taxonomy":"category","embeddable":true,"href":"https:\/\/catolicanet.net\/wp-cnet\/wp-json\/wp\/v2\/categories?post=70022"},{"taxonomy":"post_tag","embeddable":true,"href":"https:\/\/catolicanet.net\/wp-cnet\/wp-json\/wp\/v2\/tags?post=70022"}],"curies":[{"name":"wp","href":"https:\/\/api.w.org\/{rel}","templated":true}]}}