{"id":70005,"date":"2021-09-15T09:57:10","date_gmt":"2021-09-15T12:57:10","guid":{"rendered":"https:\/\/catolicanet.net\/wp-cnet\/?p=70005"},"modified":"2021-09-15T18:01:14","modified_gmt":"2021-09-15T21:01:14","slug":"oracao-do-papa-francisco-a-nossa-senhora-das-dores","status":"publish","type":"post","link":"https:\/\/catolicanet.net\/wp-cnet\/oracao-do-papa-francisco-a-nossa-senhora-das-dores\/","title":{"rendered":"Ora\u00e7\u00e3o do Papa Francisco a Nossa Senhora das Dores"},"content":{"rendered":"<h2 class=\"subtitle\" style=\"text-align: justify;\">&#8220;Curai com a vossa do\u00e7ura as nossas feridas&#8221;, pediu o Santo Padre<\/h2>\n<p style=\"text-align: justify;\">Esta ora\u00e7\u00e3o a Nossa Senhora das Dores uniu os bispos da Eslov\u00e1quia com o Papa Francisco no \u00faltimo dia da viagem apost\u00f3lica \u00e0quela na\u00e7\u00e3o (15 de setembro de 2021). Nossa Senhora das Dores \u00e9 a padroeira da Eslov\u00e1quia.<\/p>\n<p style=\"text-align: justify;\">Reze voc\u00ea tamb\u00e9m:<\/p>\n<div style=\"text-align: justify;\"><\/div>\n<p style=\"text-align: justify;\">\u201cNossa Senhora das Sete Dores,<br \/>\nestamos reunidos aqui diante de V\u00f3s como irm\u00e3os,<br \/>\nagradecidos ao Senhor pelo seu amor misericordioso.<br \/>\nE V\u00f3s estais aqui connosco,<br \/>\ncomo com os Ap\u00f3stolos no Cen\u00e1culo.<\/p>\n<p style=\"text-align: justify;\">M\u00e3e da Igreja e Consoladora dos aflitos,<br \/>\nvoltamo-nos confiadamente para V\u00f3s,<br \/>\nnas alegrias e fadigas do nosso minist\u00e9rio.<br \/>\nOlhai para n\u00f3s com ternura<br \/>\ne acolhei-nos nos vossos bra\u00e7os.<\/p>\n<p style=\"text-align: justify;\">Rainha dos Ap\u00f3stolos e Ref\u00fagio dos pecadores,<br \/>\nque conheceis as nossas limita\u00e7\u00f5es humanas,<br \/>\nos falhan\u00e7os espirituais,<br \/>\no sofrimento pela solid\u00e3o e pelo abandono:<br \/>\ncurai com a vossa do\u00e7ura as nossas feridas.<\/p>\n<p style=\"text-align: justify;\">M\u00e3e de Deus e nossa M\u00e3e,<br \/>\nconfiamo-Vos a nossa vida e a nossa p\u00e1tria,<br \/>\nconfiamo-Vos a nossa pr\u00f3pria comunh\u00e3o episcopal.<br \/>\nObtende-nos a gra\u00e7a<br \/>\nde vivermos fielmente dia a dia<br \/>\nas palavras que o vosso Filho Jesus nos ensinou<br \/>\ne que agora, n\u2019Ele e com Ele,<br \/>\ndirigimos a Deus nosso Pai. Am\u00e9m.\u201d<\/p>\n","protected":false},"excerpt":{"rendered":"<p>&#8220;Curai com a vossa do\u00e7ura as nossas feridas&#8221;, pediu o Santo Padre Esta ora\u00e7\u00e3o a Nossa Senhora das Dores uniu os bispos da Eslov\u00e1quia com o Papa Francisco no \u00faltimo dia da viagem apost\u00f3lica \u00e0quela na\u00e7\u00e3o (15 de setembro de 2021). Nossa Senhora das Dores \u00e9 a padroeira da Eslov\u00e1quia. Reze voc\u00ea tamb\u00e9m: \u201cNossa Senhora [&hellip;]<\/p>\n","protected":false},"author":1,"featured_media":70006,"comment_status":"open","ping_status":"closed","sticky":false,"template":"","format":"standard","meta":{"footnotes":""},"categories":[4],"tags":[],"class_list":["post-70005","post","type-post","status-publish","format-standard","has-post-thumbnail","hentry","category-cotidiano"],"_links":{"self":[{"href":"https:\/\/catolicanet.net\/wp-cnet\/wp-json\/wp\/v2\/posts\/70005","targetHints":{"allow":["GET"]}}],"collection":[{"href":"https:\/\/catolicanet.net\/wp-cnet\/wp-json\/wp\/v2\/posts"}],"about":[{"href":"https:\/\/catolicanet.net\/wp-cnet\/wp-json\/wp\/v2\/types\/post"}],"author":[{"embeddable":true,"href":"https:\/\/catolicanet.net\/wp-cnet\/wp-json\/wp\/v2\/users\/1"}],"replies":[{"embeddable":true,"href":"https:\/\/catolicanet.net\/wp-cnet\/wp-json\/wp\/v2\/comments?post=70005"}],"version-history":[{"count":1,"href":"https:\/\/catolicanet.net\/wp-cnet\/wp-json\/wp\/v2\/posts\/70005\/revisions"}],"predecessor-version":[{"id":70007,"href":"https:\/\/catolicanet.net\/wp-cnet\/wp-json\/wp\/v2\/posts\/70005\/revisions\/70007"}],"wp:featuredmedia":[{"embeddable":true,"href":"https:\/\/catolicanet.net\/wp-cnet\/wp-json\/wp\/v2\/media\/70006"}],"wp:attachment":[{"href":"https:\/\/catolicanet.net\/wp-cnet\/wp-json\/wp\/v2\/media?parent=70005"}],"wp:term":[{"taxonomy":"category","embeddable":true,"href":"https:\/\/catolicanet.net\/wp-cnet\/wp-json\/wp\/v2\/categories?post=70005"},{"taxonomy":"post_tag","embeddable":true,"href":"https:\/\/catolicanet.net\/wp-cnet\/wp-json\/wp\/v2\/tags?post=70005"}],"curies":[{"name":"wp","href":"https:\/\/api.w.org\/{rel}","templated":true}]}}