{"id":69981,"date":"2021-09-15T09:30:19","date_gmt":"2021-09-15T12:30:19","guid":{"rendered":"https:\/\/catolicanet.net\/wp-cnet\/?p=69981"},"modified":"2021-09-15T17:31:58","modified_gmt":"2021-09-15T20:31:58","slug":"em-1-minuto-o-terceiro-dia-do-papa-na-eslovaquia","status":"publish","type":"post","link":"https:\/\/catolicanet.net\/wp-cnet\/em-1-minuto-o-terceiro-dia-do-papa-na-eslovaquia\/","title":{"rendered":"Em 1 minuto, o terceiro dia do Papa na Eslov\u00e1quia"},"content":{"rendered":"<p style=\"text-align: justify;\">Da acolhida logo cedo no aeroporto de Ko\u0161ice ao emocionante e intenso encontro com os jovens no Est\u00e1dio Lokomotiva, passando pela Divina Liturgia bizantina de S\u00e3o Jo\u00e3o Cris\u00f3stomo em Pre\u0161ov e o encontro com a comunidade Rom. Confira as imagens exclusivas dos cinegrafistas da m\u00eddia do Vaticano que acompanham o Santo Padre em mais esta peregrina\u00e7\u00e3o!<\/p>\n<p><iframe loading=\"lazy\" title=\"14 September 2021 Pope Francis Apostolic Journey to Slovakia  - Exclusive Images Vatican Media\" width=\"696\" height=\"392\" src=\"https:\/\/www.youtube.com\/embed\/UABCDOgDQ2g?feature=oembed\" frameborder=\"0\" allow=\"accelerometer; autoplay; clipboard-write; encrypted-media; gyroscope; picture-in-picture\" allowfullscreen><\/iframe><\/p>\n","protected":false},"excerpt":{"rendered":"<p>Da acolhida logo cedo no aeroporto de Ko\u0161ice ao emocionante e intenso encontro com os jovens no Est\u00e1dio Lokomotiva, passando pela Divina Liturgia bizantina de S\u00e3o Jo\u00e3o Cris\u00f3stomo em Pre\u0161ov e o encontro com a comunidade Rom. Confira as imagens exclusivas dos cinegrafistas da m\u00eddia do Vaticano que acompanham o Santo Padre em mais esta [&hellip;]<\/p>\n","protected":false},"author":1,"featured_media":69982,"comment_status":"open","ping_status":"closed","sticky":false,"template":"","format":"standard","meta":{"footnotes":""},"categories":[3],"tags":[],"class_list":["post-69981","post","type-post","status-publish","format-standard","has-post-thumbnail","hentry","category-vaticano"],"_links":{"self":[{"href":"https:\/\/catolicanet.net\/wp-cnet\/wp-json\/wp\/v2\/posts\/69981","targetHints":{"allow":["GET"]}}],"collection":[{"href":"https:\/\/catolicanet.net\/wp-cnet\/wp-json\/wp\/v2\/posts"}],"about":[{"href":"https:\/\/catolicanet.net\/wp-cnet\/wp-json\/wp\/v2\/types\/post"}],"author":[{"embeddable":true,"href":"https:\/\/catolicanet.net\/wp-cnet\/wp-json\/wp\/v2\/users\/1"}],"replies":[{"embeddable":true,"href":"https:\/\/catolicanet.net\/wp-cnet\/wp-json\/wp\/v2\/comments?post=69981"}],"version-history":[{"count":1,"href":"https:\/\/catolicanet.net\/wp-cnet\/wp-json\/wp\/v2\/posts\/69981\/revisions"}],"predecessor-version":[{"id":69983,"href":"https:\/\/catolicanet.net\/wp-cnet\/wp-json\/wp\/v2\/posts\/69981\/revisions\/69983"}],"wp:featuredmedia":[{"embeddable":true,"href":"https:\/\/catolicanet.net\/wp-cnet\/wp-json\/wp\/v2\/media\/69982"}],"wp:attachment":[{"href":"https:\/\/catolicanet.net\/wp-cnet\/wp-json\/wp\/v2\/media?parent=69981"}],"wp:term":[{"taxonomy":"category","embeddable":true,"href":"https:\/\/catolicanet.net\/wp-cnet\/wp-json\/wp\/v2\/categories?post=69981"},{"taxonomy":"post_tag","embeddable":true,"href":"https:\/\/catolicanet.net\/wp-cnet\/wp-json\/wp\/v2\/tags?post=69981"}],"curies":[{"name":"wp","href":"https:\/\/api.w.org\/{rel}","templated":true}]}}