{"id":69887,"date":"2021-09-13T09:49:45","date_gmt":"2021-09-13T12:49:45","guid":{"rendered":"https:\/\/catolicanet.net\/wp-cnet\/?p=69887"},"modified":"2021-09-13T13:53:01","modified_gmt":"2021-09-13T16:53:01","slug":"que-o-anuncio-do-evangelho-seja-libertador-os-votos-do-papa-a-igreja-eslovaca","status":"publish","type":"post","link":"https:\/\/catolicanet.net\/wp-cnet\/que-o-anuncio-do-evangelho-seja-libertador-os-votos-do-papa-a-igreja-eslovaca\/","title":{"rendered":"Que o an\u00fancio do Evangelho seja libertador: os votos do Papa \u00e0 Igreja eslovaca"},"content":{"rendered":"<div class=\"article__subTitle\" style=\"text-align: justify;\">\u201cA Igreja de Cristo n\u00e3o quer dominar as consci\u00eancias e ocupar os espa\u00e7os, quer ser uma \u00abfonte\u00bb de esperan\u00e7a na vida das pessoas. (..) Que ningu\u00e9m se sinta oprimido. (&#8230;) Que o an\u00fancio do Evangelho seja libertador, nunca opressivo; e a Igreja, sinal de liberdade e acolhimento\u201d, disse o Papa aos membros da Igreja eslovaca.<\/div>\n<div class=\"title__separator\" style=\"text-align: justify;\"><\/div>\n<div class=\"article__text \">\n<p style=\"text-align: justify;\"><b>Vatican News<\/b><\/p>\n<p><iframe loading=\"lazy\" title=\"Bratislava, Encontro com o clero, 13 de setembro de 2021 Papa Francisco\" width=\"696\" height=\"392\" src=\"https:\/\/www.youtube.com\/embed\/MSdPXT9snaY?feature=oembed\" frameborder=\"0\" allow=\"accelerometer; autoplay; clipboard-write; encrypted-media; gyroscope; picture-in-picture\" allowfullscreen><\/iframe><\/p>\n<p style=\"text-align: justify;\">Onde quer que v\u00e1, para o Papa Francisco o encontro com bispos, sacerdotes, religiosos, seminaristas e catequistas \u00e9 o momento de uma conversa franca e sincera, quando se &#8220;sente em casa&#8221;. E n\u00e3o foi diferente com os eslovacos: \u201cVenho como irm\u00e3o, um de voc\u00eas\u201d, disse ele, na Catedral de S\u00e3o Martinho, em Bratislava.<\/p>\n<div style=\"text-align: justify;\">\n<div class=\"article__embed article__embed--unwrap article__embed--dark\">\n<div class=\"article__innerTitle\">Ou\u00e7a e compartilhe<\/div>\n<div>\n<audio class=\"wp-audio-shortcode\" id=\"audio-69887-1\" preload=\"none\" style=\"width: 100%;\" controls=\"controls\"><source type=\"audio\/mpeg\" src=\"https:\/\/media.vaticannews.va\/media\/audio\/s1\/2021\/09\/13\/11\/136179939_F136179939.mp3?_=1\" \/><a href=\"https:\/\/media.vaticannews.va\/media\/audio\/s1\/2021\/09\/13\/11\/136179939_F136179939.mp3\">https:\/\/media.vaticannews.va\/media\/audio\/s1\/2021\/09\/13\/11\/136179939_F136179939.mp3<\/a><\/audio>\n<\/div>\n<\/div>\n<\/div>\n<p style=\"text-align: justify;\">\u201cEstou aqui para partilhar o seu caminho\u201d, afirmou, e a Igreja se faz em conjunto, percorrendo as estradas da vida com a chama do Evangelho acesa.<\/p>\n<p style=\"text-align: justify;\">A Igreja n\u00e3o \u00e9 uma fortaleza, um castelo. \u201cAqui, em Bratislava, o castelo j\u00e1 existe. E \u00e9 belo!\u201d Mas a Igreja \u00e9 a comunidade que deseja atrair para Cristo mediante a alegria do Evangelho. Ent\u00e3o \u00e9 l\u00edcito perguntar: O que \u00e9 que se espera da Igreja? Francisco respondeu com tr\u00eas palavras: liberdade, criatividade e di\u00e1logo.<\/p>\n<p style=\"text-align: justify;\">\u201cSem liberdade n\u00e3o h\u00e1 verdadeira humanidade\u201d, afirmou o Papa. O ser humano foi criado livre para permanecer livre.<\/p>\n<p style=\"text-align: justify;\">\u201cA Igreja de Cristo n\u00e3o quer dominar as consci\u00eancias e ocupar os espa\u00e7os, quer ser uma \u00abfonte\u00bb de esperan\u00e7a na vida das pessoas. (..) Que ningu\u00e9m se sinta oprimido. (&#8230;) Que o an\u00fancio do Evangelho seja libertador, nunca opressivo; e a Igreja, sinal de liberdade e acolhimento.\u201d<\/p>\n<p style=\"text-align: justify;\">Ao falar da criatividade<i>,\u00a0<\/i>o Pont\u00edfice chamou em causa as<i>\u00a0<\/i>figuras dos Santos Cirilo e Met\u00f3dio, evangelizadores das terras eslavas. Cirilo e Met\u00f3dio inventaram um novo alfabeto para a tradu\u00e7\u00e3o da B\u00edblia. Ent\u00e3o o Papa fez uma provoca\u00e7\u00e3o: \u201cPor acaso n\u00e3o precisa disto, tamb\u00e9m hoje, a Eslov\u00e1quia? Porventura n\u00e3o ser\u00e1 esta a tarefa mais urgente da Igreja entre os povos da Europa: encontrar novos \u00abalfabetos\u00bb para anunciar a f\u00e9?<\/p>\n<p style=\"text-align: justify;\">\u201c\u00c0 vista da perda do sentido de Deus e da alegria da f\u00e9, n\u00e3o adianta lamentar-se, entrincheirar-se num catolicismo defensivo, julgar e acusar o mundo; o que serve \u00e9 a criatividade do Evangelho.\u201d<\/p>\n<p style=\"text-align: justify;\">Por fim, o di\u00e1logo, a necessidade de uma Igreja que sabe dialogar com o mundo, com quem confessa Cristo sem ser \u00abdos nossos\u00bb, com quem vive a fadiga de uma busca religiosa, e at\u00e9 mesmo com quem n\u00e3o cr\u00ea. Para Francisco, \u00e9 preciso responder ao convite de Jesus a romper o c\u00edrculo vicioso e destruidor da viol\u00eancia, \u201capresentando a outra face a quem nos bate, para vencer o mal com o bem\u201d.<\/p>\n<p style=\"text-align: justify;\">Como exemplo, citou a hist\u00f3ria do cardeal jesu\u00edta Korec, perseguido pelo regime, encarcerado, for\u00e7ado a trabalhar at\u00e9 adoecer. \u201cQuando foi a Roma no Jubileu do ano 2000, deslocou-se \u00e0s catacumbas e acendeu uma vela pelos seus perseguidores, implorando para eles miseric\u00f3rdia. Isto \u00e9 Evangelho!\u201d<\/p>\n<p style=\"text-align: justify;\">O Papa concluiu seu discurso fazendo votos de que a Igreja eslovaca continue seu caminho \u201cna liberdade do Evangelho, na criatividade da f\u00e9 e no di\u00e1logo que brota da miseric\u00f3rdia de Deus\u201d.<\/p>\n<\/div>\n","protected":false},"excerpt":{"rendered":"<p>\u201cA Igreja de Cristo n\u00e3o quer dominar as consci\u00eancias e ocupar os espa\u00e7os, quer ser uma \u00abfonte\u00bb de esperan\u00e7a na vida das pessoas. (..) Que ningu\u00e9m se sinta oprimido. (&#8230;) Que o an\u00fancio do Evangelho seja libertador, nunca opressivo; e a Igreja, sinal de liberdade e acolhimento\u201d, disse o Papa aos membros da Igreja eslovaca. [&hellip;]<\/p>\n","protected":false},"author":1,"featured_media":69888,"comment_status":"open","ping_status":"closed","sticky":false,"template":"","format":"standard","meta":{"footnotes":""},"categories":[3],"tags":[],"class_list":["post-69887","post","type-post","status-publish","format-standard","has-post-thumbnail","hentry","category-vaticano"],"_links":{"self":[{"href":"https:\/\/catolicanet.net\/wp-cnet\/wp-json\/wp\/v2\/posts\/69887","targetHints":{"allow":["GET"]}}],"collection":[{"href":"https:\/\/catolicanet.net\/wp-cnet\/wp-json\/wp\/v2\/posts"}],"about":[{"href":"https:\/\/catolicanet.net\/wp-cnet\/wp-json\/wp\/v2\/types\/post"}],"author":[{"embeddable":true,"href":"https:\/\/catolicanet.net\/wp-cnet\/wp-json\/wp\/v2\/users\/1"}],"replies":[{"embeddable":true,"href":"https:\/\/catolicanet.net\/wp-cnet\/wp-json\/wp\/v2\/comments?post=69887"}],"version-history":[{"count":1,"href":"https:\/\/catolicanet.net\/wp-cnet\/wp-json\/wp\/v2\/posts\/69887\/revisions"}],"predecessor-version":[{"id":69889,"href":"https:\/\/catolicanet.net\/wp-cnet\/wp-json\/wp\/v2\/posts\/69887\/revisions\/69889"}],"wp:featuredmedia":[{"embeddable":true,"href":"https:\/\/catolicanet.net\/wp-cnet\/wp-json\/wp\/v2\/media\/69888"}],"wp:attachment":[{"href":"https:\/\/catolicanet.net\/wp-cnet\/wp-json\/wp\/v2\/media?parent=69887"}],"wp:term":[{"taxonomy":"category","embeddable":true,"href":"https:\/\/catolicanet.net\/wp-cnet\/wp-json\/wp\/v2\/categories?post=69887"},{"taxonomy":"post_tag","embeddable":true,"href":"https:\/\/catolicanet.net\/wp-cnet\/wp-json\/wp\/v2\/tags?post=69887"}],"curies":[{"name":"wp","href":"https:\/\/api.w.org\/{rel}","templated":true}]}}