{"id":69820,"date":"2021-09-06T10:01:22","date_gmt":"2021-09-06T13:01:22","guid":{"rendered":"https:\/\/catolicanet.net\/wp-cnet\/?p=69820"},"modified":"2021-09-06T13:02:48","modified_gmt":"2021-09-06T16:02:48","slug":"papa-francisco-denuncia-surdez-do-coracao-e-alerta-pior-do-que-a-fisica","status":"publish","type":"post","link":"https:\/\/catolicanet.net\/wp-cnet\/papa-francisco-denuncia-surdez-do-coracao-e-alerta-pior-do-que-a-fisica\/","title":{"rendered":"Papa Francisco denuncia \u201csurdez do cora\u00e7\u00e3o\u201d e alerta: \u201cpior do que a f\u00edsica\u201d"},"content":{"rendered":"<h2 class=\"subtitle\" style=\"text-align: justify;\">&#8220;Muitos n\u00e3o t\u00eam tanta necessidade de palavras e de prega\u00e7\u00f5es, mas de serem ouvidos&#8221;, disse Francisco<\/h2>\n<p style=\"text-align: justify;\">OPapa Francisco denuncia a \u201csurdez do cora\u00e7\u00e3o\u201d e afirma que ela \u00e9 \u201cpior do que a surdez f\u00edsica\u201d. Ele usou esta met\u00e1fora em refer\u00eancia ao risco de nos tornarmos indiferentes ao pr\u00f3ximo e incapazes de escutar o outro de cora\u00e7\u00e3o.<\/p>\n<p style=\"text-align: justify;\">Em sua\u00a0alocu\u00e7\u00e3o\u00a0antes do \u00c2ngelus dominical, neste dia 5 de setembro, o Papa comentou a passagem do Evangelho de S\u00e3o Marcos (Mc 7,33-34) sobre a cura de um surdo-mudo, realizada por Jesus.<\/p>\n<div style=\"text-align: justify;\"><\/div>\n<p style=\"text-align: justify;\">Francisco declarou:<\/p>\n<p style=\"text-align: justify;\">\u201cTodos n\u00f3s temos ouvidos, todos, mas muitas vezes n\u00e3o conseguimos ouvir. Por qu\u00ea? Irm\u00e3os e irm\u00e3s, existe de fato uma surdez interior, que hoje podemos pedir a Jesus para tocar e curar. A surdez interior \u00e9 pior do que a f\u00edsica, porque \u00e9 a surdez do cora\u00e7\u00e3o. Levados pela pressa, por mil coisas a dizer e fazer, n\u00e3o achamos tempo para parar e ouvir quem fala conosco. Corremos o risco de nos tornarmos imperme\u00e1veis \u200b\u200ba tudo e de n\u00e3o dar espa\u00e7o a quem tem a necessidade de ser ouvido: penso nos filhos, nos jovens, nos idosos, em muitos que n\u00e3o t\u00eam tanta necessidade de palavras e de prega\u00e7\u00f5es, mas de serem ouvidos\u201d.<\/p>\n<h3 id=\"h-surdez-do-cora-o\" style=\"text-align: justify;\">Surdez do cora\u00e7\u00e3o<\/h3>\n<p style=\"text-align: justify;\">O Papa incentivou os fi\u00e9is a se perguntarem:<\/p>\n<p style=\"text-align: justify;\">\u201cComo est\u00e1 a minha escuta? Eu me deixo tocar pela vida das pessoas, sei dedicar tempo \u00e0s pessoas pr\u00f3ximas de mim para escut\u00e1-las? Isto vale para todos n\u00f3s, mas, de modo especial, para os padres, para os sacerdotes. O sacerdote deve escutar as pessoas, n\u00e3o ter pressa. Escutar e ver como pode ajud\u00e1-las, mas depois de ter ouvido. Na vida familiar: quantas vezes se fala sem escutar primeiro, repetindo os pr\u00f3prios refr\u00f5es sempre iguais! Incapazes de ouvir, dizemos sempre as mesmas coisa ou n\u00e3o deixamos que o outro acabe de falar, de se expressar\u2026E n\u00f3s o interrompemos\u201d.<\/p>\n<p style=\"text-align: justify;\">O sil\u00eancio \u00e9 importante neste sentido, esclareceu o Papa:<\/p>\n<p style=\"text-align: justify;\">\u201cO renascimento de um di\u00e1logo, muitas vezes, passa n\u00e3o pelas palavras, mas pelo sil\u00eancio; por n\u00e3o se impor, pelo recome\u00e7ar com paci\u00eancia a ouvir o outro, ouvir as suas fadigas, aquilo que ele traz dentro de si. A cura do cora\u00e7\u00e3o come\u00e7a pela escuta. Isso cura o cora\u00e7\u00e3o. O mesmo vale em rela\u00e7\u00e3o a nosso Senhor. \u00c9 bom inund\u00e1-lo de pedidos, mas \u00e9 melhor ainda colocar-nos primeiro \u00e0 sua escuta. N\u00f3s nos lembramos de ficar \u00e0 escuta do Senhor?\u201d.<\/p>\n<h3 style=\"text-align: justify;\">Jesus passa<\/h3>\n<p style=\"text-align: justify;\">Ele prosseguiu:<\/p>\n<p style=\"text-align: justify;\">\u201cJesus \u00e9 a Palavra: se n\u00e3o paramos para ouvi-lo, Ele passa. Se n\u00e3o paramos para ouvir Jesus, Ele passa. Santo Agostinho dizia: \u2018Tenho medo do Senhor quando Ele passa\u2019. E o medo era de deix\u00e1-lo passar sem ouvi-lo\u201d.<\/p>\n<p style=\"text-align: justify;\">E como ouvi-lo? Francisco explicou:<\/p>\n<p style=\"text-align: justify;\">\u201cSe dedicarmos tempo ao Evangelho, encontraremos um segredo para a nossa sa\u00fade espiritual. Eis o rem\u00e9dio: a cada dia um pouco de sil\u00eancio e de escuta, algumas palavras in\u00fateis a menos e alguma palavra de Deus a mais, sempre com o Evangelho no bolso, que nos ajuda tanto. Jesus pede isso. No Evangelho, quando perguntam a Ele qual \u00e9 o primeiro mandamento, Ele responde: \u2018Ouve, Israel\u2019, acrescentando a seguir: \u2018Amar\u00e1s o Senhor teu Deus de todo o teu cora\u00e7\u00e3o [\u2026] e o teu pr\u00f3ximo como a ti mesmo\u2019. Mas, antes de tudo, Ele diz: \u2018Ouve!\u2019\u201d.<\/p>\n<p style=\"text-align: justify;\">O Papa encerrou:<\/p>\n<p style=\"text-align: justify;\">\u201cQue a Virgem Maria, aberta \u00e0 escuta da Palavra que nela se fez carne, nos ajude todos os dias a escutar o seu Filho no Evangelho e os nossos irm\u00e3os com um cora\u00e7\u00e3o d\u00f3cil, com um cora\u00e7\u00e3o paciente e com cora\u00e7\u00e3o atento\u201d.<\/p>\n","protected":false},"excerpt":{"rendered":"<p>&#8220;Muitos n\u00e3o t\u00eam tanta necessidade de palavras e de prega\u00e7\u00f5es, mas de serem ouvidos&#8221;, disse Francisco OPapa Francisco denuncia a \u201csurdez do cora\u00e7\u00e3o\u201d e afirma que ela \u00e9 \u201cpior do que a surdez f\u00edsica\u201d. Ele usou esta met\u00e1fora em refer\u00eancia ao risco de nos tornarmos indiferentes ao pr\u00f3ximo e incapazes de escutar o outro de [&hellip;]<\/p>\n","protected":false},"author":1,"featured_media":69821,"comment_status":"open","ping_status":"closed","sticky":false,"template":"","format":"standard","meta":{"footnotes":""},"categories":[4,13],"tags":[],"class_list":["post-69820","post","type-post","status-publish","format-standard","has-post-thumbnail","hentry","category-cotidiano","category-featured"],"_links":{"self":[{"href":"https:\/\/catolicanet.net\/wp-cnet\/wp-json\/wp\/v2\/posts\/69820","targetHints":{"allow":["GET"]}}],"collection":[{"href":"https:\/\/catolicanet.net\/wp-cnet\/wp-json\/wp\/v2\/posts"}],"about":[{"href":"https:\/\/catolicanet.net\/wp-cnet\/wp-json\/wp\/v2\/types\/post"}],"author":[{"embeddable":true,"href":"https:\/\/catolicanet.net\/wp-cnet\/wp-json\/wp\/v2\/users\/1"}],"replies":[{"embeddable":true,"href":"https:\/\/catolicanet.net\/wp-cnet\/wp-json\/wp\/v2\/comments?post=69820"}],"version-history":[{"count":1,"href":"https:\/\/catolicanet.net\/wp-cnet\/wp-json\/wp\/v2\/posts\/69820\/revisions"}],"predecessor-version":[{"id":69822,"href":"https:\/\/catolicanet.net\/wp-cnet\/wp-json\/wp\/v2\/posts\/69820\/revisions\/69822"}],"wp:featuredmedia":[{"embeddable":true,"href":"https:\/\/catolicanet.net\/wp-cnet\/wp-json\/wp\/v2\/media\/69821"}],"wp:attachment":[{"href":"https:\/\/catolicanet.net\/wp-cnet\/wp-json\/wp\/v2\/media?parent=69820"}],"wp:term":[{"taxonomy":"category","embeddable":true,"href":"https:\/\/catolicanet.net\/wp-cnet\/wp-json\/wp\/v2\/categories?post=69820"},{"taxonomy":"post_tag","embeddable":true,"href":"https:\/\/catolicanet.net\/wp-cnet\/wp-json\/wp\/v2\/tags?post=69820"}],"curies":[{"name":"wp","href":"https:\/\/api.w.org\/{rel}","templated":true}]}}