{"id":69799,"date":"2021-09-06T09:38:22","date_gmt":"2021-09-06T12:38:22","guid":{"rendered":"https:\/\/catolicanet.net\/wp-cnet\/?p=69799"},"modified":"2021-09-06T12:47:09","modified_gmt":"2021-09-06T15:47:09","slug":"cardeal-parolin-o-sofrimento-do-afeganistao-poderia-ter-sido-evitado","status":"publish","type":"post","link":"https:\/\/catolicanet.net\/wp-cnet\/cardeal-parolin-o-sofrimento-do-afeganistao-poderia-ter-sido-evitado\/","title":{"rendered":"Cardeal Parolin: o sofrimento do Afeganist\u00e3o poderia ter sido evitado"},"content":{"rendered":"<figure class=\"article__image\" style=\"text-align: justify;\"><span class=\"didascalia_img\">Mulher afeg\u00e3 com seus filhos\u00a0 (AFP or licensors)<\/span><\/figure>\n<div class=\"article__meta audioInside\" data-mediatype=\"\">\n<div class=\"article__subTitle\" style=\"text-align: justify;\">A situa\u00e7\u00e3o no pa\u00eds asi\u00e1tico e a quest\u00e3o das vacinas s\u00e3o alguns dos t\u00f3picos sobre os quais o Cardeal Parolin falou durante sua visita ao Santu\u00e1rio de Montevergine<\/div>\n<div class=\"title__separator\" style=\"text-align: justify;\"><\/div>\n<div class=\"article__text \">\n<p style=\"text-align: justify;\"><b>Vatican News<\/b><\/p>\n<p style=\"text-align: justify;\">A situa\u00e7\u00e3o no Afeganist\u00e3o n\u00e3o \u00e9 simples: a decis\u00e3o da retirada das for\u00e7as ocidentais poderia ter sido tomada de forma mais ordenada e sem criar todo esse sofrimento. Esta \u00e9 a opini\u00e3o do Secret\u00e1rio de Estado do Vaticano, Cardeal Pietro Parolin, em visita ao Santu\u00e1rio de Montevergine, onde presidiu a celebra\u00e7\u00e3o eucar\u00edstica que encerrou as celebra\u00e7\u00f5es em honra da Nossa Senhora do Santu\u00e1rio. O cardeal explicou que acompanhou a situa\u00e7\u00e3o do ponto de vista humanit\u00e1rio, mantendo contato com as pessoas que trabalham ali. Conseguimos trazer para casa o sacerdote e as irm\u00e3s de Madre Teresa que estavam presentes e que n\u00e3o queriam deixar as crian\u00e7as que cuidavam, disse, salientando que em meio a tantas situa\u00e7\u00f5es de viol\u00eancia, o fato de contar com gestos de amor como este d\u00e1 muita alegria e esperan\u00e7a de que se possa fazer mais e melhor.<\/p>\n<div style=\"text-align: justify;\">\n<div class=\"article__embed article__embed--unwrap article__embed--dark\">\n<div class=\"article__innerTitle\">Ou\u00e7a e compartilhe!<\/div>\n<div>\n<!--[if lt IE 9]><script>document.createElement('audio');<\/script><![endif]-->\n<audio class=\"wp-audio-shortcode\" id=\"audio-69799-1\" preload=\"none\" style=\"width: 100%;\" controls=\"controls\"><source type=\"audio\/mpeg\" src=\"https:\/\/media.vaticannews.va\/media\/audio\/s1\/2021\/09\/06\/12\/136172385_F136172385.mp3?_=1\" \/><a href=\"https:\/\/media.vaticannews.va\/media\/audio\/s1\/2021\/09\/06\/12\/136172385_F136172385.mp3\">https:\/\/media.vaticannews.va\/media\/audio\/s1\/2021\/09\/06\/12\/136172385_F136172385.mp3<\/a><\/audio>\n<\/div>\n<\/div>\n<\/div>\n<p style=\"text-align: justify;\">Tamb\u00e9m falou sobre a pandemia especificando que a Igreja n\u00e3o entra no m\u00e9rito das normas e leis do Estado italiano, assim o cardeal reiterou o que o Papa Francisco disse: vacinar \u00e9 um ato de amor a si mesmo e aos outros, e \u00e9 um ato de responsabilidade, renovando deste modo o apelo para enfrentar corajosamente os desafios colocados pela emerg\u00eancia sanit\u00e1ria.\u00a0 Sobre a cirurgia a que o Papa se submeteu em julho, ele explicou que Francisco est\u00e1 se recuperando muito bem. Por fim o cardeal tamb\u00e9m acrescentou que transmitir\u00e1 ao Papa o convite para visitar o Santu\u00e1rio de Montevergine que se encontra na regi\u00e3o de Abruzzo na It\u00e1lia central.<\/p>\n<\/div>\n<\/div>\n","protected":false},"excerpt":{"rendered":"<p>Mulher afeg\u00e3 com seus filhos\u00a0 (AFP or licensors) A situa\u00e7\u00e3o no pa\u00eds asi\u00e1tico e a quest\u00e3o das vacinas s\u00e3o alguns dos t\u00f3picos sobre os quais o Cardeal Parolin falou durante sua visita ao Santu\u00e1rio de Montevergine Vatican News A situa\u00e7\u00e3o no Afeganist\u00e3o n\u00e3o \u00e9 simples: a decis\u00e3o da retirada das for\u00e7as ocidentais poderia ter sido [&hellip;]<\/p>\n","protected":false},"author":1,"featured_media":69800,"comment_status":"open","ping_status":"closed","sticky":false,"template":"","format":"standard","meta":{"footnotes":""},"categories":[13,3],"tags":[],"class_list":["post-69799","post","type-post","status-publish","format-standard","has-post-thumbnail","hentry","category-featured","category-vaticano"],"_links":{"self":[{"href":"https:\/\/catolicanet.net\/wp-cnet\/wp-json\/wp\/v2\/posts\/69799","targetHints":{"allow":["GET"]}}],"collection":[{"href":"https:\/\/catolicanet.net\/wp-cnet\/wp-json\/wp\/v2\/posts"}],"about":[{"href":"https:\/\/catolicanet.net\/wp-cnet\/wp-json\/wp\/v2\/types\/post"}],"author":[{"embeddable":true,"href":"https:\/\/catolicanet.net\/wp-cnet\/wp-json\/wp\/v2\/users\/1"}],"replies":[{"embeddable":true,"href":"https:\/\/catolicanet.net\/wp-cnet\/wp-json\/wp\/v2\/comments?post=69799"}],"version-history":[{"count":1,"href":"https:\/\/catolicanet.net\/wp-cnet\/wp-json\/wp\/v2\/posts\/69799\/revisions"}],"predecessor-version":[{"id":69801,"href":"https:\/\/catolicanet.net\/wp-cnet\/wp-json\/wp\/v2\/posts\/69799\/revisions\/69801"}],"wp:featuredmedia":[{"embeddable":true,"href":"https:\/\/catolicanet.net\/wp-cnet\/wp-json\/wp\/v2\/media\/69800"}],"wp:attachment":[{"href":"https:\/\/catolicanet.net\/wp-cnet\/wp-json\/wp\/v2\/media?parent=69799"}],"wp:term":[{"taxonomy":"category","embeddable":true,"href":"https:\/\/catolicanet.net\/wp-cnet\/wp-json\/wp\/v2\/categories?post=69799"},{"taxonomy":"post_tag","embeddable":true,"href":"https:\/\/catolicanet.net\/wp-cnet\/wp-json\/wp\/v2\/tags?post=69799"}],"curies":[{"name":"wp","href":"https:\/\/api.w.org\/{rel}","templated":true}]}}