{"id":69760,"date":"2021-09-03T09:11:41","date_gmt":"2021-09-03T12:11:41","guid":{"rendered":"https:\/\/catolicanet.net\/wp-cnet\/?p=69760"},"modified":"2021-09-03T15:12:56","modified_gmt":"2021-09-03T18:12:56","slug":"sabia-que-um-padre-catolico-foi-o-inventor-do-colete-a-prova-de-balas","status":"publish","type":"post","link":"https:\/\/catolicanet.net\/wp-cnet\/sabia-que-um-padre-catolico-foi-o-inventor-do-colete-a-prova-de-balas\/","title":{"rendered":"Sabia que um padre cat\u00f3lico foi o inventor do colete \u00e0 prova de balas?"},"content":{"rendered":"<h2 class=\"subtitle\" style=\"text-align: justify;\">Um padre polon\u00eas usava rotineiramente o colete feito de seda e at\u00e9 participava dos testes de conten\u00e7\u00e3o de proj\u00e9teis<\/h2>\n<p style=\"text-align: justify;\">Ocolete \u00e0 prova de balas \u00e9 um equipamento b\u00e1sico para a aplica\u00e7\u00e3o da lei e para salvar vidas.\u00a0Embora os coletes modernos tenham pouca semelhan\u00e7a com os primeiros prot\u00f3tipos, sua fun\u00e7\u00e3o permanece a mesma.\u00a0<strong>O que muitos n\u00e3o percebem, entretanto, \u00e9 que a inven\u00e7\u00e3o deste equipamento \u00e9 creditada a um padre cat\u00f3lico.<\/strong><\/p>\n<p style=\"text-align: justify;\">O fato \u00e9 que, no in\u00edcio do s\u00e9culo 20, as armas estavam por toda parte.\u00a0A Revolu\u00e7\u00e3o Industrial tornou as armas de fogo mais acess\u00edveis do que nunca, e muitos adultos as portavam regularmente.<\/p>\n<p style=\"text-align: justify;\">Como era de se esperar, o aumento do acesso \u00e0s armas significou uma alta semelhante na viol\u00eancia.\u00a0Houve at\u00e9 algumas tentativas de assassinato de figuras p\u00fablicas.\u00a0<strong>Em Chicago, por exemplo, essa situa\u00e7\u00e3o chegou ao auge em 1893, quando o prefeito Carter Henry Harrison foi baleado e morto em sua pr\u00f3pria casa.\u00a0<\/strong><\/p>\n<h3 id=\"h-padre-casimir-zeglen-o-inventor-do-colete-prova-de-balas\" style=\"text-align: justify;\">Padre\u00a0Casimir Zeglen, o inventor do colete \u00e0 prova de balas<\/h3>\n<p style=\"text-align: justify;\">Isso deixou o clima pol\u00edtico de Chicago em alvoro\u00e7o e muitos cidad\u00e3os ficaram inseguros.\u00a0Foi ent\u00e3o que um her\u00f3i improv\u00e1vel surgiu na forma de um padre cat\u00f3lico.\u00a0<strong>Pe.\u00a0Casimir Zeglen, da Igreja Cat\u00f3lica Romana de Santo Estanislau, j\u00e1 estava desenvolvendo uma pe\u00e7a de roupa que poderia parar proj\u00e9teis de alta velocidade<\/strong>.\u00a0Com o assassinato de Harrison, no entanto, ele come\u00e7ou a se dedicar \u00e0 confec\u00e7\u00e3o de armaduras corporais.<\/p>\n<p style=\"text-align: justify;\"><a href=\"https:\/\/www.cultofmac.com\/324792\/stopping-bullets-was-this-priests-calling\/\" target=\"_blank\" rel=\"noreferrer noopener\">De acordo com o site Cult of Mac<\/a>, o Pe.\u00a0Zeglen come\u00e7ou a fazer experi\u00eancias com tecidos.\u00a0<strong>Os primeiros anos foram lentos, com poucos resultados<\/strong>.\u00a0O progresso veio mesmo quando ele descobriu um laudo m\u00e9dico, em 1887.\u00a0O legista descobrira que um len\u00e7o de seda no bolso de um homem retardara o movimento de uma bala no seu corpo.<\/p>\n<p style=\"text-align: justify;\">Pe.\u00a0Zeglen, ent\u00e3o, mudou seu foco para a seda, onde encontrou seu sucesso.\u00a0Foram anos de testes, mas em 1897 ele aperfei\u00e7oou seu colete \u00e0 prova de balas e solicitou uma patente.\u00a0<strong>Nesse ponto, o colete era feito de camadas de linho, l\u00e3 e seda.\u00a0Isso serviria para pistolas de baixo calibre da \u00e9poca, mas o projeto precisava de uma placa de a\u00e7o para proteger contra rifles de alto calibre.\u00a0<\/strong><\/p>\n<p style=\"text-align: justify;\">O design foi ainda mais refinado quando Pe. Zeglen se juntou a Jan Szczepanik. O inventor, tamb\u00e9m polon\u00eas, o ajudou a levar o colete a novos patamares, chegando at\u00e9 a criar uma linha de produ\u00e7\u00e3o para fabric\u00e1-los. O par acabou se separando, mas o Pe. Zeglen levou seu conhecimento rec\u00e9m-adquirido de volta aos Estados Unidos para buscar investidores.<\/p>\n<h3 style=\"text-align: justify;\">Demonstra\u00e7\u00f5es perigosas<\/h3>\n<p style=\"text-align: justify;\">O site\u00a0<a href=\"https:\/\/www.npr.org\/templates\/story\/story.php?storyId=4625858\" target=\"_blank\" rel=\"noreferrer noopener\">NPR publicou um artigo de 1902<\/a>, que relata sobre o colete e uma demonstra\u00e7\u00e3o de Pe.\u00a0Zeglen em Nova York.\u00a0L\u00e1, o colete passou por testes contra v\u00e1rias armas de fogo de diversos calibres, todas elas paradas no equipamento.\u00a0<strong>O Pe. Zeglen tamb\u00e9m estava usando o colete durante os testes.\u00a0<\/strong><em>O Brooklyn Eagle<\/em>\u00a0descreveu o equipamento desta forma:<\/p>\n<blockquote class=\"wp-block-quote\"><p>\u201cUm tecido que tem um oitavo de polegada de espessura, quatro camadas, apresenta essa perfei\u00e7\u00e3o de trama, e todos os esfor\u00e7os para penetr\u00e1-lo com balas foram in\u00fateis. O pr\u00f3prio Rev. Mr. Zeglen submeteu-se a um teste em Chicago. Ele vestiu um colete com o material e um rev\u00f3lver experiente disparou contra o colete a oito passos e nenhuma das balas perfurou o Sr. Zeglen.\u201d<\/p><\/blockquote>\n<h3 style=\"text-align: justify;\">Sucesso<\/h3>\n<p style=\"text-align: justify;\">O colete \u00e0 prova de balas tornou-se muito popular, embora o pre\u00e7o limitasse drasticamente sua proemin\u00eancia.\u00a0O pre\u00e7o da seda era bastante alto e o colete custava o equivalente a muitos milhares de d\u00f3lares pelos padr\u00f5es atuais.\u00a0Ainda assim, aqueles que podiam pagar encontravam paz de esp\u00edrito.<\/p>\n<p style=\"text-align: justify;\"><strong>Muito possivelmente, o exemplo mais proeminente do sucesso da seda foi quando ela salvou o rei Alfonso XIII da Espanha.\u00a0<\/strong>O monarca havia usado o o mesmo material do colete para cobrir sua carruagem real.\u00a0Quando uma granada caseira foi atirada em seu ve\u00edculo, nem um \u00fanico estilha\u00e7o passou.<\/p>\n<p style=\"text-align: justify;\"><strong>As contribui\u00e7\u00f5es do padre cat\u00f3lico polon\u00eas ressoam toda vez que uma bala \u00e9 detida por um colete<\/strong>.\u00a0Estima-se que, desde 1960, nos Estados Unidos,mais de 3.000 vidas de policiais foram protegidas dessa tecnologia.<\/p>\n","protected":false},"excerpt":{"rendered":"<p>Um padre polon\u00eas usava rotineiramente o colete feito de seda e at\u00e9 participava dos testes de conten\u00e7\u00e3o de proj\u00e9teis Ocolete \u00e0 prova de balas \u00e9 um equipamento b\u00e1sico para a aplica\u00e7\u00e3o da lei e para salvar vidas.\u00a0Embora os coletes modernos tenham pouca semelhan\u00e7a com os primeiros prot\u00f3tipos, sua fun\u00e7\u00e3o permanece a mesma.\u00a0O que muitos n\u00e3o [&hellip;]<\/p>\n","protected":false},"author":1,"featured_media":69761,"comment_status":"open","ping_status":"closed","sticky":false,"template":"","format":"standard","meta":{"footnotes":""},"categories":[4],"tags":[],"class_list":["post-69760","post","type-post","status-publish","format-standard","has-post-thumbnail","hentry","category-cotidiano"],"_links":{"self":[{"href":"https:\/\/catolicanet.net\/wp-cnet\/wp-json\/wp\/v2\/posts\/69760","targetHints":{"allow":["GET"]}}],"collection":[{"href":"https:\/\/catolicanet.net\/wp-cnet\/wp-json\/wp\/v2\/posts"}],"about":[{"href":"https:\/\/catolicanet.net\/wp-cnet\/wp-json\/wp\/v2\/types\/post"}],"author":[{"embeddable":true,"href":"https:\/\/catolicanet.net\/wp-cnet\/wp-json\/wp\/v2\/users\/1"}],"replies":[{"embeddable":true,"href":"https:\/\/catolicanet.net\/wp-cnet\/wp-json\/wp\/v2\/comments?post=69760"}],"version-history":[{"count":1,"href":"https:\/\/catolicanet.net\/wp-cnet\/wp-json\/wp\/v2\/posts\/69760\/revisions"}],"predecessor-version":[{"id":69762,"href":"https:\/\/catolicanet.net\/wp-cnet\/wp-json\/wp\/v2\/posts\/69760\/revisions\/69762"}],"wp:featuredmedia":[{"embeddable":true,"href":"https:\/\/catolicanet.net\/wp-cnet\/wp-json\/wp\/v2\/media\/69761"}],"wp:attachment":[{"href":"https:\/\/catolicanet.net\/wp-cnet\/wp-json\/wp\/v2\/media?parent=69760"}],"wp:term":[{"taxonomy":"category","embeddable":true,"href":"https:\/\/catolicanet.net\/wp-cnet\/wp-json\/wp\/v2\/categories?post=69760"},{"taxonomy":"post_tag","embeddable":true,"href":"https:\/\/catolicanet.net\/wp-cnet\/wp-json\/wp\/v2\/tags?post=69760"}],"curies":[{"name":"wp","href":"https:\/\/api.w.org\/{rel}","templated":true}]}}