{"id":69727,"date":"2021-09-02T09:08:20","date_gmt":"2021-09-02T12:08:20","guid":{"rendered":"https:\/\/catolicanet.net\/wp-cnet\/?p=69727"},"modified":"2021-09-03T14:39:13","modified_gmt":"2021-09-03T17:39:13","slug":"o-nuncio-na-ucrania-o-incentivo-do-papa-a-um-povo-sofredor","status":"publish","type":"post","link":"https:\/\/catolicanet.net\/wp-cnet\/o-nuncio-na-ucrania-o-incentivo-do-papa-a-um-povo-sofredor\/","title":{"rendered":"O N\u00fancio na Ucr\u00e2nia: o incentivo do Papa a um povo sofredor"},"content":{"rendered":"<div class=\"article__subTitle\" style=\"text-align: justify;\">Tem in\u00edcio, em 7 de setembro, a miss\u00e3o do novo N\u00fancio Apost\u00f3lico, dom Visvaldas Kulbokas, em Kiev, na Ucr\u00e2nia. Lituano, 47 anos, prestou servi\u00e7o na Secretaria de Estado e em v\u00e1rias representa\u00e7\u00f5es pontif\u00edcias. Na \u00faltima quinta-feira, antes de partir, o encontro com Francisco: &#8220;Um pai que me envia, encorajando-me e aben\u00e7oando-me&#8221;, disse aos microfones do Vatican News.<\/div>\n<div class=\"title__separator\" style=\"text-align: justify;\"><\/div>\n<div class=\"article__text \">\n<p style=\"text-align: justify;\"><b>Taras Kotsur \u2013 Vatican News<\/b><\/p>\n<p style=\"text-align: justify;\">Da Litu\u00e2nia \u00e0 Ucr\u00e2nia: as origens e depois a experi\u00eancia adquirida na Secretaria de Estado ser\u00e3o certamente uma ajuda para enfrentar a nova e delicada miss\u00e3o. Fala sobre isso, na entrevista ao Vatican News, dom Visvaldas Kulbokas, nomeado por Francisco N\u00fancio Apost\u00f3lico na Ucr\u00e2nia, em junho passado, e que iniciar\u00e1 seu cargo, em 7 de setembro, chegando a Kiev. Nascido em Klaipeda, na Litu\u00e2nia, em 14 de maio de 1974, dom Kulbokas ingressou no servi\u00e7o diplom\u00e1tico da Santa S\u00e9 em julho de 2004. Trabalhou nas Representa\u00e7\u00f5es Pontif\u00edcias no L\u00edbano, na Holanda, na Federa\u00e7\u00e3o Russa e na Se\u00e7\u00e3o das Rela\u00e7\u00f5es com os Estados da Secretaria de Estado. A partir de 2020, na Nunciatura Apost\u00f3lica no Qu\u00eania.<\/p>\n<div style=\"text-align: justify;\">\n<div class=\"article__embed article__embed--unwrap article__embed--dark\">\n<div class=\"article__innerTitle\">Ou\u00e7a e compartilhe<\/div>\n<div><\/div>\n<\/div>\n<\/div>\n<p style=\"text-align: justify;\">Nesta quinta-feira (02\/09), o prelado encontrou-se com o Papa. &#8220;Um momento sem formalidade&#8221;, explicou o representante pontif\u00edcio. Foi mais uma sauda\u00e7\u00e3o entre um &#8220;pai e um filho&#8221; que est\u00e1 prestes a partir e a quem o pai confia o &#8220;pensamento e cora\u00e7\u00e3o&#8221; para que possa lev\u00e1-los para onde ele for&#8221;. &#8220;Foi um momento de alegria&#8221;, disse o n\u00fancio. &#8220;Encontrei um Papa jovem e en\u00e9rgico que me expressou as suas prioridades para a Ucr\u00e2nia, um pa\u00eds que, como v\u00e1rias vezes sublinhou, ama muito&#8221;. Sem especificar os detalhes da conversa, dom Kulbokas mencionou o que considera os principais desafios da nova miss\u00e3o, destacando o forte incentivo recebido de Francisco.<\/p>\n<p style=\"text-align: justify;\"><b>Como foi o encontro com o Papa, o que significou para o senhor?<\/b><\/p>\n<p style=\"text-align: justify;\"><b>Dom Kulbokas:<\/b>\u00a0O Papa me disse quais s\u00e3o os seus pontos de vista, as suas prioridades para a Ucr\u00e2nia, que ele v\u00e1rias vezes enfatizou que ama muito. Quis tamb\u00e9m confiar-me as suas preocupa\u00e7\u00f5es pelo grande sofrimento do povo ucraniano, tanto na hist\u00f3ria passada quanto no per\u00edodo atual, dando-me a sua vis\u00e3o da Ucr\u00e2nia. Primeiramente, \u00e9 uma vis\u00e3o de incentivo, porque se o povo sofre, se o pa\u00eds sofre, \u00e9 preciso encoraj\u00e1-los e n\u00e3o \u00e9 f\u00e1cil faz\u00ea-lo. Ent\u00e3o, eu poderia dizer que foi um encontro entre pai e filho. Quando o filho tem que ir a algum lugar, o pai diz: \u201cLeva o meu cora\u00e7\u00e3o, a minha mente, leva a minha voz, a represente no pa\u00eds\u201d. Foi um momento muito alegre, muito animado tamb\u00e9m, porque encontrei um Papa muito en\u00e9rgico. Ele conhece a Ucr\u00e2nia desde quando tinha 12 anos, e foram os sacerdotes ucranianos que o ensinaram a servir a missa.<\/p>\n<p style=\"text-align: justify;\"><b>Que desafios parecem mais pertinentes a esta miss\u00e3o?<\/b><\/p>\n<p style=\"text-align: justify;\"><b>Dom Kulbokas:<\/b>\u00a0Sobretudo o an\u00fancio de Jesus. Quando a luz incide sobre Jesus, tudo se relativiza, al\u00e9m do que o Papa v\u00e1rias vezes destacou: a alegria. N\u00f3s, crist\u00e3os, come\u00e7ando pelos bispos, os sacerdotes, devemos levar alegria. Claro, existem problemas: devemos enfrent\u00e1-los, mas sem desanimar. A realidade ucraniana hoje est\u00e1 cheia de dificuldades e problemas, come\u00e7ando pela guerra, para passar pelas dificuldades econ\u00f4micas e sociais, as repercuss\u00f5es na vida pol\u00edtica e depois, novamente, as dificuldades dentro da Igreja e entre a Igreja cat\u00f3lica e as outras Igrejas. Assim, o Papa quis encorajar-me, dizendo-me: \u201cSob a prote\u00e7\u00e3o de Jesus e dos Santos, cumpra a sua miss\u00e3o com muita paz, com muito cora\u00e7\u00e3o, sem perder a sua alegria interior\u201d. Portanto, foi um pai que me enviou, encorajando-me e aben\u00e7oando-me.<\/p>\n<p style=\"text-align: justify;\"><b>O senhor vem da Litu\u00e2nia, que tem em comum com a Ucr\u00e2nia um certo per\u00edodo hist\u00f3rico sob a ocupa\u00e7\u00e3o do regime ateu, quando a Igreja foi perseguida. O senhor \u00e9 o primeiro com esta experi\u00eancia. Isto o ajudar\u00e1 a compreender melhor as situa\u00e7\u00f5es e contextos na Ucr\u00e2nia?<\/b><\/p>\n<p style=\"text-align: justify;\"><b>Dom Kulbokas:<\/b>\u00a0Tenho certeza que sim. Ser\u00e1 preciso trabalhar, fazer um esfor\u00e7o, mas estou certo da minha hist\u00f3ria pessoal, tendo nascido quando ainda faz\u00edamos parte da Uni\u00e3o Sovi\u00e9tica. Lembro-me que meu pai e minha m\u00e3e costumavam ir a Kiev para tratamento: Kiev, para n\u00f3s, na minha casa, era quase o mesmo pa\u00eds, e por isso agora vou a Kiev que \u00e9 a minha casa! \u00c9 por isso que, neste sentido, ir trabalhar num pa\u00eds t\u00e3o pr\u00f3ximo ao meu cora\u00e7\u00e3o, \u00e9 muito mais f\u00e1cil, porque h\u00e1 muito mais cora\u00e7\u00e3o, h\u00e1 muito mais compreens\u00e3o, pelo menos historicamente. N\u00e3o digo que compreendo todas as dificuldades que existem hoje, mas as hist\u00f3ricas, sim. E tenho certeza de que tudo isso ajuda muito.<\/p>\n<p style=\"text-align: justify;\"><b>Em sua recente entrevista com nossa emissora, o senhor pediu para rezar e rezar muito, porque ser\u00e1 preciso muita gra\u00e7a do Esp\u00edrito Santo para enfrentar todos esses desafios&#8230;<\/b><\/p>\n<p style=\"text-align: justify;\"><b>Dom Kulbokas:<\/b>\u00a0Tenho muita certeza da ora\u00e7\u00e3o. O que ela nos d\u00e1? Nos d\u00e1 coragem, nos incentiva a sermos criativos. A ora\u00e7\u00e3o \u00e9 uma fonte inexaur\u00edvel e este tamb\u00e9m \u00e9 um conselho que recebi do Papa: muita ora\u00e7\u00e3o, minha, pessoal. Estou muito certo tamb\u00e9m da ora\u00e7\u00e3o de meus amigos e daqueles que me escutam. Quando quiserem oferecer-me uma ora\u00e7\u00e3o pessoal, b\u00ean\u00e7\u00e3o pessoal, enviando-a espiritualmente atrav\u00e9s dos santos, atrav\u00e9s dos anjos, eu a recebo.<\/p>\n<\/div>\n","protected":false},"excerpt":{"rendered":"<p>Tem in\u00edcio, em 7 de setembro, a miss\u00e3o do novo N\u00fancio Apost\u00f3lico, dom Visvaldas Kulbokas, em Kiev, na Ucr\u00e2nia. Lituano, 47 anos, prestou servi\u00e7o na Secretaria de Estado e em v\u00e1rias representa\u00e7\u00f5es pontif\u00edcias. Na \u00faltima quinta-feira, antes de partir, o encontro com Francisco: &#8220;Um pai que me envia, encorajando-me e aben\u00e7oando-me&#8221;, disse aos microfones do [&hellip;]<\/p>\n","protected":false},"author":1,"featured_media":69729,"comment_status":"open","ping_status":"closed","sticky":false,"template":"","format":"standard","meta":{"footnotes":""},"categories":[13,3],"tags":[],"class_list":["post-69727","post","type-post","status-publish","format-standard","has-post-thumbnail","hentry","category-featured","category-vaticano"],"_links":{"self":[{"href":"https:\/\/catolicanet.net\/wp-cnet\/wp-json\/wp\/v2\/posts\/69727","targetHints":{"allow":["GET"]}}],"collection":[{"href":"https:\/\/catolicanet.net\/wp-cnet\/wp-json\/wp\/v2\/posts"}],"about":[{"href":"https:\/\/catolicanet.net\/wp-cnet\/wp-json\/wp\/v2\/types\/post"}],"author":[{"embeddable":true,"href":"https:\/\/catolicanet.net\/wp-cnet\/wp-json\/wp\/v2\/users\/1"}],"replies":[{"embeddable":true,"href":"https:\/\/catolicanet.net\/wp-cnet\/wp-json\/wp\/v2\/comments?post=69727"}],"version-history":[{"count":1,"href":"https:\/\/catolicanet.net\/wp-cnet\/wp-json\/wp\/v2\/posts\/69727\/revisions"}],"predecessor-version":[{"id":69728,"href":"https:\/\/catolicanet.net\/wp-cnet\/wp-json\/wp\/v2\/posts\/69727\/revisions\/69728"}],"wp:featuredmedia":[{"embeddable":true,"href":"https:\/\/catolicanet.net\/wp-cnet\/wp-json\/wp\/v2\/media\/69729"}],"wp:attachment":[{"href":"https:\/\/catolicanet.net\/wp-cnet\/wp-json\/wp\/v2\/media?parent=69727"}],"wp:term":[{"taxonomy":"category","embeddable":true,"href":"https:\/\/catolicanet.net\/wp-cnet\/wp-json\/wp\/v2\/categories?post=69727"},{"taxonomy":"post_tag","embeddable":true,"href":"https:\/\/catolicanet.net\/wp-cnet\/wp-json\/wp\/v2\/tags?post=69727"}],"curies":[{"name":"wp","href":"https:\/\/api.w.org\/{rel}","templated":true}]}}