{"id":69721,"date":"2021-09-02T09:02:16","date_gmt":"2021-09-02T12:02:16","guid":{"rendered":"https:\/\/catolicanet.net\/wp-cnet\/?p=69721"},"modified":"2021-09-02T13:02:07","modified_gmt":"2021-09-02T16:02:07","slug":"quando-a-preocupacao-bater-recorra-a-sao-jose-com-estas-duas-oracoes","status":"publish","type":"post","link":"https:\/\/catolicanet.net\/wp-cnet\/quando-a-preocupacao-bater-recorra-a-sao-jose-com-estas-duas-oracoes\/","title":{"rendered":"Quando a preocupa\u00e7\u00e3o bater, recorra a S\u00e3o Jos\u00e9 com estas duas ora\u00e7\u00f5es"},"content":{"rendered":"<h2 class=\"subtitle\" style=\"text-align: justify;\">S\u00e3o Jos\u00e9 conseguia encontrar a alegria no meio das labutas e prova\u00e7\u00f5es porque tinha Jesus com ele. N\u00f3s tamb\u00e9m temos!<\/h2>\n<p style=\"text-align: justify;\">OPapa S\u00e3o Jo\u00e3o XXIII tinha uma profunda devo\u00e7\u00e3o a S\u00e3o Jos\u00e9.\u00a0Ele escreveu v\u00e1rias ora\u00e7\u00f5es ao Esposo de Maria.\u00a0Compreendeu, particularmente, que\u00a0<strong>S\u00e3o Jos\u00e9 pode vir em nosso aux\u00edlio quando a vida nos deixar para baixo.<\/strong><\/p>\n<p style=\"text-align: justify;\">Aqui est\u00e3o trechos adaptados de suas ora\u00e7\u00f5es que podemos usar para recorrer a S\u00e3o Jos\u00e9 nos momentos de cansa\u00e7o e preocupa\u00e7\u00e3o.<\/p>\n<div style=\"text-align: justify;\"><\/div>\n<blockquote class=\"wp-block-quote\"><p>\u201cS\u00e3o Jos\u00e9, gentilmente me proteja enquanto confio a Ti. Tu conheces minhas aspira\u00e7\u00f5es, minhas dificuldades, minhas esperan\u00e7as. Eu recorro a Ti porque sei que ir\u00e1s me compreender e me proteger.<\/p>\n<p>Tu tamb\u00e9m conhecestes a prova\u00e7\u00e3o, o trabalho e o cansa\u00e7o. Mas no meio das preocupa\u00e7\u00f5es da vida material, a tua alma se encheu de uma paz profunda e cantou em verdadeira alegria pela intimidade com o Filho de Deus que te foi confiado e, com Maria, a sua terna M\u00e3e.<\/p>\n<p>Mant\u00e9m-me ciente de que n\u00e3o trabalho sozinho. Ensina-me a encontrar Jesus perto de mim e a zel\u00e1-lo fielmente, como fazes tu. Am\u00e9m.\u201d<\/p><\/blockquote>\n<h3 id=\"h-jesus-est-ao-nosso-lado\" style=\"text-align: justify;\">Jesus est\u00e1 ao nosso lado<\/h3>\n<div id=\"aleteia-welcome\" style=\"text-align: justify;\"><\/div>\n<p style=\"text-align: justify;\">Para o Papa S\u00e3o Jo\u00e3o XXIII, o elemento chave da alegria de Jos\u00e9 no meio de seu trabalho e preocupa\u00e7\u00f5es era sua proximidade com Jesus.\u00a0N\u00e3o podemos ver Jesus com nossos olhos como Jos\u00e9 podia, mas, de certa forma, podemos estar ainda mais perto dele. Ele habita em n\u00f3s.\u00a0S\u00e3o Jos\u00e9 pode nos ajudar a lembrar a presen\u00e7a de Cristo.<\/p>\n<p style=\"text-align: justify;\">Aqui est\u00e1 outra breve ora\u00e7\u00e3o do Papa Jo\u00e3o XXIII:<\/p>\n<blockquote class=\"wp-block-quote\">\n<p style=\"text-align: justify;\">\u201c\u00d3 glorioso S\u00e3o Jos\u00e9,<br \/>\nlembra a todos os que trabalham<br \/>\nque n\u00e3o est\u00e3o sozinhos em seu labor,<br \/>\nna sua alegria<br \/>\nou em seus sofrimentos,<br \/>\nporque Jesus est\u00e1 ao nosso lado,<br \/>\ncom Maria, sua m\u00e3e e nossa,<br \/>\napoiando-nos,<br \/>\nenxugando o suor de nosso rosto,<br \/>\ne estabelecendo um valor em nosso trabalho.<\/p>\n<p>Ensina- nos a usar nosso trabalho,<br \/>\ncomo o fizestes,<br \/>\ncomo um meio supremo de alcan\u00e7ar a santidade.<br \/>\nAm\u00e9m.\u201d<\/p>\n<\/blockquote>\n","protected":false},"excerpt":{"rendered":"<p>S\u00e3o Jos\u00e9 conseguia encontrar a alegria no meio das labutas e prova\u00e7\u00f5es porque tinha Jesus com ele. N\u00f3s tamb\u00e9m temos! OPapa S\u00e3o Jo\u00e3o XXIII tinha uma profunda devo\u00e7\u00e3o a S\u00e3o Jos\u00e9.\u00a0Ele escreveu v\u00e1rias ora\u00e7\u00f5es ao Esposo de Maria.\u00a0Compreendeu, particularmente, que\u00a0S\u00e3o Jos\u00e9 pode vir em nosso aux\u00edlio quando a vida nos deixar para baixo. Aqui est\u00e3o [&hellip;]<\/p>\n","protected":false},"author":1,"featured_media":69722,"comment_status":"open","ping_status":"closed","sticky":false,"template":"","format":"standard","meta":{"footnotes":""},"categories":[4],"tags":[],"class_list":["post-69721","post","type-post","status-publish","format-standard","has-post-thumbnail","hentry","category-cotidiano"],"_links":{"self":[{"href":"https:\/\/catolicanet.net\/wp-cnet\/wp-json\/wp\/v2\/posts\/69721","targetHints":{"allow":["GET"]}}],"collection":[{"href":"https:\/\/catolicanet.net\/wp-cnet\/wp-json\/wp\/v2\/posts"}],"about":[{"href":"https:\/\/catolicanet.net\/wp-cnet\/wp-json\/wp\/v2\/types\/post"}],"author":[{"embeddable":true,"href":"https:\/\/catolicanet.net\/wp-cnet\/wp-json\/wp\/v2\/users\/1"}],"replies":[{"embeddable":true,"href":"https:\/\/catolicanet.net\/wp-cnet\/wp-json\/wp\/v2\/comments?post=69721"}],"version-history":[{"count":1,"href":"https:\/\/catolicanet.net\/wp-cnet\/wp-json\/wp\/v2\/posts\/69721\/revisions"}],"predecessor-version":[{"id":69723,"href":"https:\/\/catolicanet.net\/wp-cnet\/wp-json\/wp\/v2\/posts\/69721\/revisions\/69723"}],"wp:featuredmedia":[{"embeddable":true,"href":"https:\/\/catolicanet.net\/wp-cnet\/wp-json\/wp\/v2\/media\/69722"}],"wp:attachment":[{"href":"https:\/\/catolicanet.net\/wp-cnet\/wp-json\/wp\/v2\/media?parent=69721"}],"wp:term":[{"taxonomy":"category","embeddable":true,"href":"https:\/\/catolicanet.net\/wp-cnet\/wp-json\/wp\/v2\/categories?post=69721"},{"taxonomy":"post_tag","embeddable":true,"href":"https:\/\/catolicanet.net\/wp-cnet\/wp-json\/wp\/v2\/tags?post=69721"}],"curies":[{"name":"wp","href":"https:\/\/api.w.org\/{rel}","templated":true}]}}