{"id":69691,"date":"2021-09-01T09:26:59","date_gmt":"2021-09-01T12:26:59","guid":{"rendered":"https:\/\/catolicanet.net\/wp-cnet\/?p=69691"},"modified":"2021-09-01T13:28:15","modified_gmt":"2021-09-01T16:28:15","slug":"hoje-e-celebrado-o-dia-mundial-de-oracao-pelo-cuidado-da-criacao-2","status":"publish","type":"post","link":"https:\/\/catolicanet.net\/wp-cnet\/hoje-e-celebrado-o-dia-mundial-de-oracao-pelo-cuidado-da-criacao-2\/","title":{"rendered":"Hoje \u00e9 celebrado o Dia Mundial de Ora\u00e7\u00e3o pelo Cuidado da Cria\u00e7\u00e3o"},"content":{"rendered":"<p style=\"text-align: justify;\">Hoje, 1\u00ba de setembro, \u00e9 celebrado o Dia Mundial de Ora\u00e7\u00e3o pelo Cuidado da Cria\u00e7\u00e3o, estabelecido pelo papa Francisco em 2015, em conson\u00e2ncia com o tema tratado em sua enc\u00edclica Laudato Si sobre o cuidado da casa comum.<\/p>\n<p style=\"text-align: justify;\">Em uma carta enviada em 2015 para os presidentes do Pontif\u00edcio Conselho Justi\u00e7a e Paz e do Pontif\u00edcio Conselho para a Promo\u00e7\u00e3o da Unidade dos Crist\u00e3os, o papa sublinhou que \u201ccomo crist\u00e3os, queremos oferecer a nossa contribui\u00e7\u00e3o \u00e0 supera\u00e7\u00e3o da crise ecol\u00f3gica que a humanidade est\u00e1 vivendo\u201d.<\/p>\n<p style=\"text-align: justify;\">O pont\u00edfice afirmou naquela ocasi\u00e3o que este dia \u201coferecer\u00e1 a cada crente e \u00e0s comunidades uma valiosa oportunidade de renovar a ades\u00e3o pessoal \u00e0 pr\u00f3pria voca\u00e7\u00e3o de protetores da cria\u00e7\u00e3o, elevando a Deus uma a\u00e7\u00e3o de gra\u00e7as pela maravilhosa obra que Ele confiou a nosso cuidado, invocando sua ajuda para a prote\u00e7\u00e3o da cria\u00e7\u00e3o e sua miseric\u00f3rdia pelos pecados cometidos contra o mundo no qual vivemos\u201d.<\/p>\n<p style=\"text-align: justify;\">O papa pediu que as v\u00e1rias confer\u00eancias episcopais de todo o mundo celebrem este dia com diversas iniciativas nas quais se envolvam sacerdotes, religiosos e leigos.<\/p>\n<p style=\"text-align: justify;\">Do mesmo modo, incentivou que esta ocasi\u00e3o seja tamb\u00e9m um motivo para estreitar os la\u00e7os ecum\u00eanicos com outros crist\u00e3os. Cabe ressaltar que esta atividade j\u00e1 vinha sendo celebrada na\u00a0Igreja\u00a0Ortodoxa h\u00e1 muito tempo.<\/p>\n<p style=\"text-align: justify;\">Em sua enc\u00edclica Laudato Si, o papa Francisco prop\u00f4s duas ora\u00e7\u00f5es pela cria\u00e7\u00e3o:<\/p>\n<p style=\"text-align: justify;\"><strong>Ora\u00e7\u00e3o pela nossa terra<\/strong><\/p>\n<p style=\"text-align: justify;\">Deus Onipotente,<br \/>\nque estais presente em todo o universo<br \/>\ne na mais pequenina das vossas criaturas,<br \/>\nV\u00f3s que envolveis com a vossa ternura<br \/>\ntudo o que existe,<br \/>\nderramai em n\u00f3s a for\u00e7a do vosso amor<br \/>\npara cuidarmos da\u00a0vida\u00a0e da beleza.<br \/>\nInundai-nos de paz,<br \/>\npara que vivamos como irm\u00e3os e irm\u00e3s<br \/>\nsem prejudicar ningu\u00e9m.<br \/>\n\u00d3 Deus dos pobres,<br \/>\najudai-nos a resgatar<br \/>\nos abandonados e esquecidos desta terra<br \/>\nque valem tanto aos vossos olhos.<br \/>\nCurai a nossa vida,<br \/>\npara que protejamos o mundo<br \/>\ne n\u00e3o o depredemos,<br \/>\npara que semeemos beleza<br \/>\ne n\u00e3o polui\u00e7\u00e3o nem destrui\u00e7\u00e3o.<br \/>\nTocai os cora\u00e7\u00f5es<br \/>\ndaqueles que buscam apenas benef\u00edcios<br \/>\n\u00e0 custa dos pobres e da terra.<br \/>\nEnsinai-nos a descobrir o valor de cada coisa,<br \/>\na contemplar com encanto,<br \/>\na reconhecer que estamos profundamente unidos<br \/>\ncom todas as criaturas<br \/>\nno nosso caminho para a vossa luz infinita.<br \/>\nObrigado porque estais conosco todos os dias.<br \/>\nSustentai-nos, por favor, na nossa luta<br \/>\npela justi\u00e7a, o amor e a paz.<\/p>\n<p style=\"text-align: justify;\"><strong>Ora\u00e7\u00e3o crist\u00e3 com a cria\u00e7\u00e3o<\/strong><\/p>\n<p style=\"text-align: justify;\">N\u00f3s Vos louvamos, Pai,<br \/>\ncom todas as vossas criaturas,<br \/>\nque sa\u00edram da vossa m\u00e3o poderosa.<br \/>\nS\u00e3o vossas e est\u00e3o repletas da vossa presen\u00e7a<br \/>\ne da vossa ternura.<\/p>\n<p style=\"text-align: justify;\">Louvado sejais!<br \/>\nFilho de Deus, Jesus,<br \/>\npor V\u00f3s foram criadas todas as coisas.<br \/>\nFostes formado no seio materno de Maria,<br \/>\nfizestes-Vos parte desta terra,<br \/>\ne contemplastes este mundo<br \/>\ncom olhos humanos.<br \/>\nHoje estais vivo em cada criatura<br \/>\ncom a vossa gl\u00f3ria de ressuscitado.<\/p>\n<p style=\"text-align: justify;\">Louvado sejais!<br \/>\nEsp\u00edrito Santo, que, com a vossa luz,<br \/>\nguiais este mundo para o amor do Pai<br \/>\ne acompanhais o gemido da cria\u00e7\u00e3o,<br \/>\nV\u00f3s viveis tamb\u00e9m nos nossos cora\u00e7\u00f5es<br \/>\na fim de nos impelir para o bem.<\/p>\n<p style=\"text-align: justify;\">Louvado sejais!<br \/>\nSenhor Deus, Uno e Trino,<br \/>\ncomunidade estupenda de amor infinito,<br \/>\nensinai-nos a contemplar-Vos<br \/>\nna beleza do universo,<br \/>\nonde tudo nos fala de V\u00f3s.<\/p>\n<p style=\"text-align: justify;\">Despertai o nosso louvor e a nossa gratid\u00e3o<br \/>\npor cada ser que criastes.<br \/>\nDai-nos a gra\u00e7a de nos sentirmos<br \/>\nintimamente unidos<br \/>\na tudo o que existe.<\/p>\n<p style=\"text-align: justify;\">Deus de amor,<br \/>\nmostrai-nos o nosso lugar neste mundo<br \/>\ncomo instrumentos do vosso carinho<br \/>\npor todos os seres desta terra,<br \/>\nporque nem um deles sequer<br \/>\n\u00e9 esquecido por V\u00f3s.<\/p>\n<p style=\"text-align: justify;\">Iluminai os donos do poder e do dinheiro<br \/>\npara que n\u00e3o caiam no pecado da indiferen\u00e7a,<br \/>\namem o bem comum, promovam os fracos,<br \/>\ne cuidem deste mundo que habitamos.<\/p>\n<p style=\"text-align: justify;\">Os pobres e a terra est\u00e3o bradando:<br \/>\nSenhor, tomai-nos<br \/>\nsob o vosso poder e a vossa luz,<br \/>\npara proteger cada vida,<br \/>\npara preparar um futuro melhor,<br \/>\npara que venha o vosso Reino<br \/>\nde justi\u00e7a, paz, amor e beleza.<br \/>\nLouvado sejais!<\/p>\n<p style=\"text-align: justify;\">Am\u00e9m.<\/p>\n","protected":false},"excerpt":{"rendered":"<p>Hoje, 1\u00ba de setembro, \u00e9 celebrado o Dia Mundial de Ora\u00e7\u00e3o pelo Cuidado da Cria\u00e7\u00e3o, estabelecido pelo papa Francisco em 2015, em conson\u00e2ncia com o tema tratado em sua enc\u00edclica Laudato Si sobre o cuidado da casa comum. Em uma carta enviada em 2015 para os presidentes do Pontif\u00edcio Conselho Justi\u00e7a e Paz e do [&hellip;]<\/p>\n","protected":false},"author":1,"featured_media":69692,"comment_status":"open","ping_status":"closed","sticky":false,"template":"","format":"standard","meta":{"footnotes":""},"categories":[4],"tags":[],"class_list":["post-69691","post","type-post","status-publish","format-standard","has-post-thumbnail","hentry","category-cotidiano"],"_links":{"self":[{"href":"https:\/\/catolicanet.net\/wp-cnet\/wp-json\/wp\/v2\/posts\/69691","targetHints":{"allow":["GET"]}}],"collection":[{"href":"https:\/\/catolicanet.net\/wp-cnet\/wp-json\/wp\/v2\/posts"}],"about":[{"href":"https:\/\/catolicanet.net\/wp-cnet\/wp-json\/wp\/v2\/types\/post"}],"author":[{"embeddable":true,"href":"https:\/\/catolicanet.net\/wp-cnet\/wp-json\/wp\/v2\/users\/1"}],"replies":[{"embeddable":true,"href":"https:\/\/catolicanet.net\/wp-cnet\/wp-json\/wp\/v2\/comments?post=69691"}],"version-history":[{"count":1,"href":"https:\/\/catolicanet.net\/wp-cnet\/wp-json\/wp\/v2\/posts\/69691\/revisions"}],"predecessor-version":[{"id":69693,"href":"https:\/\/catolicanet.net\/wp-cnet\/wp-json\/wp\/v2\/posts\/69691\/revisions\/69693"}],"wp:featuredmedia":[{"embeddable":true,"href":"https:\/\/catolicanet.net\/wp-cnet\/wp-json\/wp\/v2\/media\/69692"}],"wp:attachment":[{"href":"https:\/\/catolicanet.net\/wp-cnet\/wp-json\/wp\/v2\/media?parent=69691"}],"wp:term":[{"taxonomy":"category","embeddable":true,"href":"https:\/\/catolicanet.net\/wp-cnet\/wp-json\/wp\/v2\/categories?post=69691"},{"taxonomy":"post_tag","embeddable":true,"href":"https:\/\/catolicanet.net\/wp-cnet\/wp-json\/wp\/v2\/tags?post=69691"}],"curies":[{"name":"wp","href":"https:\/\/api.w.org\/{rel}","templated":true}]}}