{"id":69682,"date":"2021-09-01T09:19:44","date_gmt":"2021-09-01T12:19:44","guid":{"rendered":"https:\/\/catolicanet.net\/wp-cnet\/?p=69682"},"modified":"2021-09-01T13:20:52","modified_gmt":"2021-09-01T16:20:52","slug":"dia-da-amazonia-cnbb-e-repam-brasil-preparam-celebracao-e-plantio-de-ipes-em-alusao-a-data","status":"publish","type":"post","link":"https:\/\/catolicanet.net\/wp-cnet\/dia-da-amazonia-cnbb-e-repam-brasil-preparam-celebracao-e-plantio-de-ipes-em-alusao-a-data\/","title":{"rendered":"DIA DA AMAZ\u00d4NIA: CNBB E REPAM-BRASIL PREPARAM CELEBRA\u00c7\u00c3O E PLANTIO DE IP\u00caS EM ALUS\u00c3O \u00c0 DATA"},"content":{"rendered":"<p style=\"text-align: justify;\">A Rede Eclesial Pan-Amaz\u00f4nica (Repam-Brasil) e a Confer\u00eancia Nacional dos Bispos do Brasil (CNBB) realizar\u00e3o na pr\u00f3xima sexta-feira, 3 de setembro, um plantio de ip\u00eas em alus\u00e3o ao Dia da Amaz\u00f4nia, celebrado no dia 5 de setembro. O plantio acontecer\u00e1 no Centro Cultural Mission\u00e1rio (CCM), onde est\u00e1 sediada a Secretaria Executiva da Repam-Brasil, e na sede da CNBB, ambos em Bras\u00edlia (DF)<\/p>\n<p style=\"text-align: justify;\">As a\u00e7\u00f5es de celebra\u00e7\u00e3o come\u00e7am com uma missa, \u00e0s 10, presidida pelo bispo auxiliar da arquidiocese do Rio de Janeiro e secret\u00e1rio-geral da CNBB, dom Joel Portella Amado, na sede da CNBB, no Setor de Embaixadas Sul de Bras\u00edlia, com a presen\u00e7a dos colaboradores da Repam-Brasil e da CNBB.<\/p>\n<p style=\"text-align: justify;\">Para o plantio dos ip\u00eas, foram selecionadas mudas do g\u00eanero Handroanthus, da fam\u00edlia Bignoniaceae. Segundo a Repam, o ip\u00ea foi escolhido devido sua beleza e rusticidade, j\u00e1 que a esp\u00e9cie \u00e9 de f\u00e1cil cultivo e resiste bem ao per\u00edodo de seca.<\/p>\n<h3 style=\"text-align: justify;\"><strong>Dia da Amaz\u00f4nia<\/strong><\/h3>\n<p style=\"text-align: justify;\">Celebrado no pr\u00f3ximo domingo, 5 de setembro, o Dia da Amaz\u00f4nia foi criado com objetivo de conscientizar a sociedade sobre a import\u00e2ncia de preservar a maior floresta tropical do planeta.<\/p>\n<p style=\"text-align: justify;\">Uma das iniciativas incentivadas pela Rede no contexto do Dia da Amaz\u00f4nia \u00e9 a\u00a0<a href=\"https:\/\/repam.org.br\/repam-brasil-lanca-campanha-engajamento-defesa-amazonia\/\" target=\"_blank\" rel=\"noopener\" data-schema-attribute=\"\">campanha de engajamento #JuventudesPelaAmaz\u00f4nia<\/a>. Iniciada em meados deste m\u00eas de agosto, a a\u00e7\u00e3o se estende at\u00e9 o dia 5 com o objetivo de articular adolescentes e jovens da regi\u00e3o amaz\u00f4nica pela promo\u00e7\u00e3o e defesa do bioma e seus povos, al\u00e9m de chamar aten\u00e7\u00e3o para o desmatamento, o garimpo ilegal e as amea\u00e7as que ocorrem na regi\u00e3o.<\/p>\n","protected":false},"excerpt":{"rendered":"<p>A Rede Eclesial Pan-Amaz\u00f4nica (Repam-Brasil) e a Confer\u00eancia Nacional dos Bispos do Brasil (CNBB) realizar\u00e3o na pr\u00f3xima sexta-feira, 3 de setembro, um plantio de ip\u00eas em alus\u00e3o ao Dia da Amaz\u00f4nia, celebrado no dia 5 de setembro. O plantio acontecer\u00e1 no Centro Cultural Mission\u00e1rio (CCM), onde est\u00e1 sediada a Secretaria Executiva da Repam-Brasil, e na [&hellip;]<\/p>\n","protected":false},"author":1,"featured_media":69683,"comment_status":"open","ping_status":"closed","sticky":false,"template":"","format":"standard","meta":{"footnotes":""},"categories":[7],"tags":[],"class_list":["post-69682","post","type-post","status-publish","format-standard","has-post-thumbnail","hentry","category-cnbb"],"_links":{"self":[{"href":"https:\/\/catolicanet.net\/wp-cnet\/wp-json\/wp\/v2\/posts\/69682","targetHints":{"allow":["GET"]}}],"collection":[{"href":"https:\/\/catolicanet.net\/wp-cnet\/wp-json\/wp\/v2\/posts"}],"about":[{"href":"https:\/\/catolicanet.net\/wp-cnet\/wp-json\/wp\/v2\/types\/post"}],"author":[{"embeddable":true,"href":"https:\/\/catolicanet.net\/wp-cnet\/wp-json\/wp\/v2\/users\/1"}],"replies":[{"embeddable":true,"href":"https:\/\/catolicanet.net\/wp-cnet\/wp-json\/wp\/v2\/comments?post=69682"}],"version-history":[{"count":1,"href":"https:\/\/catolicanet.net\/wp-cnet\/wp-json\/wp\/v2\/posts\/69682\/revisions"}],"predecessor-version":[{"id":69684,"href":"https:\/\/catolicanet.net\/wp-cnet\/wp-json\/wp\/v2\/posts\/69682\/revisions\/69684"}],"wp:featuredmedia":[{"embeddable":true,"href":"https:\/\/catolicanet.net\/wp-cnet\/wp-json\/wp\/v2\/media\/69683"}],"wp:attachment":[{"href":"https:\/\/catolicanet.net\/wp-cnet\/wp-json\/wp\/v2\/media?parent=69682"}],"wp:term":[{"taxonomy":"category","embeddable":true,"href":"https:\/\/catolicanet.net\/wp-cnet\/wp-json\/wp\/v2\/categories?post=69682"},{"taxonomy":"post_tag","embeddable":true,"href":"https:\/\/catolicanet.net\/wp-cnet\/wp-json\/wp\/v2\/tags?post=69682"}],"curies":[{"name":"wp","href":"https:\/\/api.w.org\/{rel}","templated":true}]}}