{"id":69658,"date":"2021-08-31T09:37:52","date_gmt":"2021-08-31T12:37:52","guid":{"rendered":"https:\/\/catolicanet.net\/wp-cnet\/?p=69658"},"modified":"2021-08-31T15:08:02","modified_gmt":"2021-08-31T18:08:02","slug":"uma-maneira-incomum-de-se-lembrar-de-um-ente-querido-que-morreu","status":"publish","type":"post","link":"https:\/\/catolicanet.net\/wp-cnet\/uma-maneira-incomum-de-se-lembrar-de-um-ente-querido-que-morreu\/","title":{"rendered":"Uma maneira incomum de se lembrar de um ente querido que morreu"},"content":{"rendered":"<h2 class=\"subtitle\" style=\"text-align: justify;\">Celebre a vida de quem partiu para o c\u00e9u com esta linda ideia. A sugest\u00e3o nasceu das restri\u00e7\u00f5es impostas pela pandemia<\/h2>\n<p style=\"text-align: justify;\">Devido \u00e0s muitas restri\u00e7\u00f5es que surgiram com a pandemia, as pessoas tiveram que adaptar suas formas de homenagear os entes queridos mortos.\u00a0Na verdade, a imagem da\u00a0<a href=\"https:\/\/www.bbc.co.uk\/news\/in-pictures-56779000\" target=\"_blank\" rel=\"noreferrer noopener\">Rainha Elizabeth II sentada isolada de sua fam\u00edlia durante o funeral de seu marido<\/a>\u00a0foi algo comovente.<\/p>\n<p style=\"text-align: justify;\">O fato \u00e9 que, durante a quarentena, muitas pessoas tiveram que ser criativas para celebrar a vida de seu ente querido falecido, j\u00e1 que muitos funerais foram proibidos por causa das restri\u00e7\u00f5es sanit\u00e1rias.<\/p>\n<div style=\"text-align: justify;\"><\/div>\n<p style=\"text-align: justify;\"><strong>Uma ideia ador\u00e1vel que surgiu \u00e9 distribuir uma esp\u00e9cie de sacolinha de lembran\u00e7as para aqueles que n\u00e3o puderam homenagear nem se despedir do falecido<\/strong> fisicamente.<\/p>\n<p style=\"text-align: justify;\">A sacolinha de lembran\u00e7as pode conter itens que representem a pessoa que faleceu.\u00a0Os enlutados podem, ent\u00e3o, levar as sacolinhas para casa e refletir sobre o falecido, de uma forma que inspire alegria, ora\u00e7\u00e3o e lembran\u00e7as felizes.<\/p>\n<p style=\"text-align: justify;\">Portanto, se voc\u00ea gostaria de considerar essa maneira incomum de dizer adeus a uma pessoa querida, d\u00ea uma olhada nas ideias abaixo.\u00a0Essas s\u00e3o apenas algumas das muitas possibilidades que voc\u00ea pode incluir em uma sacolinha de lembran\u00e7as.<\/p>\n<p style=\"text-align: justify;\"><img decoding=\"async\" src=\"https:\/\/wp.pt.aleteia.org\/wp-content\/uploads\/sites\/5\/2021\/08\/shutterstock_1099368662.jpg?w=1920\" alt=\"CHIPS\" \/><\/p>\n<div class=\"css-1biibxe\" style=\"text-align: justify;\">Um lanche favorito<\/div>\n<div class=\"css-cmyumk\" style=\"text-align: justify;\">Seja um saco de batatas fritas ou uma barra de chocolate, selecione o lanche que seu ente querido mais gostava. Coloque em um saquinho e distribua aos amigos e familiares.<\/div>\n<div style=\"text-align: justify;\"><\/div>\n<div style=\"text-align: justify;\"><img decoding=\"async\" src=\"https:\/\/wp.pt.aleteia.org\/wp-content\/uploads\/sites\/5\/2021\/08\/shutterstock_1643354023.jpg?w=1920\" alt=\"gin\" \/><\/div>\n<div style=\"text-align: justify;\">\n<div class=\"css-1biibxe\">A bebida predileta<\/div>\n<div class=\"css-cmyumk\">O saco de que eu ouvi falar tinha uma lata de gim com t\u00f4nica, a bebida favorita do falecido para um domingo \u00e0 noite. As pessoas poderiam ent\u00e3o brindar em mem\u00f3ria \u00e0queles que morreram &#8211; um pouco como um vel\u00f3rio irland\u00eas tradicional, s\u00f3 que sem toda a multid\u00e3o!<\/div>\n<\/div>\n<div style=\"text-align: justify;\"><\/div>\n<div style=\"text-align: justify;\"><img decoding=\"async\" src=\"https:\/\/wp.pt.aleteia.org\/wp-content\/uploads\/sites\/5\/2018\/02\/web3-bridge-playing-cards-new-person-shutterstock.jpg?w=1920\" alt=\"BRIDGE CARDS\" \/><\/div>\n<div style=\"text-align: justify;\">\n<div class=\"css-1biibxe\">Jogo de cartas<\/div>\n<div class=\"css-cmyumk\">Se o seu ente querido era f\u00e3 de jogos de carta, um baralho \u00e9 uma maneira divertida de se lembrar dele. Existem muitos jogos de tabuleiro em miniatura tamb\u00e9m dispon\u00edveis, caso seja isso que seu ente querido gostava de jogar. Fam\u00edlia e amigos podem se divertir e dar boas risadas, lembrando-se dos momentos bons que passaram ao lado dos que j\u00e1 foram.<\/div>\n<\/div>\n<div style=\"text-align: justify;\"><\/div>\n<div style=\"text-align: justify;\"><img decoding=\"async\" src=\"https:\/\/wp.pt.aleteia.org\/wp-content\/uploads\/sites\/5\/2018\/12\/WEB3-MARY-VIRGIN-MOTHER-PRAYER-CARD-BIBLE-Fred-de-Noyelle-Godong.jpg?w=1920\" alt=\"VIRGIN,MARY,PRAYER,CARD\" \/><\/div>\n<div style=\"text-align: justify;\">\n<div class=\"css-1biibxe\">Santinho<\/div>\n<div class=\"css-cmyumk\">Uma ideia mais tradicional, mas ainda assim muito significativa. As fam\u00edlias podem imprimir a ora\u00e7\u00e3o favorita dos falecidos para compartilhar com todos, para que possam oferecer a ora\u00e7\u00e3o em mem\u00f3ria do ente querido.<\/div>\n<\/div>\n<div style=\"text-align: justify;\"><\/div>\n<div style=\"text-align: justify;\"><img decoding=\"async\" src=\"https:\/\/wp.pt.aleteia.org\/wp-content\/uploads\/sites\/5\/2021\/07\/shutterstock_1873975945.jpg?w=1920\" alt=\"FLOWER SEEDS\" \/><\/div>\n<div style=\"text-align: justify;\">\n<div class=\"css-1biibxe\">Um saquinho de sementes<\/div>\n<div class=\"css-cmyumk\">Esta \u00e9 uma ideia maravilhosa para manter o falecido em mente, ao mesmo tempo em que se cuida do meio ambiente. Plante as sementes e observe-as florescer e se tornarem algo lindo. Cada vez que voc\u00ea vir os resultados de sua jardinagem, lembre-se daquele que partiu.<\/div>\n<\/div>\n<div style=\"text-align: justify;\"><\/div>\n<div style=\"text-align: justify;\"><img decoding=\"async\" src=\"https:\/\/wp.pt.aleteia.org\/wp-content\/uploads\/sites\/5\/2021\/08\/shutterstock_1914775744.jpg?w=1920\" \/><\/div>\n<div>\n<div class=\"css-1biibxe\" style=\"text-align: justify;\">Ter\u00e7o em miniatura<\/div>\n<div class=\"css-cmyumk\" style=\"text-align: justify;\">H\u00e1 muitos tercinhos dispon\u00edveis online. Coloque um deles em um lindo saquinho e convide seus amigos para rezar um ter\u00e7o juntos em um hor\u00e1rio programado. Pode ser depois da missa de s\u00e9timo dia ou um m\u00eas ap\u00f3s o funeral. Assim a fam\u00edlia enlutada receber\u00e1 conforto e apoio cont\u00ednuos.<\/div>\n<\/div>\n","protected":false},"excerpt":{"rendered":"<p>Celebre a vida de quem partiu para o c\u00e9u com esta linda ideia. A sugest\u00e3o nasceu das restri\u00e7\u00f5es impostas pela pandemia Devido \u00e0s muitas restri\u00e7\u00f5es que surgiram com a pandemia, as pessoas tiveram que adaptar suas formas de homenagear os entes queridos mortos.\u00a0Na verdade, a imagem da\u00a0Rainha Elizabeth II sentada isolada de sua fam\u00edlia durante [&hellip;]<\/p>\n","protected":false},"author":1,"featured_media":69659,"comment_status":"open","ping_status":"closed","sticky":false,"template":"","format":"standard","meta":{"footnotes":""},"categories":[4,13],"tags":[],"class_list":["post-69658","post","type-post","status-publish","format-standard","has-post-thumbnail","hentry","category-cotidiano","category-featured"],"_links":{"self":[{"href":"https:\/\/catolicanet.net\/wp-cnet\/wp-json\/wp\/v2\/posts\/69658","targetHints":{"allow":["GET"]}}],"collection":[{"href":"https:\/\/catolicanet.net\/wp-cnet\/wp-json\/wp\/v2\/posts"}],"about":[{"href":"https:\/\/catolicanet.net\/wp-cnet\/wp-json\/wp\/v2\/types\/post"}],"author":[{"embeddable":true,"href":"https:\/\/catolicanet.net\/wp-cnet\/wp-json\/wp\/v2\/users\/1"}],"replies":[{"embeddable":true,"href":"https:\/\/catolicanet.net\/wp-cnet\/wp-json\/wp\/v2\/comments?post=69658"}],"version-history":[{"count":1,"href":"https:\/\/catolicanet.net\/wp-cnet\/wp-json\/wp\/v2\/posts\/69658\/revisions"}],"predecessor-version":[{"id":69660,"href":"https:\/\/catolicanet.net\/wp-cnet\/wp-json\/wp\/v2\/posts\/69658\/revisions\/69660"}],"wp:featuredmedia":[{"embeddable":true,"href":"https:\/\/catolicanet.net\/wp-cnet\/wp-json\/wp\/v2\/media\/69659"}],"wp:attachment":[{"href":"https:\/\/catolicanet.net\/wp-cnet\/wp-json\/wp\/v2\/media?parent=69658"}],"wp:term":[{"taxonomy":"category","embeddable":true,"href":"https:\/\/catolicanet.net\/wp-cnet\/wp-json\/wp\/v2\/categories?post=69658"},{"taxonomy":"post_tag","embeddable":true,"href":"https:\/\/catolicanet.net\/wp-cnet\/wp-json\/wp\/v2\/tags?post=69658"}],"curies":[{"name":"wp","href":"https:\/\/api.w.org\/{rel}","templated":true}]}}