{"id":69642,"date":"2021-08-31T08:58:40","date_gmt":"2021-08-31T11:58:40","guid":{"rendered":"https:\/\/catolicanet.net\/wp-cnet\/?p=69642"},"modified":"2021-08-31T12:00:38","modified_gmt":"2021-08-31T15:00:38","slug":"liberia-coronavirus-papa-doa-equipamentos-medicos-a-hospital-catolico-de-monrovia","status":"publish","type":"post","link":"https:\/\/catolicanet.net\/wp-cnet\/liberia-coronavirus-papa-doa-equipamentos-medicos-a-hospital-catolico-de-monrovia\/","title":{"rendered":"Lib\u00e9ria, coronav\u00edrus: Papa doa equipamentos m\u00e9dicos a hospital cat\u00f3lico de Monr\u00f3via"},"content":{"rendered":"<div class=\"article__subTitle\" style=\"text-align: justify;\">Francisco enviou uma grande quantidade de equipamentos m\u00e9dicos ao hospital cat\u00f3lico &#8220;S\u00e3o Jos\u00e9&#8221;, localizado na Diocese de Monr\u00f3via, \u00fateis para o tratamento de pacientes afetados pela Covid-19.<\/div>\n<div class=\"title__separator\" style=\"text-align: justify;\"><\/div>\n<div class=\"article__text \">\n<p style=\"text-align: justify;\"><b>Vatican News<\/b><\/p>\n<p style=\"text-align: justify;\">S\u00e3o mais de 5.500 casos de coronav\u00edrus na Lib\u00e9ria, pa\u00eds africano que, at\u00e9 o momento, registra 245 mortes. A campanha de vacina\u00e7\u00e3o segue muito devagar, tanto que at\u00e9 agora apenas 0,6% da popula\u00e7\u00e3o recebeu a segunda dose da vacina.<\/p>\n<div style=\"text-align: justify;\">\n<div class=\"article__embed article__embed--unwrap article__embed--dark\">\n<div class=\"article__innerTitle\">Ou\u00e7a e compartilhe<\/div>\n<div>\n<!--[if lt IE 9]><script>document.createElement('audio');<\/script><![endif]-->\n<audio class=\"wp-audio-shortcode\" id=\"audio-69642-1\" preload=\"none\" style=\"width: 100%;\" controls=\"controls\"><source type=\"audio\/mpeg\" src=\"https:\/\/media.vaticannews.va\/media\/audio\/s1\/2021\/08\/30\/12\/136162860_F136162860.mp3?_=1\" \/><a href=\"https:\/\/media.vaticannews.va\/media\/audio\/s1\/2021\/08\/30\/12\/136162860_F136162860.mp3\">https:\/\/media.vaticannews.va\/media\/audio\/s1\/2021\/08\/30\/12\/136162860_F136162860.mp3<\/a><\/audio>\n<\/div>\n<\/div>\n<\/div>\n<p style=\"text-align: justify;\">Felizmente, por\u00e9m, a m\u00e1quina da solidariedade n\u00e3o para e na semana passada contou com um doador de excel\u00eancia: o Papa Francisco. O Pont\u00edfice enviou uma grande quantidade de equipamentos m\u00e9dicos ao hospital cat\u00f3lico &#8220;S\u00e3o Jos\u00e9&#8221;, localizado na Diocese de Monr\u00f3via, \u00fateis para o tratamento de pacientes afetados pela Covid-19. A doa\u00e7\u00e3o do Papa foi entregue ao hospital na quarta-feira, 25 de agosto, pelo n\u00fancio apost\u00f3lico local, dom Dagoberto Campos Salas, na presen\u00e7a do secret\u00e1rio-geral da Confer\u00eancia Episcopal (Cabicol), pe. Dennis Cephas Nimene.<\/p>\n<p style=\"text-align: justify;\">Os equipamentos entregues consistem em ventiladores, m\u00e1scaras, capacetes respirat\u00f3rios, oxig\u00eanio, protetores faciais e medicamentos antiss\u00e9pticos para as vias respirat\u00f3rias. &#8220;Estamos gratos ao Santo Padre por esta doa\u00e7\u00e3o&#8221;, disse o pe. Nimene, recordando que desde o in\u00edcio da pandemia, em 2020, o Pont\u00edfice tem apoiado o trabalho da Igreja cat\u00f3lica na Lib\u00e9ria tamb\u00e9m atrav\u00e9s de doa\u00e7\u00f5es em dinheiro, no valor de 40 mil euros. &#8220;Esta \u00faltima oferta&#8221;, salientou o secret\u00e1rio-geral da Confer\u00eancia Episcopal, &#8220;\u00e9 a continua\u00e7\u00e3o de uma longa solidariedade&#8221;.<\/p>\n<p style=\"text-align: justify;\">A Igreja cat\u00f3lica na Lib\u00e9ria administra 22 estruturas de sa\u00fade, dentre as quais o Hospital S\u00e3o Jos\u00e9, dirigido pela Ordem de S\u00e3o Jo\u00e3o de Deus (Fatebenefratelli), que \u00e9 um ponto de refer\u00eancia. Em 2014, recordou o pe. Nimene, &#8220;todos os funcion\u00e1rios do hospital, tanto religiosos quanto leigos, enfrentaram a pandemia de ebola. Desde ent\u00e3o, est\u00e3o sendo feitos muitos esfor\u00e7os para preparar os funcion\u00e1rios e equipar adequadamente a estrutura para emerg\u00eancias semelhantes&#8221;. Entretanto, concluiu o secret\u00e1rio-geral da Confer\u00eancia Episcopal, &#8220;a Igreja Cat\u00f3lica apoia a campanha de vacina\u00e7\u00e3o contra a Covid, procurando incentivar os fi\u00e9is a submeterem-se \u00e0 administra\u00e7\u00e3o das doses previstas&#8221;.<\/p>\n<p style=\"text-align: justify;\">A Lib\u00e9ria n\u00e3o \u00e9 o \u00fanico pa\u00eds onde chegou a solidariedade do Papa Francisco: em 11 de agosto, dois ventiladores pulmonares port\u00e1teis, dez caixas de m\u00e1scaras cir\u00fargicas e dez de m\u00e1scaras N95 e alguns ox\u00edmetros foram enviados ao Hospital cat\u00f3lico &#8220;Bom Pastor&#8221; de Siteki, em Essuat\u00edni (ex-Suazil\u00e2ndia).<\/p>\n<p style=\"text-align: justify;\">Vatican News Service \u2013 IP<\/p>\n<\/div>\n","protected":false},"excerpt":{"rendered":"<p>Francisco enviou uma grande quantidade de equipamentos m\u00e9dicos ao hospital cat\u00f3lico &#8220;S\u00e3o Jos\u00e9&#8221;, localizado na Diocese de Monr\u00f3via, \u00fateis para o tratamento de pacientes afetados pela Covid-19. Vatican News S\u00e3o mais de 5.500 casos de coronav\u00edrus na Lib\u00e9ria, pa\u00eds africano que, at\u00e9 o momento, registra 245 mortes. A campanha de vacina\u00e7\u00e3o segue muito devagar, tanto [&hellip;]<\/p>\n","protected":false},"author":1,"featured_media":69643,"comment_status":"open","ping_status":"closed","sticky":false,"template":"","format":"standard","meta":{"footnotes":""},"categories":[3],"tags":[],"class_list":["post-69642","post","type-post","status-publish","format-standard","has-post-thumbnail","hentry","category-vaticano"],"_links":{"self":[{"href":"https:\/\/catolicanet.net\/wp-cnet\/wp-json\/wp\/v2\/posts\/69642","targetHints":{"allow":["GET"]}}],"collection":[{"href":"https:\/\/catolicanet.net\/wp-cnet\/wp-json\/wp\/v2\/posts"}],"about":[{"href":"https:\/\/catolicanet.net\/wp-cnet\/wp-json\/wp\/v2\/types\/post"}],"author":[{"embeddable":true,"href":"https:\/\/catolicanet.net\/wp-cnet\/wp-json\/wp\/v2\/users\/1"}],"replies":[{"embeddable":true,"href":"https:\/\/catolicanet.net\/wp-cnet\/wp-json\/wp\/v2\/comments?post=69642"}],"version-history":[{"count":1,"href":"https:\/\/catolicanet.net\/wp-cnet\/wp-json\/wp\/v2\/posts\/69642\/revisions"}],"predecessor-version":[{"id":69644,"href":"https:\/\/catolicanet.net\/wp-cnet\/wp-json\/wp\/v2\/posts\/69642\/revisions\/69644"}],"wp:featuredmedia":[{"embeddable":true,"href":"https:\/\/catolicanet.net\/wp-cnet\/wp-json\/wp\/v2\/media\/69643"}],"wp:attachment":[{"href":"https:\/\/catolicanet.net\/wp-cnet\/wp-json\/wp\/v2\/media?parent=69642"}],"wp:term":[{"taxonomy":"category","embeddable":true,"href":"https:\/\/catolicanet.net\/wp-cnet\/wp-json\/wp\/v2\/categories?post=69642"},{"taxonomy":"post_tag","embeddable":true,"href":"https:\/\/catolicanet.net\/wp-cnet\/wp-json\/wp\/v2\/tags?post=69642"}],"curies":[{"name":"wp","href":"https:\/\/api.w.org\/{rel}","templated":true}]}}