{"id":69580,"date":"2021-08-25T09:36:17","date_gmt":"2021-08-25T12:36:17","guid":{"rendered":"https:\/\/catolicanet.net\/wp-cnet\/?p=69580"},"modified":"2021-08-25T11:39:18","modified_gmt":"2021-08-25T14:39:18","slug":"o-papa-aos-atletas-das-paraolimpiadas-obrigado-pelo-testemunho-de-esperanca-e-coragem","status":"publish","type":"post","link":"https:\/\/catolicanet.net\/wp-cnet\/o-papa-aos-atletas-das-paraolimpiadas-obrigado-pelo-testemunho-de-esperanca-e-coragem\/","title":{"rendered":"O Papa aos atletas das Paraolimp\u00edadas: obrigado pelo testemunho de esperan\u00e7a e coragem"},"content":{"rendered":"<div class=\"article__subTitle\" style=\"text-align: justify;\">Ap\u00f3s a catequese da Audi\u00eancia Geral, Francisco recordou as Paraolimp\u00edadas, em T\u00f3quio, no Jap\u00e3o, a Solenidade da M\u00e3e de Deus na Pol\u00f4nia, e as v\u00edtimas do terremoto de cinco anos atr\u00e1s na It\u00e1lia.<\/div>\n<div class=\"title__separator\" style=\"text-align: justify;\"><\/div>\n<div class=\"article__text \">\n<p style=\"text-align: justify;\"><b>Vatican News<\/b><\/p>\n<p style=\"text-align: justify;\">Depois da catequese, na Audi\u00eancia Geral desta quarta-feira (25\/08), o Papa Francisco recordou o in\u00edcio das Paraolimp\u00edadas, em T\u00f3quio, no Jap\u00e3o, na \u00faltima ter\u00e7a-feira (24\/08).<\/p>\n<div style=\"text-align: justify;\">\n<div class=\"article__embed article__embed--unwrap article__embed--dark\">\n<div class=\"article__innerTitle\">Ou\u00e7a e compartilhe<\/div>\n<div>\n<audio class=\"wp-audio-shortcode\" id=\"audio-69580-1\" preload=\"none\" style=\"width: 100%;\" controls=\"controls\"><source type=\"audio\/mpeg\" src=\"https:\/\/media.vaticannews.va\/media\/audio\/s1\/2021\/08\/25\/11\/136157837_F136157837.mp3?_=1\" \/><a href=\"https:\/\/media.vaticannews.va\/media\/audio\/s1\/2021\/08\/25\/11\/136157837_F136157837.mp3\">https:\/\/media.vaticannews.va\/media\/audio\/s1\/2021\/08\/25\/11\/136157837_F136157837.mp3<\/a><\/audio>\n<\/div>\n<\/div>\n<\/div>\n<p style=\"text-align: justify;\"><i>Envio a minha sauda\u00e7\u00e3o aos atletas e agrade\u00e7o-lhes, porque oferecem a todos um testemunho de esperan\u00e7a e coragem. Na verdade, mostram como o compromisso esportivo ajuda a vencer as dificuldades aparentemente intranspon\u00edveis.<\/i><\/p>\n<p style=\"text-align: justify;\">Ao saudar os peregrinos poloneses, o Papa recordou que na quinta-feira (26\/08), &#8220;celebra-se na Pol\u00f4nia a Solenidade da M\u00e3e de Deus venerada no santu\u00e1rio nacional de Jasna Gora&#8221;.<\/p>\n<p style=\"text-align: justify;\"><i>Cinco anos atr\u00e1s, me detive com os jovens diante de seu rosto negro e confiei-lhe a Igreja na Pol\u00f4nia e no mundo. Que a sua prote\u00e7\u00e3o materna seja para voc\u00eas, para suas fam\u00edlias e para todos os poloneses, fonte de paz e de bem.<\/i><\/p>\n<p style=\"text-align: justify;\">Na sauda\u00e7\u00e3o em l\u00edngua italiana, o Pont\u00edfice recordou os fi\u00e9is de Montegallo que, em 24 de agosto de cinco anos atr\u00e1s, foram atingidos pelo terremoto.<\/p>\n<p style=\"text-align: justify;\"><i>Queridos irm\u00e3os e irm\u00e3s, a presen\u00e7a de voc\u00eas oferece-me a oportunidade de dirigir o meu pensamento as v\u00edtimas e comunidades do centro da It\u00e1lia, incluindo Accumoli e Amatrice, que sofreram as graves consequ\u00eancias do terramoto. Com a ajuda concreta das Institui\u00e7\u00f5es, \u00e9 necess\u00e1rio dar prova do &#8216;renascimento&#8217; sem se deixar abater pela desconfian\u00e7a. Pe\u00e7o a todos para que sigam em frente com esperan\u00e7a. Coragem!<\/i><\/p>\n<\/div>\n","protected":false},"excerpt":{"rendered":"<p>Ap\u00f3s a catequese da Audi\u00eancia Geral, Francisco recordou as Paraolimp\u00edadas, em T\u00f3quio, no Jap\u00e3o, a Solenidade da M\u00e3e de Deus na Pol\u00f4nia, e as v\u00edtimas do terremoto de cinco anos atr\u00e1s na It\u00e1lia. Vatican News Depois da catequese, na Audi\u00eancia Geral desta quarta-feira (25\/08), o Papa Francisco recordou o in\u00edcio das Paraolimp\u00edadas, em T\u00f3quio, no [&hellip;]<\/p>\n","protected":false},"author":1,"featured_media":69581,"comment_status":"open","ping_status":"closed","sticky":false,"template":"","format":"standard","meta":{"footnotes":""},"categories":[3],"tags":[],"class_list":["post-69580","post","type-post","status-publish","format-standard","has-post-thumbnail","hentry","category-vaticano"],"_links":{"self":[{"href":"https:\/\/catolicanet.net\/wp-cnet\/wp-json\/wp\/v2\/posts\/69580","targetHints":{"allow":["GET"]}}],"collection":[{"href":"https:\/\/catolicanet.net\/wp-cnet\/wp-json\/wp\/v2\/posts"}],"about":[{"href":"https:\/\/catolicanet.net\/wp-cnet\/wp-json\/wp\/v2\/types\/post"}],"author":[{"embeddable":true,"href":"https:\/\/catolicanet.net\/wp-cnet\/wp-json\/wp\/v2\/users\/1"}],"replies":[{"embeddable":true,"href":"https:\/\/catolicanet.net\/wp-cnet\/wp-json\/wp\/v2\/comments?post=69580"}],"version-history":[{"count":1,"href":"https:\/\/catolicanet.net\/wp-cnet\/wp-json\/wp\/v2\/posts\/69580\/revisions"}],"predecessor-version":[{"id":69582,"href":"https:\/\/catolicanet.net\/wp-cnet\/wp-json\/wp\/v2\/posts\/69580\/revisions\/69582"}],"wp:featuredmedia":[{"embeddable":true,"href":"https:\/\/catolicanet.net\/wp-cnet\/wp-json\/wp\/v2\/media\/69581"}],"wp:attachment":[{"href":"https:\/\/catolicanet.net\/wp-cnet\/wp-json\/wp\/v2\/media?parent=69580"}],"wp:term":[{"taxonomy":"category","embeddable":true,"href":"https:\/\/catolicanet.net\/wp-cnet\/wp-json\/wp\/v2\/categories?post=69580"},{"taxonomy":"post_tag","embeddable":true,"href":"https:\/\/catolicanet.net\/wp-cnet\/wp-json\/wp\/v2\/tags?post=69580"}],"curies":[{"name":"wp","href":"https:\/\/api.w.org\/{rel}","templated":true}]}}