{"id":69496,"date":"2021-08-20T09:28:01","date_gmt":"2021-08-20T12:28:01","guid":{"rendered":"https:\/\/catolicanet.net\/wp-cnet\/?p=69496"},"modified":"2021-08-20T14:29:24","modified_gmt":"2021-08-20T17:29:24","slug":"obras-sociais-irma-dulce-ganha-premio-zilda-arns-em-reconhecimento-ao-acolhimento-ao-idoso","status":"publish","type":"post","link":"https:\/\/catolicanet.net\/wp-cnet\/obras-sociais-irma-dulce-ganha-premio-zilda-arns-em-reconhecimento-ao-acolhimento-ao-idoso\/","title":{"rendered":"OBRAS SOCIAIS IRM\u00c3 DULCE GANHA PR\u00caMIO ZILDA ARNS EM RECONHECIMENTO AO ACOLHIMENTO AO IDOSO"},"content":{"rendered":"<p style=\"text-align: justify;\">Em reconhecimento ao trabalho realizado pelo Centro de Geriatria e Gerontologia J\u00falia Magalh\u00e3es, n\u00facleo das Obras Sociais Irm\u00e3 Dulce (OSID) voltado \u00e0 assist\u00eancia aos idosos, a institui\u00e7\u00e3o fundada por Santa Dulce dos Pobres \u00e9 uma das cinco entidades e personalidades vencedoras do Pr\u00eamio Zilda Arns 2021. A premia\u00e7\u00e3o \u00e9 promovida pela C\u00e2mara dos Deputados para distinguir a\u00e7\u00f5es em defesa e promo\u00e7\u00e3o dos Direitos da Pessoa Idosa. A solenidade de premia\u00e7\u00e3o ser\u00e1 no dia 29 de setembro, \u00e0s 10h, com transmiss\u00e3o ao vivo pelo YouTube da C\u00e2mara dos Deputados.<\/p>\n<p style=\"text-align: justify;\">Os premiados foram selecionados pelo Conselho Deliberativo da premia\u00e7\u00e3o, constitu\u00eddo por membros dos partidos pol\u00edticos e da Comiss\u00e3o de Defesa da Pessoa Idosa, e a indica\u00e7\u00e3o das Obras Sociais foi do deputado federal Jorge Solla (PT-BA). Al\u00e9m da OSID, s\u00e3o agraciados nesta edi\u00e7\u00e3o a Sociedade Beneficente Monsenhor Alonso, a geriatra Karla Giacomin, a assistente social Lidiane Charbel Souza Peres e o padre J\u00falio Lancellotti.<\/p>\n<blockquote><p>\u201c\u00c9 um pr\u00eamio de reconhecimento que nos deixa muito felizes, pois nesse trabalho de amor ao pr\u00f3ximo, toda a equipe busca a ess\u00eancia do cuidar, dentro de uma perspectiva humanizada. Os idosos da gente s\u00e3o tratados com muito amor, n\u00f3s somos a fam\u00edlia deles\u201d, diz a l\u00edder do n\u00facleo, Terezinha Pacheco, ressaltando a import\u00e2ncia do aprimoramento da especialidade geriatria e gerontologia diante do envelhecimento populacional mundial.<\/p><\/blockquote>\n<h4 style=\"text-align: justify;\"><strong>Refer\u00eancia<\/strong><\/h4>\n<p style=\"text-align: justify;\">O Centro de Geriatria e Gerontologia J\u00falia Magalh\u00e3es \u00e9 refer\u00eancia no atendimento ao idoso, sendo o \u00fanico complexo do estado a oferecer, ao mesmo tempo, atendimento ambulatorial e interna\u00e7\u00e3o hospitalar para casos graves e pacientes cr\u00f4nicos. Criado em 1986, como resultado do trabalho incans\u00e1vel de Irm\u00e3 Dulce pelo acolhimento da pessoa idosa, o n\u00facleo presta mais de 60 mil atendimentos ambulatoriais por ano e mant\u00e9m programas para o idoso diab\u00e9tico e hipertenso, portador de Alzheimer e de Parkinson. Atualmente, o n\u00facleo oferece 162 leitos, sendo 54 de longa perman\u00eancia, 54 para pacientes cr\u00f4nicos e outros 54 voltados a pacientes com patologias agudas, cuidados paliativos e reabilita\u00e7\u00e3o.<\/p>\n<p style=\"text-align: justify;\">Com a proposta de oferecer um atendimento humanizado, atua com uma equipe multidisciplinar, composta por enfermeiros, m\u00e9dicos, assistentes sociais, nutricionistas, psic\u00f3logos, fisioterapeutas, terapeutas ocupacionais, fonoaudi\u00f3loga e musicoterapeuta, t\u00e9cnicos de enfermagem e cuidadores de idosos, al\u00e9m de auxiliares de servi\u00e7os gerais e administrativos.<\/p>\n<p style=\"text-align: justify;\">\n<pre>Com informa\u00e7\u00f5es e foto das Obras Sociais Irm\u00e3 Dulce (OSID)<\/pre>\n","protected":false},"excerpt":{"rendered":"<p>Em reconhecimento ao trabalho realizado pelo Centro de Geriatria e Gerontologia J\u00falia Magalh\u00e3es, n\u00facleo das Obras Sociais Irm\u00e3 Dulce (OSID) voltado \u00e0 assist\u00eancia aos idosos, a institui\u00e7\u00e3o fundada por Santa Dulce dos Pobres \u00e9 uma das cinco entidades e personalidades vencedoras do Pr\u00eamio Zilda Arns 2021. A premia\u00e7\u00e3o \u00e9 promovida pela C\u00e2mara dos Deputados para [&hellip;]<\/p>\n","protected":false},"author":1,"featured_media":69497,"comment_status":"open","ping_status":"closed","sticky":false,"template":"","format":"standard","meta":{"footnotes":""},"categories":[7],"tags":[],"class_list":["post-69496","post","type-post","status-publish","format-standard","has-post-thumbnail","hentry","category-cnbb"],"_links":{"self":[{"href":"https:\/\/catolicanet.net\/wp-cnet\/wp-json\/wp\/v2\/posts\/69496","targetHints":{"allow":["GET"]}}],"collection":[{"href":"https:\/\/catolicanet.net\/wp-cnet\/wp-json\/wp\/v2\/posts"}],"about":[{"href":"https:\/\/catolicanet.net\/wp-cnet\/wp-json\/wp\/v2\/types\/post"}],"author":[{"embeddable":true,"href":"https:\/\/catolicanet.net\/wp-cnet\/wp-json\/wp\/v2\/users\/1"}],"replies":[{"embeddable":true,"href":"https:\/\/catolicanet.net\/wp-cnet\/wp-json\/wp\/v2\/comments?post=69496"}],"version-history":[{"count":1,"href":"https:\/\/catolicanet.net\/wp-cnet\/wp-json\/wp\/v2\/posts\/69496\/revisions"}],"predecessor-version":[{"id":69498,"href":"https:\/\/catolicanet.net\/wp-cnet\/wp-json\/wp\/v2\/posts\/69496\/revisions\/69498"}],"wp:featuredmedia":[{"embeddable":true,"href":"https:\/\/catolicanet.net\/wp-cnet\/wp-json\/wp\/v2\/media\/69497"}],"wp:attachment":[{"href":"https:\/\/catolicanet.net\/wp-cnet\/wp-json\/wp\/v2\/media?parent=69496"}],"wp:term":[{"taxonomy":"category","embeddable":true,"href":"https:\/\/catolicanet.net\/wp-cnet\/wp-json\/wp\/v2\/categories?post=69496"},{"taxonomy":"post_tag","embeddable":true,"href":"https:\/\/catolicanet.net\/wp-cnet\/wp-json\/wp\/v2\/tags?post=69496"}],"curies":[{"name":"wp","href":"https:\/\/api.w.org\/{rel}","templated":true}]}}