{"id":69483,"date":"2021-08-20T08:53:22","date_gmt":"2021-08-20T11:53:22","guid":{"rendered":"https:\/\/catolicanet.net\/wp-cnet\/?p=69483"},"modified":"2021-08-20T14:04:34","modified_gmt":"2021-08-20T17:04:34","slug":"papa-emergencia-climatica-e-crise-humanitaria-criam-pobreza-urge-solidariedade-2","status":"publish","type":"post","link":"https:\/\/catolicanet.net\/wp-cnet\/papa-emergencia-climatica-e-crise-humanitaria-criam-pobreza-urge-solidariedade-2\/","title":{"rendered":"Papa: emerg\u00eancia clim\u00e1tica e crise humanit\u00e1ria criam pobreza, urge solidariedade"},"content":{"rendered":"<figure class=\"article__image\" style=\"text-align: justify;\"><span class=\"didascalia_img\">Haitiano carrega menino ferido ap\u00f3s o terremoto de 7,2 que abalou o sul da ilha caribenha no s\u00e1bado\u00a0<\/span><\/figure>\n<div class=\"article__meta audioInside\" data-mediatype=\"\">\n<div class=\"article__subTitle\" style=\"text-align: justify;\">Em um tu\u00edter, Francisco compartilhou o tema do Dia da Ajuda Humanit\u00e1ria da ONU, lembrando que aqueles em situa\u00e7\u00e3o de pobreza s\u00e3o mais vulner\u00e1veis a eventos clim\u00e1ticos extremos. Da Caritas Internationalis um apelo para garantir seguran\u00e7a e apoio \u00e0 popula\u00e7\u00e3o do Afeganist\u00e3o e do Haiti e o fornecimento de bens de primeira necessidade ao povo do L\u00edbano.<\/div>\n<div class=\"title__separator\" style=\"text-align: justify;\"><\/div>\n<div class=\"article__text \">\n<p style=\"text-align: justify;\"><b>Silvonei Jos\u00e9,\u00a0Amedeo Lomonaco &#8211; Vatican News<\/b><\/p>\n<p style=\"text-align: justify;\">O mundo, cada vez mais amea\u00e7ado pelas mudan\u00e7as clim\u00e1ticas, est\u00e1 em uma encruzilhada e o Papa recorda isso com um tu\u00edter no dia em que a ONU celebra o Dia Mundial Humanit\u00e1rio, o Dia da Ajuda Humanit\u00e1ria. A emerg\u00eancia clim\u00e1tica&#8221;, l\u00ea-se na breve mensagem de Francisco, &#8220;gera cada vez mais crises humanit\u00e1rias e os pobres s\u00e3o os mais vulner\u00e1veis a eventos clim\u00e1ticos extremos&#8221;. A solidariedade baseada na justi\u00e7a, na paz e na unidade da fam\u00edlia humana \u00e9 urgentemente necess\u00e1ria&#8221;.<\/p>\n<p style=\"text-align: justify;\">Tamb\u00e9m para as Na\u00e7\u00f5es Unidas, a humanidade pode sair vitoriosa ou derrotada da encruzilhada representada pela mudan\u00e7a clim\u00e1tica. \u00c9 isto que o secret\u00e1rio geral, Ant\u00f3nio Guterres, enfatiza em sua mensagem para o Dia, celebrado neste dia 19 de agosto para comemorar um ataque dram\u00e1tico: aquele que ocorreu em 19 de agosto de 2003 em Bagd\u00e1 e custou a vida de 22 trabalhadores humanit\u00e1rios, incluindo o Representante Especial das Na\u00e7\u00f5es Unidas no Iraque, o brasileiro Sergio Vieira de Mello. O Dia de hoje pretende, portanto, incentivar a reflex\u00e3o sobre a mudan\u00e7a clim\u00e1tica que, como escreve o Papa Francisco em sua enc\u00edclica &#8220;Laudato si&#8221;, \u00e9 &#8220;um problema global com s\u00e9rias implica\u00e7\u00f5es ambientais, sociais, econ\u00f4micas, distributivas e pol\u00edticas&#8221;. Estima-se que at\u00e9 2021, tamb\u00e9m devido \u00e0 pandemia, mais de 235 milh\u00f5es de pessoas precisar\u00e3o de assist\u00eancia e prote\u00e7\u00e3o humanit\u00e1ria.<\/p>\n<h2 style=\"text-align: justify;\">Situa\u00e7\u00f5es de emerg\u00eancia<\/h2>\n<p style=\"text-align: justify;\">S\u00e3o muitas as situa\u00e7\u00f5es de emerg\u00eancia suscitadas por fen\u00f4menos naturais ou pelos homens que causam transtorno, sobretudo aos pa\u00edses mais pobres do mundo: pandemia da Covid-19, degrada\u00e7\u00e3o ambiental, aumento do n\u00edvel do mar, secas, inunda\u00e7\u00f5es, inc\u00eandios florestais, e agora, a crise no Afeganist\u00e3o e L\u00edbano e o terremoto no Haiti.<\/p>\n<p style=\"text-align: justify;\">Estas emerg\u00eancias confirmam que a \u201cecologia humana integral\u201d evocada pelo Papa Francisco \u201c\u00e9 a \u00fanica solu\u00e7\u00e3o\u201d. \u00c9 o que afirma a\u00a0<i>Caritas Internacionalis<\/i>\u00a0por ocasi\u00e3o do \u201cDia Mundial da Ajuda Humanit\u00e1ria\u201d, celebrado nesta quinta-feira, 19 de agosto.<\/p>\n<div style=\"text-align: justify;\">\n<div class=\"article__embed article__embed--unwrap article__embed--dark\">\n<div class=\"article__innerTitle\">Ou\u00e7a e compartilhe<\/div>\n<div>\n<!--[if lt IE 9]><script>document.createElement('audio');<\/script><![endif]-->\n<audio class=\"wp-audio-shortcode\" id=\"audio-69483-1\" preload=\"none\" style=\"width: 100%;\" controls=\"controls\"><source type=\"audio\/mpeg\" src=\"https:\/\/media.vaticannews.va\/media\/audio\/s1\/2021\/08\/19\/11\/136152099_F136152099.mp3?_=1\" \/><a href=\"https:\/\/media.vaticannews.va\/media\/audio\/s1\/2021\/08\/19\/11\/136152099_F136152099.mp3\">https:\/\/media.vaticannews.va\/media\/audio\/s1\/2021\/08\/19\/11\/136152099_F136152099.mp3<\/a><\/audio>\n<\/div>\n<\/div>\n<\/div>\n<p style=\"text-align: justify;\">O organismo cat\u00f3lico, que re\u00fane 162 organiza\u00e7\u00f5es caritativas que atuam em 200 pa\u00edses, exorta os respons\u00e1veis \u200b\u200bpol\u00edticos a &#8220;dar passos corajosos&#8221;: &#8220;sem uma delibera\u00e7\u00e3o pol\u00edtica determinada, a vida humana corre perigo. Se parte da humanidade sofre, toda a fam\u00edlia humana tamb\u00e9m sofre\u201d.<\/p>\n<p style=\"text-align: justify;\">Neste dia, a\u00a0<i>Caritas Internacionalis<\/i>\u00a0faz seus prementes apelos:<\/p>\n<p style=\"text-align: justify;\">1.\u00a0 \u00a0 \u00a0 Aos l\u00edderes mundiais pede, acima de tudo, para enviar verbas suficientes \u00e0s comunidades locais, para realizar suas atividades de desenvolvimento comunit\u00e1rio, agr\u00edcolas e n\u00e3o agr\u00edcolas, que possam garantir meios de subsist\u00eancia e seguran\u00e7a alimentar.<\/p>\n<p style=\"text-align: justify;\">2.\u00a0 \u00a0 \u00a0 As comunidades locais devem ser envolvidas nas interven\u00e7\u00f5es humanit\u00e1rias, deixando-lhes um espa\u00e7o priorit\u00e1rio na gest\u00e3o dos desastres ambientais.<\/p>\n<p style=\"text-align: justify;\">3.\u00a0 \u00a0 \u00a0 A\u00a0<i>Caritas Internacionalis<\/i>, recorda a necessidade de incentivar os governos locais para agir, de modo eficaz, em estreita colabora\u00e7\u00e3o, com as organiza\u00e7\u00f5es da sociedade civil e grupos religiosos, diante das consequ\u00eancias das mudan\u00e7as clim\u00e1ticas.<\/p>\n<p style=\"text-align: justify;\">4.\u00a0 \u00a0 \u00a0 Acesso \u00e0 assist\u00eancia b\u00e1sica da sa\u00fade integral aos mais vulner\u00e1veis, inclusive vacinas para doen\u00e7as letais.<\/p>\n<p style=\"text-align: justify;\">5.\u00a0 \u00a0 \u00a0 Os l\u00edderes pol\u00edticos s\u00e3o convidados a se comprometer com a promo\u00e7\u00e3o de pol\u00edticas econ\u00f4micas e industriais globais, destinadas a minimizar o impacto do aquecimento global e a degrada\u00e7\u00e3o dos ecossistemas.<\/p>\n<p style=\"text-align: justify;\">Neste sentido, a<i>\u00a0Caritas<\/i>\u00a0exorta a COP-26 de Glasgow (26\u00aa Confer\u00eancia das Na\u00e7\u00f5es Unidas sobre Mudan\u00e7as Clim\u00e1ticas) a tratar deste tema com urgente prioridade, propondo solu\u00e7\u00f5es concretas e adequadas, mediante recursos e meios suficientes.<\/p>\n<p style=\"text-align: justify;\">Por fim, neste Dia Mundial da Ajuda Humanit\u00e1ria, a\u00a0<i>Caritas Internacionalis<\/i>\u00a0recorda os \u00faltimos desdobramentos da situa\u00e7\u00e3o no Afeganist\u00e3o e L\u00edbano, reiterando a necessidade de &#8220;garantir a seguran\u00e7a da popula\u00e7\u00e3o afeg\u00e3 e o envio de verbas para suprir as necessidades b\u00e1sicas do povo liban\u00eas.<\/p>\n<p style=\"text-align: justify;\">Vatican News Service &#8211; LZ<\/p>\n<\/div>\n<\/div>\n","protected":false},"excerpt":{"rendered":"<p>Haitiano carrega menino ferido ap\u00f3s o terremoto de 7,2 que abalou o sul da ilha caribenha no s\u00e1bado\u00a0 Em um tu\u00edter, Francisco compartilhou o tema do Dia da Ajuda Humanit\u00e1ria da ONU, lembrando que aqueles em situa\u00e7\u00e3o de pobreza s\u00e3o mais vulner\u00e1veis a eventos clim\u00e1ticos extremos. Da Caritas Internationalis um apelo para garantir seguran\u00e7a e [&hellip;]<\/p>\n","protected":false},"author":1,"featured_media":69484,"comment_status":"open","ping_status":"closed","sticky":false,"template":"","format":"standard","meta":{"footnotes":""},"categories":[3],"tags":[],"class_list":["post-69483","post","type-post","status-publish","format-standard","has-post-thumbnail","hentry","category-vaticano"],"_links":{"self":[{"href":"https:\/\/catolicanet.net\/wp-cnet\/wp-json\/wp\/v2\/posts\/69483","targetHints":{"allow":["GET"]}}],"collection":[{"href":"https:\/\/catolicanet.net\/wp-cnet\/wp-json\/wp\/v2\/posts"}],"about":[{"href":"https:\/\/catolicanet.net\/wp-cnet\/wp-json\/wp\/v2\/types\/post"}],"author":[{"embeddable":true,"href":"https:\/\/catolicanet.net\/wp-cnet\/wp-json\/wp\/v2\/users\/1"}],"replies":[{"embeddable":true,"href":"https:\/\/catolicanet.net\/wp-cnet\/wp-json\/wp\/v2\/comments?post=69483"}],"version-history":[{"count":1,"href":"https:\/\/catolicanet.net\/wp-cnet\/wp-json\/wp\/v2\/posts\/69483\/revisions"}],"predecessor-version":[{"id":69485,"href":"https:\/\/catolicanet.net\/wp-cnet\/wp-json\/wp\/v2\/posts\/69483\/revisions\/69485"}],"wp:featuredmedia":[{"embeddable":true,"href":"https:\/\/catolicanet.net\/wp-cnet\/wp-json\/wp\/v2\/media\/69484"}],"wp:attachment":[{"href":"https:\/\/catolicanet.net\/wp-cnet\/wp-json\/wp\/v2\/media?parent=69483"}],"wp:term":[{"taxonomy":"category","embeddable":true,"href":"https:\/\/catolicanet.net\/wp-cnet\/wp-json\/wp\/v2\/categories?post=69483"},{"taxonomy":"post_tag","embeddable":true,"href":"https:\/\/catolicanet.net\/wp-cnet\/wp-json\/wp\/v2\/tags?post=69483"}],"curies":[{"name":"wp","href":"https:\/\/api.w.org\/{rel}","templated":true}]}}