{"id":69474,"date":"2021-08-21T08:54:46","date_gmt":"2021-08-21T11:54:46","guid":{"rendered":"https:\/\/catolicanet.net\/wp-cnet\/?p=69474"},"modified":"2021-08-19T17:56:16","modified_gmt":"2021-08-19T20:56:16","slug":"unidos-em-so-desejo-de-cristo","status":"publish","type":"post","link":"https:\/\/catolicanet.net\/wp-cnet\/unidos-em-so-desejo-de-cristo\/","title":{"rendered":"Unidos em s\u00f3 desejo de Cristo!"},"content":{"rendered":"<p style=\"text-align: justify;\">A ora\u00e7\u00e3o inicial deste 21\u00ba Domingo do Tempo Comum, tamb\u00e9m chamada ora\u00e7\u00e3o da coleta, nos diz assim: \u201c\u00d3 Deus, que unis os cora\u00e7\u00f5es dos vossos fi\u00e9is num s\u00f3 desejo, dai ao vosso povo amar o que ordenais e esperar o que prometeis, para que, na instabilidade deste mundo, fixemos os nossos cora\u00e7\u00f5es onde se encontram as verdadeiras alegrias.\u201d (Missal Romano XXI Domingo comum).<\/p>\n<p style=\"text-align: justify;\">Um dos maiores convites que Jesus nos fez foi para que carreg\u00e1ssemos a nossa cruz. Isso n\u00e3o significa que temos que passar pelo sofrimento da crucifica\u00e7\u00e3o \u2013 o sacrif\u00edcio de Jesus foi perfeito! Isso significa que a nossa vida n\u00e3o \u00e9 mais sobre n\u00f3s mesmos, mas sobre Cristo e fazer com que a Sua miss\u00e3o seja bem-sucedida, vivendo completamente para Ele. E como est\u00e1 em I Tim\u00f3teo, o desejo do cora\u00e7\u00e3o do Pai \u00e9 que todos sejam salvos.<\/p>\n<p style=\"text-align: justify;\">Para que possamos enfrentar as instabilidades deste mundo como a ora\u00e7\u00e3o proclama, precisamos estar atentos \u00e0 palavra e \u00e0 vontade do Senhor para nossas vidas. Essa \u00e9 uma tarefa \u00e1rdua que requer discernimento, paci\u00eancia e muita ora\u00e7\u00e3o.<\/p>\n<p style=\"text-align: justify;\">Devemos estar com o Senhor e caminhar com Ele em todos os instantes de nossa vida. Precisamos, urgentemente, reconhecer os feitos de Deus em nossa humilde exist\u00eancia. Nossa f\u00e9 e a nossa certeza devem ser semelhantes a do povo da primeira leitura de hoje: \u201cLonge de n\u00f3s abandonarmos o Senhor para servir a deuses estranhos. \u201d (Js 24, 1-2.15-18).<\/p>\n<p style=\"text-align: justify;\">Quem caminha com o Senhor sabe amar, sabe respeitar, sabe cuidar! Muitos confundem as orienta\u00e7\u00f5es do ap\u00f3stolo Paulo em pura submiss\u00e3o ou escravid\u00e3o, quando na verdade ele orienta para o respeito a dignidade, para o cuidado m\u00fatuo que devemos ter um para com os outros. N\u00f3s todos, Igreja de Deus, somos a esposa que Ele tanto ama. Cristo jamais deixou de amar e cuidar de sua Igreja. Prova disso \u00e9 a hist\u00f3ria da Igreja. Mergulhada em tantos desafios, em altos e baixos, e mesmo assim est\u00e1 de p\u00e9, convicta de sua miss\u00e3o e identidade.<\/p>\n<p style=\"text-align: justify;\">Aos casais, recordando o texto da segunda leitura, \u00e9 bom salientar que o amor implica em solicitude, fraternidade, amizade e respeito m\u00fatuo. A submiss\u00e3o \u00e9 uma entrega \u00e0 miss\u00e3o do outro. A mulher \u00e9 submissa ao amor do marido como a Igreja \u00e9 submissa ao amor de Jesus Cristo que se entregou por ela. \u00a0Se o marido ama a sua mulher e ela \u00e9 submissa a esse amor, com certeza, os dois viver\u00e3o na terra o projeto que Deus tem para as fam\u00edlias da terra.<\/p>\n<p style=\"text-align: justify;\">\u201cEsta palavra \u00e9 dura! Quem consegue escut\u00e1-la?!\u201d \u2013 exclamam os ouvintes de Jesus na sinagoga de Cafarnaum. Nas sinagogas de hoje, sejam as academias ou os \u201ctemplos da comunica\u00e7\u00e3o\u201d, ouve-se o mesmo eco: \u201cpalavras duras\u201d. Est\u00e1 crescendo cada vez mais incomodados com a palavra de Deus. Ela est\u00e1 surtindo efeito grande no mundo. Est\u00e1 remexendo em estruturas contr\u00e1rias, duras, dif\u00edceis e exclusivas.<\/p>\n<p style=\"text-align: justify;\">Naquele tempo, a \u201cdureza\u201d que Jo\u00e3o traz em seu evangelho estava no an\u00fancio do alimento espiritual que o Pai oferecia em Jesus Cristo: o sacramento de seu Corpo e Sangue. A rea\u00e7\u00e3o foi de esc\u00e2ndalo (Jo 6,61). Muitos disc\u00edpulos abandonaram o Mestre e \u201cj\u00e1 n\u00e3o andavam com ele\u201d (Jo 6,66). Qual a dureza de hoje? Neste tempo, est\u00e1 em um Evangelho que n\u00e3o se deixa perverter pelas modas de cada \u00e9poca. Ele continua a dizer que o matrim\u00f4nio \u00e9 indissol\u00favel, e n\u00e3o um simples contrato para ser cumprido enquanto for suave. Permanece afirmando que os pobres s\u00e3o assunto \u201cnosso\u201d, e n\u00e3o um problema social. Insiste em proclamar que a vida \u00e9 sagrada, apesar das tentativas de elimin\u00e1-la (aborto e eutan\u00e1sia) ou us\u00e1-la como mercadoria (com\u00e9rcio de \u00f3rg\u00e3os, embri\u00f5es e prostitui\u00e7\u00e3o infantil).<\/p>\n<p style=\"text-align: justify;\">A liturgia deste domingo nos revela que estamos diante de situa\u00e7\u00f5es antag\u00f4nicas. De um lado, os inimigos declarados da Boa Nova de Jesus, vista como um freio inaceit\u00e1vel para seus projetos de lucro, poder e prazer. De outro lado, os pregadores de um \u201cevangelho\u201d sem compromissos, sempre prontos a amaciar as exig\u00eancias crist\u00e3s, com a inten\u00e7\u00e3o de atrair seguidores avessos ao sacrif\u00edcio. Os dois lados agridem a Igreja enquanto reserva da ortodoxia. Acusada de retr\u00f3grada (precisa se \u201cmodernizar\u201d) e de obscurantista (inimiga da ci\u00eancia), a Igreja \u00e9 o alvo preferencial daqueles que decidiram usar e abusar do humano.<\/p>\n<p style=\"text-align: justify;\">Onde estamos n\u00f3s hoje? O que acontece com a nossa f\u00e9 crist\u00e3? Com certeza, hoje, h\u00e1 muitos homens e muitas mulheres que n\u00e3o acreditam em Cristo, nem mesmo em um Deus. Estas pessoas t\u00eam as suas raz\u00f5es e devem ser respeitadas. Mas os outros, aquelas e aqueles que acreditam, como se situam em rela\u00e7\u00e3o a esse discurso de S\u00e3o Jo\u00e3o sobre o P\u00e3o da Vida? \u00c0s vezes, olhando a nossa Igreja, tenho a impress\u00e3o de que os crist\u00e3os de hoje, como aqueles de ontem, t\u00eam dificuldade em aceitar viver a sua humanidade e crer que \u00e9 atrav\u00e9s dela que Deus pode ainda falar e se comunicar.<\/p>\n<p style=\"text-align: justify;\">A quest\u00e3o posta aos Doze no Evangelho de hoje: \u201cVoc\u00eas tamb\u00e9m querem ir embora?\u201d (Jo 6,67), \u00e0 qual Sim\u00e3o Pedro respondeu: \u201cA quem iremos, Senhor? Tu tens palavras de vida eterna\u201d (Jo 6,68), \u00e9 para n\u00f3s que ela \u00e9 dita agora. E n\u00e3o basta responder com uma frase j\u00e1 pronta que seja parecida \u00e0 de Pedro. Porque aceitar seguir o caminho com Cristo \u00e9 comer a sua carne e beber o seu sangue, isto \u00e9, assumir a nossa pr\u00f3pria humanidade at\u00e9 o fim e, alimentados pelo Senhor no deserto da vida deste mundo prosseguirmos nossa caminhada para o encontro com o Senhor.<\/p>\n","protected":false},"excerpt":{"rendered":"<p>A ora\u00e7\u00e3o inicial deste 21\u00ba Domingo do Tempo Comum, tamb\u00e9m chamada ora\u00e7\u00e3o da coleta, nos diz assim: \u201c\u00d3 Deus, que unis os cora\u00e7\u00f5es dos vossos fi\u00e9is num s\u00f3 desejo, dai ao vosso povo amar o que ordenais e esperar o que prometeis, para que, na instabilidade deste mundo, fixemos os nossos cora\u00e7\u00f5es onde se encontram [&hellip;]<\/p>\n","protected":false},"author":5,"featured_media":55819,"comment_status":"open","ping_status":"closed","sticky":false,"template":"","format":"standard","meta":{"footnotes":""},"categories":[9],"tags":[],"class_list":["post-69474","post","type-post","status-publish","format-standard","has-post-thumbnail","hentry","category-artigos"],"_links":{"self":[{"href":"https:\/\/catolicanet.net\/wp-cnet\/wp-json\/wp\/v2\/posts\/69474","targetHints":{"allow":["GET"]}}],"collection":[{"href":"https:\/\/catolicanet.net\/wp-cnet\/wp-json\/wp\/v2\/posts"}],"about":[{"href":"https:\/\/catolicanet.net\/wp-cnet\/wp-json\/wp\/v2\/types\/post"}],"author":[{"embeddable":true,"href":"https:\/\/catolicanet.net\/wp-cnet\/wp-json\/wp\/v2\/users\/5"}],"replies":[{"embeddable":true,"href":"https:\/\/catolicanet.net\/wp-cnet\/wp-json\/wp\/v2\/comments?post=69474"}],"version-history":[{"count":1,"href":"https:\/\/catolicanet.net\/wp-cnet\/wp-json\/wp\/v2\/posts\/69474\/revisions"}],"predecessor-version":[{"id":69475,"href":"https:\/\/catolicanet.net\/wp-cnet\/wp-json\/wp\/v2\/posts\/69474\/revisions\/69475"}],"wp:featuredmedia":[{"embeddable":true,"href":"https:\/\/catolicanet.net\/wp-cnet\/wp-json\/wp\/v2\/media\/55819"}],"wp:attachment":[{"href":"https:\/\/catolicanet.net\/wp-cnet\/wp-json\/wp\/v2\/media?parent=69474"}],"wp:term":[{"taxonomy":"category","embeddable":true,"href":"https:\/\/catolicanet.net\/wp-cnet\/wp-json\/wp\/v2\/categories?post=69474"},{"taxonomy":"post_tag","embeddable":true,"href":"https:\/\/catolicanet.net\/wp-cnet\/wp-json\/wp\/v2\/tags?post=69474"}],"curies":[{"name":"wp","href":"https:\/\/api.w.org\/{rel}","templated":true}]}}