{"id":69413,"date":"2021-08-18T10:34:38","date_gmt":"2021-08-18T13:34:38","guid":{"rendered":"https:\/\/catolicanet.net\/wp-cnet\/?p=69413"},"modified":"2021-08-18T19:36:11","modified_gmt":"2021-08-18T22:36:11","slug":"santo-padre-aceitou-pedido-de-renuncia-de-dom-tome-ferreira-da-silva-ao-governo-pastoral-da-diocese-de-sao-jose-do-rio-preto-sp","status":"publish","type":"post","link":"https:\/\/catolicanet.net\/wp-cnet\/santo-padre-aceitou-pedido-de-renuncia-de-dom-tome-ferreira-da-silva-ao-governo-pastoral-da-diocese-de-sao-jose-do-rio-preto-sp\/","title":{"rendered":"SANTO PADRE ACEITOU PEDIDO DE REN\u00daNCIA DE DOM TOM\u00c9 FERREIRA DA SILVA AO GOVERNO PASTORAL DA DIOCESE DE S\u00c3O JOS\u00c9 DO RIO PRETO (SP)"},"content":{"rendered":"<p>Confira a \u00edntegra da nota<a href=\"https:\/\/www.cnbb.org.br\/wp-content\/uploads\/2021\/08\/Comunicado-renuncia-Sao-Jose-do-Rio-Preto.pdf\">\u00a0aqui<\/a><\/p>\n<blockquote>\n<h3>Comunicado<\/h3>\n<p>A Nunciatura Apost\u00f3lica informa que o Santo Padre aceitou hoje o pedido de ren\u00fancia ao governo pastoral da Diocese de S\u00e3o Jos\u00e9 do Rio Preto, apresentada por S. Excia. D. Tom\u00e9 Ferreira da Silva, nomeando, ao mesmo tempo, como Administrador Apost\u00f3lico, o Exmo. Sr. D. Moacir Silva, arcebispo de Ribeir\u00e3o Preto.<\/p>\n<p>Bras\u00edlia-DF, 18 de agosto de 2021<\/p>\n<p><strong>Dom Joel Portella Amado<\/strong><br \/>\nBispo auxiliar de S. Sebasti\u00e3o do Rio de Janeiro<br \/>\nSecret\u00e1rio Geral da CNBB<\/p><\/blockquote>\n","protected":false},"excerpt":{"rendered":"<p>Confira a \u00edntegra da nota\u00a0aqui Comunicado A Nunciatura Apost\u00f3lica informa que o Santo Padre aceitou hoje o pedido de ren\u00fancia ao governo pastoral da Diocese de S\u00e3o Jos\u00e9 do Rio Preto, apresentada por S. Excia. D. Tom\u00e9 Ferreira da Silva, nomeando, ao mesmo tempo, como Administrador Apost\u00f3lico, o Exmo. Sr. D. Moacir Silva, arcebispo de [&hellip;]<\/p>\n","protected":false},"author":1,"featured_media":69414,"comment_status":"open","ping_status":"closed","sticky":false,"template":"","format":"standard","meta":{"footnotes":""},"categories":[7],"tags":[],"class_list":["post-69413","post","type-post","status-publish","format-standard","has-post-thumbnail","hentry","category-cnbb"],"_links":{"self":[{"href":"https:\/\/catolicanet.net\/wp-cnet\/wp-json\/wp\/v2\/posts\/69413","targetHints":{"allow":["GET"]}}],"collection":[{"href":"https:\/\/catolicanet.net\/wp-cnet\/wp-json\/wp\/v2\/posts"}],"about":[{"href":"https:\/\/catolicanet.net\/wp-cnet\/wp-json\/wp\/v2\/types\/post"}],"author":[{"embeddable":true,"href":"https:\/\/catolicanet.net\/wp-cnet\/wp-json\/wp\/v2\/users\/1"}],"replies":[{"embeddable":true,"href":"https:\/\/catolicanet.net\/wp-cnet\/wp-json\/wp\/v2\/comments?post=69413"}],"version-history":[{"count":1,"href":"https:\/\/catolicanet.net\/wp-cnet\/wp-json\/wp\/v2\/posts\/69413\/revisions"}],"predecessor-version":[{"id":69415,"href":"https:\/\/catolicanet.net\/wp-cnet\/wp-json\/wp\/v2\/posts\/69413\/revisions\/69415"}],"wp:featuredmedia":[{"embeddable":true,"href":"https:\/\/catolicanet.net\/wp-cnet\/wp-json\/wp\/v2\/media\/69414"}],"wp:attachment":[{"href":"https:\/\/catolicanet.net\/wp-cnet\/wp-json\/wp\/v2\/media?parent=69413"}],"wp:term":[{"taxonomy":"category","embeddable":true,"href":"https:\/\/catolicanet.net\/wp-cnet\/wp-json\/wp\/v2\/categories?post=69413"},{"taxonomy":"post_tag","embeddable":true,"href":"https:\/\/catolicanet.net\/wp-cnet\/wp-json\/wp\/v2\/tags?post=69413"}],"curies":[{"name":"wp","href":"https:\/\/api.w.org\/{rel}","templated":true}]}}