{"id":69401,"date":"2021-08-18T09:40:32","date_gmt":"2021-08-18T12:40:32","guid":{"rendered":"https:\/\/catolicanet.net\/wp-cnet\/?p=69401"},"modified":"2021-08-18T18:59:04","modified_gmt":"2021-08-18T21:59:04","slug":"dor-do-papa-pelo-assassinato-de-duas-freiras-no-sudao-do-sul","status":"publish","type":"post","link":"https:\/\/catolicanet.net\/wp-cnet\/dor-do-papa-pelo-assassinato-de-duas-freiras-no-sudao-do-sul\/","title":{"rendered":"Dor do Papa pelo assassinato de duas freiras no Sud\u00e3o do Sul"},"content":{"rendered":"<figure class=\"article__image\" style=\"text-align: justify;\"><span class=\"didascalia_img\">Estrada \u00e9 palco de constantes emboscadas\u00a0 (AFP or licensors)<\/span><\/figure>\n<div class=\"article__meta \" data-mediatype=\"\">\n<div class=\"article__subTitle\" style=\"text-align: justify;\">Condol\u00eancias do Pont\u00edfice pelo assassinato, no dia 15 de agosto, de duas religiosas da Congrega\u00e7\u00e3o do Sagrado Cora\u00e7\u00e3o.<\/div>\n<div class=\"title__separator\" style=\"text-align: justify;\"><\/div>\n<div class=\"article__text \">\n<p style=\"text-align: justify;\"><b>Amedeo Lomonaco &#8211; Cidade do Vaticano<\/b><\/p>\n<p style=\"text-align: justify;\">No telegrama assinado pelo secret\u00e1rio de Estado, cardeal Pietro Parolin, o Papa Francisco afirma ter ficado &#8220;profundamente triste ao saber do brutal ataque contra um grupo de freiras da Congrega\u00e7\u00e3o do Sagrado Cora\u00e7\u00e3o no domingo passado, que resultou na morte das Irm\u00e3s Maria Abud e Regina Roba.&#8221;<\/p>\n<p style=\"text-align: justify;\">O Pont\u00edfice expressa suas condol\u00eancias \u00e0s fam\u00edlias e \u00e0 comunidade religiosa &#8220;por este ato de viol\u00eancia sem sentido&#8221;, e confia que seu sacrif\u00edcio &#8220;far\u00e1 avan\u00e7ar a causa da paz, da reconcilia\u00e7\u00e3o e da seguran\u00e7a na regi\u00e3o\u201d.<\/p>\n<h2 style=\"text-align: justify;\">Ataque brutal<\/h2>\n<p style=\"text-align: justify;\">As duas freiras foram mortas em uma emboscada na estrada que liga a capital do Sud\u00e3o do Sul, Juba, a Nimule, na fronteira com Uganda. As religiosas, juntamente com algumas irm\u00e3s e v\u00e1rios fi\u00e9is, regressavam a Juba depois de terem participado na celebra\u00e7\u00e3o do centen\u00e1rio da funda\u00e7\u00e3o da par\u00f3quia de Loa, na Diocese de Torit, onde a igreja \u00e9 dedicada \u00e0 Assun\u00e7\u00e3o. Eles estavam viajando em um \u00f4nibus que foi atacado por homens armados. Ap\u00f3s o ataque &#8211; relataram fontes locais &#8211; irm\u00e3 Mary, irm\u00e3 Regina e tr\u00eas outras pessoas foram assassinadas.<\/p>\n<h2 style=\"text-align: justify;\">Estrada \u00e9 palco de constantes emboscadas<\/h2>\n<p style=\"text-align: justify;\">N\u00e3o \u00e9 a primeira vez que ocorrem incidentes graves na estrada que liga Juba a Nimule, a \u00fanica asfaltada do Sud\u00e3o do Sul e por onde passa grande parte das mercadorias, inclusive alimentos, que abastecem os mercados de capitais, os mais importantes do pa\u00eds.<\/p>\n<p style=\"text-align: justify;\">As emboscadas de comboios de caminh\u00f5es vindos de Kampala, capital de Uganda, e de caminh\u00f5es carregados com cont\u00eaineres que chegam do porto queniano de Momba\u00e7a s\u00e3o cada vez mais frequentes, recorda a revista\u00a0<i>Nigrizia<\/i>. A emboscada do comboio de fi\u00e9is que regressava das comemora\u00e7\u00f5es do centen\u00e1rio de Loa insere-se no contexto de um pa\u00eds dilacerado pela viol\u00eancia e pela instabilidade.<\/p>\n<h2 style=\"text-align: justify;\">Sud\u00e3o do Sul, dez anos de independ\u00eancia<\/h2>\n<p style=\"text-align: justify;\">Dez anos se passaram desde a independ\u00eancia do Sud\u00e3o do Sul. No dia 9 de julho, por ocasi\u00e3o do anivers\u00e1rio, os l\u00edderes do pa\u00eds receberam uma carta conjunta assinada pelo Papa Francisco, pelo arcebispo de Canterbury, Justin Welby, e pelo moderador da Igreja da Esc\u00f3cia, por Jim Wallace.<\/p>\n<p style=\"text-align: justify;\">\u201cNeste dia que marca os dez anos da independ\u00eancia do Sud\u00e3o do Sul, enviamos-lhe as nossas cordiais sauda\u00e7\u00f5es, conscientes de que este anivers\u00e1rio traz \u00e0 mem\u00f3ria as lutas do passado e aponta com esperan\u00e7a para o futuro\u201d. \u201cA vossa na\u00e7\u00e3o &#8211; prossegue o texto &#8211; \u00e9 aben\u00e7oada com um potencial imenso e encorajamos-vos a realizar cada vez mais esfor\u00e7os para permitir que o vosso povo goze de todos os frutos da independ\u00eancia\u201d.<\/p>\n<\/div>\n<\/div>\n","protected":false},"excerpt":{"rendered":"<p>Estrada \u00e9 palco de constantes emboscadas\u00a0 (AFP or licensors) Condol\u00eancias do Pont\u00edfice pelo assassinato, no dia 15 de agosto, de duas religiosas da Congrega\u00e7\u00e3o do Sagrado Cora\u00e7\u00e3o. Amedeo Lomonaco &#8211; Cidade do Vaticano No telegrama assinado pelo secret\u00e1rio de Estado, cardeal Pietro Parolin, o Papa Francisco afirma ter ficado &#8220;profundamente triste ao saber do brutal [&hellip;]<\/p>\n","protected":false},"author":1,"featured_media":69402,"comment_status":"open","ping_status":"closed","sticky":false,"template":"","format":"standard","meta":{"footnotes":""},"categories":[3],"tags":[],"class_list":["post-69401","post","type-post","status-publish","format-standard","has-post-thumbnail","hentry","category-vaticano"],"_links":{"self":[{"href":"https:\/\/catolicanet.net\/wp-cnet\/wp-json\/wp\/v2\/posts\/69401","targetHints":{"allow":["GET"]}}],"collection":[{"href":"https:\/\/catolicanet.net\/wp-cnet\/wp-json\/wp\/v2\/posts"}],"about":[{"href":"https:\/\/catolicanet.net\/wp-cnet\/wp-json\/wp\/v2\/types\/post"}],"author":[{"embeddable":true,"href":"https:\/\/catolicanet.net\/wp-cnet\/wp-json\/wp\/v2\/users\/1"}],"replies":[{"embeddable":true,"href":"https:\/\/catolicanet.net\/wp-cnet\/wp-json\/wp\/v2\/comments?post=69401"}],"version-history":[{"count":1,"href":"https:\/\/catolicanet.net\/wp-cnet\/wp-json\/wp\/v2\/posts\/69401\/revisions"}],"predecessor-version":[{"id":69403,"href":"https:\/\/catolicanet.net\/wp-cnet\/wp-json\/wp\/v2\/posts\/69401\/revisions\/69403"}],"wp:featuredmedia":[{"embeddable":true,"href":"https:\/\/catolicanet.net\/wp-cnet\/wp-json\/wp\/v2\/media\/69402"}],"wp:attachment":[{"href":"https:\/\/catolicanet.net\/wp-cnet\/wp-json\/wp\/v2\/media?parent=69401"}],"wp:term":[{"taxonomy":"category","embeddable":true,"href":"https:\/\/catolicanet.net\/wp-cnet\/wp-json\/wp\/v2\/categories?post=69401"},{"taxonomy":"post_tag","embeddable":true,"href":"https:\/\/catolicanet.net\/wp-cnet\/wp-json\/wp\/v2\/tags?post=69401"}],"curies":[{"name":"wp","href":"https:\/\/api.w.org\/{rel}","templated":true}]}}