{"id":69398,"date":"2021-08-18T09:38:21","date_gmt":"2021-08-18T12:38:21","guid":{"rendered":"https:\/\/catolicanet.net\/wp-cnet\/?p=69398"},"modified":"2021-08-18T18:40:16","modified_gmt":"2021-08-18T21:40:16","slug":"o-papa-recebemos-de-deus-a-graca-de-nos-tornarmos-seus-filhos-para-viver-no-amor","status":"publish","type":"post","link":"https:\/\/catolicanet.net\/wp-cnet\/o-papa-recebemos-de-deus-a-graca-de-nos-tornarmos-seus-filhos-para-viver-no-amor\/","title":{"rendered":"O Papa: recebemos de Deus a gra\u00e7a de nos tornarmos seus filhos para viver no amor"},"content":{"rendered":"<div class=\"article__subTitle\" style=\"text-align: justify;\">Quando se chega \u00e0 f\u00e9, a Lei esgota o seu valor proped\u00eautico e deve dar lugar a outra autoridade. \u201dFar-nos-\u00e1 bem perguntarmo-nos se ainda vivemos no per\u00edodo em que precisamos da Lei, ou se estamos bem conscientes de que recebemos a gra\u00e7a de nos tornarmos filhos de Deus para viver no amor\u201d, disse o Papa na catequese da audi\u00eancia geral desta quarta-feira (18\/08), ao falar sobre o valor proped\u00eautico da Lei, segundo o ensinamento do Ap\u00f3stolo S\u00e3o Paulo<\/div>\n<div class=\"title__separator\" style=\"text-align: justify;\"><\/div>\n<div class=\"article__text \">\n<p style=\"text-align: justify;\"><b>Raimundo de Lima &#8211; Vatican News<\/b><\/p>\n<p><iframe loading=\"lazy\" title=\"Audi\u00eancia Geral 18 de agosto 2021 Papa Francisco\" width=\"696\" height=\"392\" src=\"https:\/\/www.youtube.com\/embed\/ahGL44pwn3c?feature=oembed\" frameborder=\"0\" allow=\"accelerometer; autoplay; clipboard-write; encrypted-media; gyroscope; picture-in-picture\" allowfullscreen><\/iframe><\/p>\n<p style=\"text-align: justify;\">\u201cQuando se chega \u00e0 f\u00e9, a Lei esgota o seu valor proped\u00eautico e deve dar lugar a outra autoridade.\u201d Foi o que disse o Papa na audi\u00eancia geral desta quarta-feira, (18\/08) na Sala Paulo VI, no Vaticano, ao falar sobre o valor proped\u00eautico da Lei, dando prosseguimento \u00e0 sua s\u00e9rie de catequeses sobre a Carta aos G\u00e1latas.<\/p>\n<p style=\"text-align: justify;\">S\u00e3o Paulo ensinou-nos que os \u201cfilhos da promessa\u201d (Gl 4, 28), atrav\u00e9s da f\u00e9 em Jesus Cristo, n\u00e3o est\u00e3o sob o v\u00ednculo da Lei, mas s\u00e3o chamados ao estilo de vida exigente na liberdade do Evangelho. No entanto, a Lei existe, observou o Pont\u00edfice.<\/p>\n<div style=\"text-align: justify;\">\n<div class=\"article__embed article__embed--unwrap article__embed--dark\">\n<div class=\"article__innerTitle\">Ou\u00e7a e compartilhe<\/div>\n<div>\n<!--[if lt IE 9]><script>document.createElement('audio');<\/script><![endif]-->\n<audio class=\"wp-audio-shortcode\" id=\"audio-69398-1\" preload=\"none\" style=\"width: 100%;\" controls=\"controls\"><source type=\"audio\/mpeg\" src=\"https:\/\/media.vaticannews.va\/media\/audio\/s1\/2021\/08\/18\/11\/136151023_F136151023.mp3?_=1\" \/><a href=\"https:\/\/media.vaticannews.va\/media\/audio\/s1\/2021\/08\/18\/11\/136151023_F136151023.mp3\">https:\/\/media.vaticannews.va\/media\/audio\/s1\/2021\/08\/18\/11\/136151023_F136151023.mp3<\/a><\/audio>\n<\/div>\n<\/div>\n<\/div>\n<h2 style=\"text-align: justify;\">O papel da Lei, segundo S\u00e3o Paulo<\/h2>\n<p style=\"text-align: justify;\">Portanto, na catequese de hoje, perguntamo-nos: qual \u00e9, segundo a Carta aos G\u00e1latas, o papel da Lei? \u00a0No trecho que ouvimos \u2013 disse o Santo Padre referindo-se \u00e0 leitura proposta antes de sua catequese (Gl 3, 23-25) &#8211; Paulo diz que a Lei foi como um pedagogo. \u00c9 uma bonita imagem, que merece ser compreendida no seu justo significado.<\/p>\n<p style=\"text-align: justify;\">Parece que o Ap\u00f3stolo sugere que os crist\u00e3os dividem a hist\u00f3ria da salva\u00e7\u00e3o, e tamb\u00e9m a pr\u00f3pria hist\u00f3ria pessoal, em dois momentos: antes de se tornarem crentes e depois de terem recebido a f\u00e9. No centro est\u00e1 o acontecimento da morte e ressurrei\u00e7\u00e3o de Jesus, que Paulo pregou a fim de suscitar a f\u00e9 no Filho de Deus, fonte da salva\u00e7\u00e3o, explicou o Papa.<\/p>\n<p style=\"text-align: justify;\">Por conseguinte, continuou Francisco, partindo da f\u00e9 em Cristo, h\u00e1 um \u201cantes\u201d e um \u201cdepois\u201d em rela\u00e7\u00e3o \u00e0 pr\u00f3pria Lei. A hist\u00f3ria anterior \u00e9 determinada pelo fato de estar \u201csob a Lei\u201d; a hist\u00f3ria subsequente deve ser vivida seguindo o Esp\u00edrito Santo (cf. Gl 5, 25). \u00c9 a primeira vez que Paulo usa esta express\u00e3o: estar \u201csob a Lei\u201d. O significado subjacente implica a ideia de uma servid\u00e3o negativa, t\u00edpica dos escravos. O Ap\u00f3stolo torna-o expl\u00edcito dizendo que quando se est\u00e1 \u201csob a Lei\u201d \u00e9 como estar \u201cvigiado\u201d e \u201cpreso\u201d, uma esp\u00e9cie de cust\u00f3dia preventiva. Este tempo, diz S\u00e3o Paulo, durou muito e perpetua-se enquanto se vive em pecado.<\/p>\n<p style=\"text-align: justify;\">Prosseguindo em sua catequese, o Pont\u00edfice chamou a aten\u00e7\u00e3o para o fato de que a rela\u00e7\u00e3o entre a Lei e o pecado ser\u00e1 explicada de uma forma mais sistem\u00e1tica pelo Ap\u00f3stolo na sua Carta aos Romanos, escrita alguns anos ap\u00f3s a Carta aos G\u00e1latas.<\/p>\n<h2 style=\"text-align: justify;\">Livres da Lei, servimos num esp\u00edrito novo<\/h2>\n<p style=\"text-align: justify;\">Em s\u00edntese, a Lei leva a definir a transgress\u00e3o e a tornar as pessoas conscientes do pr\u00f3prio pecado. Ali\u00e1s, como ensina a experi\u00eancia comum, o preceito acaba por estimular a transgress\u00e3o.<\/p>\n<p style=\"text-align: justify;\">Na Carta aos Romanos, escreve: \u201cQuando est\u00e1vamos na carne, as paix\u00f5es pecaminosas, fortalecidas pela lei, operavam em nossos membros e produziam frutos para a morte. Agora, por\u00e9m, livres da lei, estamos mortos para o que nos sujeitara, de modo que servimos num esp\u00edrito novo e n\u00e3o segundo uma lei antiquada\u201d (7, 5-6).<\/p>\n<p style=\"text-align: justify;\">De modo lapid\u00e1rio, enfatizou o Santo Padre, Paulo exp\u00f5e a sua vis\u00e3o da Lei: \u201cO aguilh\u00e3o da morte \u00e9 o pecado, e a for\u00e7a do pecado \u00e9 a Lei\u201d (1 Cor 15, 56). Neste contexto, a refer\u00eancia ao papel pedag\u00f3gico desempenhado pela Lei assume o seu pleno sentido.<\/p>\n<p style=\"text-align: justify;\">No sistema escolar da antiguidade, explicou Francisco, o pedagogo n\u00e3o tinha a fun\u00e7\u00e3o que lhe atribu\u00edmos hoje, ou seja, dar educa\u00e7\u00e3o de um rapaz ou de uma jovem. Naquela \u00e9poca, ele era um escravo cuja tarefa consistia em acompanhar o filho do dono ao mestre e depois traz\u00ea-lo para casa. Desta forma tinha de o proteger do perigo e vigiar para que n\u00e3o se comportasse mal. A sua fun\u00e7\u00e3o era bastante disciplinar. Quando o rapaz se tornava adulto, o pedagogo cessava as suas fun\u00e7\u00f5es.<\/p>\n<h2 style=\"text-align: justify;\">A fun\u00e7\u00e3o da Lei na hist\u00f3ria de Israel<\/h2>\n<p style=\"text-align: justify;\">Dito isso, o Pont\u00edfice frisou ainda que a refer\u00eancia \u00e0 Lei nestes termos permite que s\u00e3o Paulo esclare\u00e7a a sua fun\u00e7\u00e3o na hist\u00f3ria de Israel.<\/p>\n<p style=\"text-align: justify;\">\u201cA Tor\u00e1 tinha sido um ato de magnanimidade por parte de Deus para com o seu povo. Certamente teve fun\u00e7\u00f5es restritivas, mas ao mesmo tempo protegeu o povo, educou-o, disciplinou-o e sustentou-o na sua fraqueza.\u201d<\/p>\n<p style=\"text-align: justify;\">\u00c9 por esta raz\u00e3o que o Ap\u00f3stolo reflete sucessivamente ao descrever a fase da menoridade: \u201cEnquanto o herdeiro \u00e9 menino, em nada difere do servo, ainda que seja senhor de tudo, pois est\u00e1 sob o dom\u00ednio de tutores e administradores, at\u00e9 ao dia determinado pelo pai. Assim tamb\u00e9m n\u00f3s, quando \u00e9ramos meninos, est\u00e1vamos subjugados pelos elementos do mundo\u201d (Gl 4, 1-3).<\/p>\n<h2 style=\"text-align: justify;\">Amadurecimento da f\u00e9 e supera\u00e7\u00e3o da Lei<\/h2>\n<p style=\"text-align: justify;\">Em suma, a convic\u00e7\u00e3o do Ap\u00f3stolo \u00e9 que a Lei tem certamente uma fun\u00e7\u00e3o positiva, mas limitada no tempo. A sua dura\u00e7\u00e3o n\u00e3o pode ser prolongada para al\u00e9m disso, pois est\u00e1 ligada \u00e0 matura\u00e7\u00e3o dos indiv\u00edduos e \u00e0 sua escolha de liberdade. Quando se chega \u00e0 f\u00e9, a Lei esgota o seu valor proped\u00eautico e deve dar lugar a outra autoridade.<\/p>\n<p style=\"text-align: justify;\">Francisco concluiu afirmando que \u201ceste ensinamento sobre o valor da lei \u00e9 muito importante e merece ser considerado cuidadosamente para n\u00e3o cair em equ\u00edvocos nem dar passos falsos. Far-nos-\u00e1 bem perguntarmo-nos se ainda vivemos no per\u00edodo em que precisamos da Lei, ou se estamos bem conscientes de que recebemos a gra\u00e7a de nos tornarmos filhos de Deus para viver no amor.\u201d<\/p>\n<\/div>\n","protected":false},"excerpt":{"rendered":"<p>Quando se chega \u00e0 f\u00e9, a Lei esgota o seu valor proped\u00eautico e deve dar lugar a outra autoridade. \u201dFar-nos-\u00e1 bem perguntarmo-nos se ainda vivemos no per\u00edodo em que precisamos da Lei, ou se estamos bem conscientes de que recebemos a gra\u00e7a de nos tornarmos filhos de Deus para viver no amor\u201d, disse o Papa [&hellip;]<\/p>\n","protected":false},"author":1,"featured_media":69399,"comment_status":"open","ping_status":"closed","sticky":false,"template":"","format":"standard","meta":{"footnotes":""},"categories":[3],"tags":[],"class_list":["post-69398","post","type-post","status-publish","format-standard","has-post-thumbnail","hentry","category-vaticano"],"_links":{"self":[{"href":"https:\/\/catolicanet.net\/wp-cnet\/wp-json\/wp\/v2\/posts\/69398","targetHints":{"allow":["GET"]}}],"collection":[{"href":"https:\/\/catolicanet.net\/wp-cnet\/wp-json\/wp\/v2\/posts"}],"about":[{"href":"https:\/\/catolicanet.net\/wp-cnet\/wp-json\/wp\/v2\/types\/post"}],"author":[{"embeddable":true,"href":"https:\/\/catolicanet.net\/wp-cnet\/wp-json\/wp\/v2\/users\/1"}],"replies":[{"embeddable":true,"href":"https:\/\/catolicanet.net\/wp-cnet\/wp-json\/wp\/v2\/comments?post=69398"}],"version-history":[{"count":1,"href":"https:\/\/catolicanet.net\/wp-cnet\/wp-json\/wp\/v2\/posts\/69398\/revisions"}],"predecessor-version":[{"id":69400,"href":"https:\/\/catolicanet.net\/wp-cnet\/wp-json\/wp\/v2\/posts\/69398\/revisions\/69400"}],"wp:featuredmedia":[{"embeddable":true,"href":"https:\/\/catolicanet.net\/wp-cnet\/wp-json\/wp\/v2\/media\/69399"}],"wp:attachment":[{"href":"https:\/\/catolicanet.net\/wp-cnet\/wp-json\/wp\/v2\/media?parent=69398"}],"wp:term":[{"taxonomy":"category","embeddable":true,"href":"https:\/\/catolicanet.net\/wp-cnet\/wp-json\/wp\/v2\/categories?post=69398"},{"taxonomy":"post_tag","embeddable":true,"href":"https:\/\/catolicanet.net\/wp-cnet\/wp-json\/wp\/v2\/tags?post=69398"}],"curies":[{"name":"wp","href":"https:\/\/api.w.org\/{rel}","templated":true}]}}