{"id":69374,"date":"2021-08-16T09:53:59","date_gmt":"2021-08-16T12:53:59","guid":{"rendered":"https:\/\/catolicanet.net\/wp-cnet\/?p=69374"},"modified":"2021-08-16T12:55:42","modified_gmt":"2021-08-16T15:55:42","slug":"papa-reza-pelo-afeganistao-encontrar-solucoes-na-mesa-do-dialogo","status":"publish","type":"post","link":"https:\/\/catolicanet.net\/wp-cnet\/papa-reza-pelo-afeganistao-encontrar-solucoes-na-mesa-do-dialogo\/","title":{"rendered":"Papa reza pelo Afeganist\u00e3o: encontrar solu\u00e7\u00f5es na mesa do di\u00e1logo"},"content":{"rendered":"<figure class=\"article__image\" style=\"text-align: justify;\"><span class=\"didascalia_img\">Talib\u00e3s entram em Cabul\u00a0 (AFP or licensors)<\/span><\/figure>\n<div class=\"article__meta audioInside\" data-mediatype=\"\">\n<div class=\"article__subTitle\" style=\"text-align: justify;\">Ap\u00f3s a ora\u00e7\u00e3o do Angelus, Francisco uniu-se \u00e0 preocupa\u00e7\u00e3o un\u00e2nime pela situa\u00e7\u00e3o no pa\u00eds e implorou que cesse o barulho das armas. Ap\u00f3s a capitula\u00e7\u00e3o das principais cidades afeg\u00e3s, a capital tamb\u00e9m se rende ao avan\u00e7o dos Talib\u00e3s. As embaixadas organizam sua evacua\u00e7\u00e3o.<\/div>\n<div class=\"title__separator\" style=\"text-align: justify;\"><\/div>\n<div class=\"article__text \">\n<p style=\"text-align: justify;\"><b>Antonella Palermo, Silvonei Jos\u00e9 \u00a0&#8211; Vatican News<\/b><\/p>\n<p style=\"text-align: justify;\"><i>&#8220;Pe\u00e7o-lhes que rezem comigo ao Deus da paz para que cesse o barulho das armas e as solu\u00e7\u00f5es possam ser encontradas na mesa do di\u00e1logo. Somente assim a martirizada popula\u00e7\u00e3o daquele pa\u00eds &#8211; homens, mulheres, idosos e crian\u00e7as &#8211; poder\u00e1 voltar para suas casas e viver em paz e seguran\u00e7a no pleno respeito m\u00fatuo&#8221;.<\/i><\/p>\n<p style=\"text-align: justify;\">Foi assim que o Papa Francisco, ao meio-dia deste domingo, ap\u00f3s o Angelus na Pra\u00e7a S\u00e3o Pedro, uniu-se &#8220;\u00e0 preocupa\u00e7\u00e3o un\u00e2nime pela situa\u00e7\u00e3o no Afeganist\u00e3o&#8221;, onde os Talib\u00e3s tamb\u00e9m ocuparam a capital Cabul.<\/p>\n<div style=\"text-align: justify;\">\n<div class=\"article__embed article__embed--unwrap article__embed--dark\">\n<div class=\"article__innerTitle\">Ou\u00e7a e compartilhe<\/div>\n<div>\n<!--[if lt IE 9]><script>document.createElement('audio');<\/script><![endif]-->\n<audio class=\"wp-audio-shortcode\" id=\"audio-69374-1\" preload=\"none\" style=\"width: 100%;\" controls=\"controls\"><source type=\"audio\/mpeg\" src=\"https:\/\/media.vaticannews.va\/media\/audio\/s1\/2021\/08\/15\/15\/136148927_F136148927.mp3?_=1\" \/><a href=\"https:\/\/media.vaticannews.va\/media\/audio\/s1\/2021\/08\/15\/15\/136148927_F136148927.mp3\">https:\/\/media.vaticannews.va\/media\/audio\/s1\/2021\/08\/15\/15\/136148927_F136148927.mp3<\/a><\/audio>\n<\/div>\n<\/div>\n<\/div>\n<h2 style=\"text-align: justify;\">Os Talib\u00e1s em Cabul<\/h2>\n<p style=\"text-align: justify;\">Os Talib\u00e3s est\u00e3o entrando em Cabul de todos os lados. Helic\u00f3pteros aterrissaram perto da embaixada americana na capital, enquanto ve\u00edculos diplom\u00e1ticos est\u00e3o deixando o complexo. Com a capitula\u00e7\u00e3o de Mazar-i-Sharif, Maymana e Jalalabad &#8211; a quinta maior cidade do Afeganist\u00e3o &#8211; o n\u00famero de capitais de prov\u00edncia que ca\u00edram nas m\u00e3os dos Talib\u00e3s subiu para 26. A maioria das cidades se rendeu sem lutar. Procedendo com grande rapidez, os Talib\u00e3s conseguiram controlar todos os postos de fronteira no Afeganist\u00e3o e o aeroporto de Cabul, continua sendo a \u00fanica sa\u00edda do pa\u00eds. O Ministro do Interior paquistan\u00eas, Sheikh Rashid Ahmed, confirmou que os Talib\u00e3s haviam conquistado o lado afeg\u00e3o do vale de Torkham, a \u00faltima travessia restante controlada pelo governo. O Reino Unido est\u00e1 preparando a evacua\u00e7\u00e3o do embaixador brit\u00e2nico em Cabul, Sir Laurie Bristow. Seiscentos soldados est\u00e3o destacados na capital para a evacua\u00e7\u00e3o dos demais cidad\u00e3os brit\u00e2nicos e afeg\u00e3os que colaboraram com o ex\u00e9rcito de Londres.<\/p>\n<div style=\"text-align: justify;\">\n<div class=\"article__embed article__embed--unwrap article__embed--photo\">\n<figure><picture><img decoding=\"async\" class=\"loaded\" src=\"https:\/\/www.vaticannews.va\/content\/dam\/vaticannews\/agenzie\/images\/reuters\/2021\/08\/15\/12\/1629021970023.JPG\/_jcr_content\/renditions\/cq5dam.thumbnail.cropped.750.422.jpeg\" alt=\"Afeg\u00e3os na fronteira\" data-original=\"\/content\/dam\/vaticannews\/agenzie\/images\/reuters\/2021\/08\/15\/12\/1629021970023.JPG\/_jcr_content\/renditions\/cq5dam.thumbnail.cropped.750.422.jpeg\" data-was-processed=\"true\" \/><\/picture><\/figure>\n<div class=\"photo_embed--Title\">Afeg\u00e3os na fronteira<\/div>\n<\/div>\n<\/div>\n<h2 style=\"text-align: justify;\">Biden: Herdei esta guerra, n\u00e3o vou pass\u00e1-la ao meu sucessor<\/h2>\n<p style=\"text-align: justify;\">O n\u00famero de soldados enviados pelos EUA a Cabul para organizar a evacua\u00e7\u00e3o do pessoal da embaixada dos EUA aumentou de 3.000 para 5.000. O secret\u00e1rio de Estado norte-americano Antony J. Blinken falou neste s\u00e1bado com o presidente da Rep\u00fablica Isl\u00e2mica do Afeganist\u00e3o Ashraf Ghani sobre os desenvolvimentos no Afeganist\u00e3o. Os dois, de acordo com o porta-voz de Blinken, Ned Price, discutiram a urg\u00eancia de esfor\u00e7os diplom\u00e1ticos e pol\u00edticos cont\u00ednuos para reduzir a viol\u00eancia. O secret\u00e1rio enfatizou o compromisso dos EUA para uma forte rela\u00e7\u00e3o diplom\u00e1tica e de seguran\u00e7a com o governo do Afeganist\u00e3o e &#8220;nosso apoio cont\u00ednuo ao povo afeg\u00e3o&#8221;. O presidente Biden declarou que havia herdado esta guerra e comentou: &#8220;Eu n\u00e3o iria, e n\u00e3o irei, passar esta guerra para meu sucessor&#8221;.<\/p>\n<h2 style=\"text-align: justify;\">EUA: se a miss\u00e3o for colocada em risco, a resposta militar ser\u00e1 &#8220;r\u00e1pida e forte&#8221;<\/h2>\n<p style=\"text-align: justify;\">Al\u00e9m disso, Biden est\u00e1 anunciando uma s\u00e9rie de a\u00e7\u00f5es em resposta \u00e0 situa\u00e7\u00e3o em andamento no Afeganist\u00e3o, incluindo o direcionamento do departamento de intelig\u00eancia para manter a vigil\u00e2ncia e assim enfrentar futuras amea\u00e7as terroristas do Afeganist\u00e3o. Ele instruiu Blinken a apoiar o presidente afeg\u00e3o Ghani dizendo aos representantes dos Talib\u00e3s em Doha que qualquer a\u00e7\u00e3o deles no terreno, no Afeganist\u00e3o, que coloque em risco o pessoal dos EUA ou a miss\u00e3o no pa\u00eds, ser\u00e1 respondida com uma &#8220;resposta militar r\u00e1pida e forte&#8221;. Biden instruiu a embaixadora Tracey Jacobson para &#8220;elaborar, transportar e realocar os requerentes de vistos especiais de imigrantes afeg\u00e3os e outros aliados afeg\u00e3os&#8221;.<\/p>\n<h2 style=\"text-align: justify;\">Ponte a\u00e9rea para a repatria\u00e7\u00e3o dos italianos<\/h2>\n<p style=\"text-align: justify;\">Enquanto isso, est\u00e1 sendo montada uma ponte a\u00e9rea para os italianos no Afeganist\u00e3o e o Parlamento est\u00e1 pronto para debater e acelerar os procedimentos de recep\u00e7\u00e3o dos afeg\u00e3os que colaboraram com os italianos nos \u00faltimos anos. Nesta noite, \u00e0s 21h30, (hora de Roma) o voo da For\u00e7a A\u00e9rea para a repatria\u00e7\u00e3o dos italianos decolar\u00e1 do aeroporto de Cabul: &#8220;Convidamos a deixar o pa\u00eds por este meio&#8221; l\u00ea-se no e-mail enviado a todos os italianos no pa\u00eds. Nos pr\u00f3ximos dias, todos os escrit\u00f3rios de representa\u00e7\u00e3o dos pa\u00edses da Alian\u00e7a dever\u00e3o ser evacuados e uma representa\u00e7\u00e3o de alguns diplomatas poder\u00e1 permanecer apenas na \u00e1rea do aeroporto de Cabul.<\/p>\n<h2 style=\"text-align: justify;\">Comiss\u00e3o da UE: urgente um pacto europeu sobre migra\u00e7\u00e3o<\/h2>\n<p style=\"text-align: justify;\">&#8220;O que est\u00e1 acontecendo no Afeganist\u00e3o nos lembra que a Europa n\u00e3o pode esperar mais. A crise no Afeganist\u00e3o, mas n\u00e3o s\u00f3 l\u00e1, torna ainda mais evidente que o momento \u00e9 agora, que \u00e9 hora de chegar a um acordo sobre um novo pacto europeu sobre migra\u00e7\u00e3o&#8221;. Isto \u00e9 o que Margaritis Schinas, vice-presidente da Comiss\u00e3o Europeia, disse em uma entrevista ao jornal italiano &#8220;La Stampa&#8221;. \u00c9 uma quest\u00e3o que diz respeito a todos, e para a qual precisamos de uma abordagem de equipe, hol\u00edstica e inclusiva&#8221;.<\/p>\n<\/div>\n<\/div>\n","protected":false},"excerpt":{"rendered":"<p>Talib\u00e3s entram em Cabul\u00a0 (AFP or licensors) Ap\u00f3s a ora\u00e7\u00e3o do Angelus, Francisco uniu-se \u00e0 preocupa\u00e7\u00e3o un\u00e2nime pela situa\u00e7\u00e3o no pa\u00eds e implorou que cesse o barulho das armas. Ap\u00f3s a capitula\u00e7\u00e3o das principais cidades afeg\u00e3s, a capital tamb\u00e9m se rende ao avan\u00e7o dos Talib\u00e3s. As embaixadas organizam sua evacua\u00e7\u00e3o. Antonella Palermo, Silvonei Jos\u00e9 \u00a0&#8211; [&hellip;]<\/p>\n","protected":false},"author":1,"featured_media":69375,"comment_status":"open","ping_status":"closed","sticky":false,"template":"","format":"standard","meta":{"footnotes":""},"categories":[3],"tags":[],"class_list":["post-69374","post","type-post","status-publish","format-standard","has-post-thumbnail","hentry","category-vaticano"],"_links":{"self":[{"href":"https:\/\/catolicanet.net\/wp-cnet\/wp-json\/wp\/v2\/posts\/69374","targetHints":{"allow":["GET"]}}],"collection":[{"href":"https:\/\/catolicanet.net\/wp-cnet\/wp-json\/wp\/v2\/posts"}],"about":[{"href":"https:\/\/catolicanet.net\/wp-cnet\/wp-json\/wp\/v2\/types\/post"}],"author":[{"embeddable":true,"href":"https:\/\/catolicanet.net\/wp-cnet\/wp-json\/wp\/v2\/users\/1"}],"replies":[{"embeddable":true,"href":"https:\/\/catolicanet.net\/wp-cnet\/wp-json\/wp\/v2\/comments?post=69374"}],"version-history":[{"count":1,"href":"https:\/\/catolicanet.net\/wp-cnet\/wp-json\/wp\/v2\/posts\/69374\/revisions"}],"predecessor-version":[{"id":69376,"href":"https:\/\/catolicanet.net\/wp-cnet\/wp-json\/wp\/v2\/posts\/69374\/revisions\/69376"}],"wp:featuredmedia":[{"embeddable":true,"href":"https:\/\/catolicanet.net\/wp-cnet\/wp-json\/wp\/v2\/media\/69375"}],"wp:attachment":[{"href":"https:\/\/catolicanet.net\/wp-cnet\/wp-json\/wp\/v2\/media?parent=69374"}],"wp:term":[{"taxonomy":"category","embeddable":true,"href":"https:\/\/catolicanet.net\/wp-cnet\/wp-json\/wp\/v2\/categories?post=69374"},{"taxonomy":"post_tag","embeddable":true,"href":"https:\/\/catolicanet.net\/wp-cnet\/wp-json\/wp\/v2\/tags?post=69374"}],"curies":[{"name":"wp","href":"https:\/\/api.w.org\/{rel}","templated":true}]}}