{"id":69347,"date":"2021-08-13T09:09:24","date_gmt":"2021-08-13T12:09:24","guid":{"rendered":"https:\/\/catolicanet.net\/wp-cnet\/?p=69347"},"modified":"2021-08-13T18:10:26","modified_gmt":"2021-08-13T21:10:26","slug":"cnbb-e-rede-clamor-brasil-assinam-protocolo-de-intencoes-na-sexta-feira-13-de-agosto-as-14h30","status":"publish","type":"post","link":"https:\/\/catolicanet.net\/wp-cnet\/cnbb-e-rede-clamor-brasil-assinam-protocolo-de-intencoes-na-sexta-feira-13-de-agosto-as-14h30\/","title":{"rendered":"CNBB E REDE CLAMOR BRASIL ASSINAM \u201cPROTOCOLO DE INTEN\u00c7\u00d5ES\u201d NA SEXTA-FEIRA, 13 DE AGOSTO, \u00c0S 14H30"},"content":{"rendered":"<p style=\"text-align: justify;\">Um \u201cProtocolo de Inten\u00e7\u00f5es\u201d ser\u00e1 assinado entre a Confer\u00eancia Nacional dos Bispos do Brasil (CNBB) e a Rede Clamor Brasil (Rede Eclesial de Migra\u00e7\u00e3o, Ref\u00fagio e Enfrentamento ao Tr\u00e1fico de Pessoas)\u00a0 na pr\u00f3xima sexta-feira, 13 de agosto, \u00e0s 14h30, na sede da Confer\u00eancia em\u00a0 Bras\u00edlia (DF).<\/p>\n<p style=\"text-align: justify;\">O acordo ser\u00e1 assinado pelo bispo-auxiliar do Rio de Janeiro e secret\u00e1rio-geral da CNBB, dom Joel Portella Amado, e os tr\u00eas membros da coordena\u00e7\u00e3o da Rede Clamor Brasil, padre Agnaldo Pereira de Oliveira Jr. Maria Cristina dos Anjos e irm\u00e3 Rosita Milesi.<\/p>\n<p style=\"text-align: justify;\">O Protocolo tem a finalidade de expressar por parte da CNBB apoio \u00e0 constitui\u00e7\u00e3o da Rede Clamor Brasil, em seu\u00a0 cap\u00edtulo brasileiro da Rede Clamor Am\u00e9rica Latina e Caribe, e a aprova\u00e7\u00e3o \u00e0 sua atua\u00e7\u00e3o como espa\u00e7o reconhecido pela Confer\u00eancia para favorecer e potencializar a a\u00e7\u00e3o eclesial articulada em favor da causa das migra\u00e7\u00f5es, ref\u00fagio e enfrentamento ao tr\u00e1fico humano.<\/p>\n<p style=\"text-align: justify;\">O documento prev\u00ea ainda que a Rede Clamor Brasil se vincular\u00e1 \u00e0 Comiss\u00e3o Episcopal Pastoral para a A\u00e7\u00e3o Sociotransformadora da CNBB e contar\u00e1 com um Bispo referencial a ser nomeado pela Presid\u00eancia da CNBB, ap\u00f3s consulta \u00e0s entidades que integram o grupo implementador da Rede.<\/p>\n<h3 style=\"text-align: justify;\">Assinatura de Protocolo de Inten\u00e7\u00f5es<\/h3>\n<p style=\"text-align: justify;\"><img loading=\"lazy\" decoding=\"async\" class=\"alignright wp-image-639131 size-medium\" src=\"https:\/\/www.cnbb.org.br\/wp-content\/uploads\/2021\/08\/Card-protocolo-de-intencoes-300x300.jpg\" sizes=\"auto, (max-width: 300px) 100vw, 300px\" srcset=\"https:\/\/www.cnbb.org.br\/wp-content\/uploads\/2021\/08\/Card-protocolo-de-intencoes-300x300.jpg 300w, https:\/\/www.cnbb.org.br\/wp-content\/uploads\/2021\/08\/Card-protocolo-de-intencoes-1024x1024.jpg 1024w, https:\/\/www.cnbb.org.br\/wp-content\/uploads\/2021\/08\/Card-protocolo-de-intencoes-150x150.jpg 150w, https:\/\/www.cnbb.org.br\/wp-content\/uploads\/2021\/08\/Card-protocolo-de-intencoes-768x768.jpg 768w, https:\/\/www.cnbb.org.br\/wp-content\/uploads\/2021\/08\/Card-protocolo-de-intencoes-800x800.jpg 800w, https:\/\/www.cnbb.org.br\/wp-content\/uploads\/2021\/08\/Card-protocolo-de-intencoes-500x500.jpg 500w, https:\/\/www.cnbb.org.br\/wp-content\/uploads\/2021\/08\/Card-protocolo-de-intencoes.jpg 1080w\" alt=\"\" width=\"300\" height=\"300\" \/>A partir da assinatura do protocolo, a CNBB e a Rede Clamor Brasil buscar\u00e3o animar e estimular a promo\u00e7\u00e3o e realiza\u00e7\u00e3o de a\u00e7\u00f5es, servi\u00e7os, campanhas, debates, reflex\u00f5es, publica\u00e7\u00f5es, somando e convergindo esfor\u00e7os, sensibilizando a sociedade, animando as dioceses e institui\u00e7\u00f5es eclesiais e motivando novas institui\u00e7\u00f5es ou comunidades pela causa das migra\u00e7\u00f5es, do ref\u00fagio, do enfrentamento ao tr\u00e1fico humano e temas correlatos ou transversais.<\/p>\n<p style=\"text-align: justify;\">De acordo com a diretora do \u00a0Instituto Migra\u00e7\u00f5es e Direitos Humanos (IMDH), a irm\u00e3 Rosita Milesi, a Rede Clamor Brasil \u00e9, por defini\u00e7\u00e3o, um espa\u00e7o de articula\u00e7\u00e3o das obras e servi\u00e7os que a Igreja cat\u00f3lica implementa e realiza na Am\u00e9rica Latina e no Caribe junto aos migrantes, refugiados e v\u00edtimas de tr\u00e1fico humano.<\/p>\n<blockquote><p>\u201cBusca promover uma atua\u00e7\u00e3o inspirada na espiritualidade encarnada de comunh\u00e3o e participa\u00e7\u00e3o, escutando e respondendo ao clamor do povo for\u00e7ado a deslocar-se, a migrar, a refugiar-se onde possa encontrar seguran\u00e7a, respeito e dignas condi\u00e7\u00f5es de vida. Que articuladas, as institui\u00e7\u00f5es possam fortalecer o esp\u00edrito de uma igreja samaritana, que acolhe, protege, promove e integra migrantes, refugiados, refugiadas e v\u00edtimas de tr\u00e1fico\u201d, explica.<\/p><\/blockquote>\n<p style=\"text-align: justify;\">A assinatura acontece na sede da CNBB, em Bras\u00edlia, \u00e0s 14h30.<\/p>\n","protected":false},"excerpt":{"rendered":"<p>Um \u201cProtocolo de Inten\u00e7\u00f5es\u201d ser\u00e1 assinado entre a Confer\u00eancia Nacional dos Bispos do Brasil (CNBB) e a Rede Clamor Brasil (Rede Eclesial de Migra\u00e7\u00e3o, Ref\u00fagio e Enfrentamento ao Tr\u00e1fico de Pessoas)\u00a0 na pr\u00f3xima sexta-feira, 13 de agosto, \u00e0s 14h30, na sede da Confer\u00eancia em\u00a0 Bras\u00edlia (DF). O acordo ser\u00e1 assinado pelo bispo-auxiliar do Rio de [&hellip;]<\/p>\n","protected":false},"author":1,"featured_media":69348,"comment_status":"open","ping_status":"closed","sticky":false,"template":"","format":"standard","meta":{"footnotes":""},"categories":[7],"tags":[],"class_list":["post-69347","post","type-post","status-publish","format-standard","has-post-thumbnail","hentry","category-cnbb"],"_links":{"self":[{"href":"https:\/\/catolicanet.net\/wp-cnet\/wp-json\/wp\/v2\/posts\/69347","targetHints":{"allow":["GET"]}}],"collection":[{"href":"https:\/\/catolicanet.net\/wp-cnet\/wp-json\/wp\/v2\/posts"}],"about":[{"href":"https:\/\/catolicanet.net\/wp-cnet\/wp-json\/wp\/v2\/types\/post"}],"author":[{"embeddable":true,"href":"https:\/\/catolicanet.net\/wp-cnet\/wp-json\/wp\/v2\/users\/1"}],"replies":[{"embeddable":true,"href":"https:\/\/catolicanet.net\/wp-cnet\/wp-json\/wp\/v2\/comments?post=69347"}],"version-history":[{"count":1,"href":"https:\/\/catolicanet.net\/wp-cnet\/wp-json\/wp\/v2\/posts\/69347\/revisions"}],"predecessor-version":[{"id":69349,"href":"https:\/\/catolicanet.net\/wp-cnet\/wp-json\/wp\/v2\/posts\/69347\/revisions\/69349"}],"wp:featuredmedia":[{"embeddable":true,"href":"https:\/\/catolicanet.net\/wp-cnet\/wp-json\/wp\/v2\/media\/69348"}],"wp:attachment":[{"href":"https:\/\/catolicanet.net\/wp-cnet\/wp-json\/wp\/v2\/media?parent=69347"}],"wp:term":[{"taxonomy":"category","embeddable":true,"href":"https:\/\/catolicanet.net\/wp-cnet\/wp-json\/wp\/v2\/categories?post=69347"},{"taxonomy":"post_tag","embeddable":true,"href":"https:\/\/catolicanet.net\/wp-cnet\/wp-json\/wp\/v2\/tags?post=69347"}],"curies":[{"name":"wp","href":"https:\/\/api.w.org\/{rel}","templated":true}]}}