{"id":69335,"date":"2021-08-13T09:38:48","date_gmt":"2021-08-13T12:38:48","guid":{"rendered":"https:\/\/catolicanet.net\/wp-cnet\/?p=69335"},"modified":"2021-08-13T17:41:57","modified_gmt":"2021-08-13T20:41:57","slug":"69335-2","status":"publish","type":"post","link":"https:\/\/catolicanet.net\/wp-cnet\/69335-2\/","title":{"rendered":"Mil\u00edcia da Imaculada no Brasil lan\u00e7a Escritos de S\u00e3o Maximiliano"},"content":{"rendered":"<figure class=\"article__image\" style=\"text-align: justify;\"><span class=\"didascalia_img\">Massimiliano Kolbe\u00a0<\/span><\/figure>\n<div class=\"article__meta audioInside\" data-mediatype=\"\">\n<div class=\"article__subTitle\" style=\"text-align: justify;\">Livro in\u00e9dito em l\u00edngua portuguesa re\u00fane artigos, cartas e reflex\u00f5es do santo que morreu no Campo de Concentra\u00e7\u00e3o de Auschwitz<\/div>\n<div class=\"title__separator\" style=\"text-align: justify;\"><\/div>\n<div class=\"article__text \">\n<p style=\"text-align: justify;\"><b>Paulo Teixeira &#8211; Mil\u00edcia da Imaculada<\/b><\/p>\n<p style=\"text-align: justify;\">H\u00e1 80 anos, precisamente no dia 14 de agosto, S\u00e3o Maximiliano Kolbe morreu para salvar um pai de fam\u00edlia. Em homenagem ao gesto heroico de Kolbe, est\u00e1 sendo publicado o livro Escritos de S\u00e3o Maximiliano Kolbe. Este livro servir\u00e1 para estudantes e pesquisadores, bem como para quem deseja conhecer e aprofundar sobre a espiritualidade de S\u00e3o Maximiliano Kolbe. Para Matilde Luvistto que traduziu a obra, \u201ctrata-se de um material impressionante colocado \u00e0 nossa disposi\u00e7\u00e3o para podermos colher o pensamento do fundador da Mil\u00edcia da Imaculada, as riqu\u00edssimas reflex\u00f5es que permanecem muito atuais e nos estimulam; sua espiritualidade voltada para a santidade e sobretudo para a miss\u00e3o, sua paix\u00e3o pela Imaculada e sua particular mariologia\u201d.<\/p>\n<div style=\"text-align: justify;\">\n<div class=\"article__embed article__embed--unwrap article__embed--photo\">\n<figure><picture><img decoding=\"async\" class=\"loaded\" src=\"https:\/\/www.vaticannews.va\/content\/dam\/vaticannews\/multimedia\/2021\/08\/12\/MAXIMILIANO-KOLBE-MILICIA.jpg\/_jcr_content\/renditions\/cq5dam.thumbnail.cropped.750.422.jpeg\" alt=\"Capa do livro sobre os escritos de Kolbe\" data-original=\"\/content\/dam\/vaticannews\/multimedia\/2021\/08\/12\/MAXIMILIANO-KOLBE-MILICIA.jpg\/_jcr_content\/renditions\/cq5dam.thumbnail.cropped.750.422.jpeg\" data-was-processed=\"true\" \/><\/picture><\/figure>\n<div class=\"photo_embed--Title\">Capa do livro sobre os escritos de Kolbe<\/div>\n<\/div>\n<\/div>\n<p style=\"text-align: justify;\">S\u00e3o Maximiliano Kolbe nasceu na Pol\u00f4nia em 1894, e morreu ao dar a vida no lugar de um pai de fam\u00edlia no campo de concentra\u00e7\u00e3o de Auschwitz em 1941. Fundou em 1917 a Mil\u00edcia da Imaculada e desenvolveu intenso trabalho com os meios de comunica\u00e7\u00e3o. Para Frei Gilson Miguel Nunes, OFM Conv., Assistente Internacional da Mil\u00edcia da Imaculada, \u201cpor meio dos escritos de S\u00e3o Maximiliano Kolbe poderemos conhecer os detalhes da sua hist\u00f3ria de vida: seus sentimentos, sua vis\u00e3o de mundo, sua eclesiologia e suas experi\u00eancias espirituais. A leitura e reflex\u00e3o desses escritos \u00e9 um importante caminho para o conhecimento do legado espiritual desse grande santo\u201d.<\/p>\n<div style=\"text-align: justify;\">\n<div class=\"article__embed article__embed--unwrap article__embed--photo\">\n<figure><picture><img decoding=\"async\" class=\"loaded\" src=\"https:\/\/www.vaticannews.va\/content\/dam\/vaticannews\/santi\/20180814_Wikimedia%20Commons_1936_MASSIMILIANO%20KOLBE.jpg\/_jcr_content\/renditions\/cq5dam.thumbnail.cropped.750.422.jpeg\" alt=\"S\u00e3o Maximiliano Kolbe \" data-original=\"\/content\/dam\/vaticannews\/santi\/20180814_Wikimedia%20Commons_1936_MASSIMILIANO%20KOLBE.jpg\/_jcr_content\/renditions\/cq5dam.thumbnail.cropped.750.422.jpeg\" data-was-processed=\"true\" \/><\/picture><\/figure>\n<div class=\"photo_embed--Title\">S\u00e3o Maximiliano Kolbe<\/div>\n<\/div>\n<\/div>\n<p style=\"text-align: justify;\">Ao longo da vida, Kolbe escreveu cartas para muitas pessoas, diversos artigos para jornais e revistas, e anotou suas inspira\u00e7\u00f5es m\u00edsticas. Neste volume est\u00e3o organizados os escritos de S\u00e3o Maximiliano Kolbe, desde os primeiros cadernos de anota\u00e7\u00f5es, at\u00e9 o \u00faltimo cart\u00e3o escrito da pris\u00e3o e endere\u00e7ado \u00e0 m\u00e3e. Matilde Luvisotto conta que durante o processo de tradu\u00e7\u00e3o riu com algumas situa\u00e7\u00f5es relatadas pelo santo, refletiu sobre temas interessantes, e tamb\u00e9m se emocionou e chorou ao tomar contato com detalhes da vida e sentimento de S\u00e3o Maximiliano. \u201cQuem ler vai se apaixonar e se sentir envolvido na aventura de f\u00e9 do m\u00e1rtir da caridade. \u00c9 emocionante descobrir o segredo da santidade de Kolbe, o grande amor \u00e0 Imaculada manifestado na sua entrega total e incondicional a Ela, e que o fortaleceu no apostolado\u201d, explica a tradutora Matilde Luvisotto, que destaca que tamb\u00e9m h\u00e1 intensa correspond\u00eancia mission\u00e1ria relacionada ao per\u00edodo em que fundou a Mil\u00edcia da Imaculada no Jap\u00e3o, e grande material sobre espiritualidade mariana.<\/p>\n<p style=\"text-align: justify;\">O livro cont\u00e9m mais de 2500 p\u00e1ginas com tudo o que foi poss\u00edvel recolher daquilo que S\u00e3o Maximiliano escreveu. H\u00e1 breve apresenta\u00e7\u00e3o do livro por Frei Raffaele di Muro, OFM Conv., que \u00e9 especialista em S\u00e3o Maximiliano Kolbe; tamb\u00e9m Frei Sebasti\u00e3o Benito Quaglio, OFM Conv., co-fundador do Instituto Mission\u00e1rios da Imaculada-Padre Kolbe, deixa uma mensagem ao leitor. O Ministro Geral da Ordem dos Frades Menores Conventuais, Frei Carlos Trovarelli, OFM Conv., e o Assistente Internacional da Mil\u00edcia da Imaculada, Frei Gilson Miguel Nunes, OFM Conv., introduzem e incentivam a leitura. Para Frei Sebasti\u00e3o Benito Quaglio, \u201co seu modo de viver foi surpreendente e s\u00f3 pode ser entendido em profundida\u00adde, mergulhando no interior de seu cora\u00e7\u00e3o. A publica\u00e7\u00e3o deste livro visa favorecer aos m\u00edlites de l\u00edngua portuguesa esse \u2018mergulho\u2019 na alma do santo fundador da Mil\u00edcia da Imaculada\u201d.<\/p>\n<div style=\"text-align: justify;\">\n<div class=\"article__embed article__embed--unwrap article__embed--photo\">\n<figure><picture><img decoding=\"async\" class=\"loaded\" src=\"https:\/\/www.vaticannews.va\/content\/dam\/vaticannews\/multimedia\/2018\/08\/07\/09204_29072016.JPG\/_jcr_content\/renditions\/cq5dam.thumbnail.cropped.750.422.jpeg\" alt=\"Papa Francisco em ora\u00e7\u00e3o na sela de S\u00e3o Maximiliano Kolbe \" data-original=\"\/content\/dam\/vaticannews\/multimedia\/2018\/08\/07\/09204_29072016.JPG\/_jcr_content\/renditions\/cq5dam.thumbnail.cropped.750.422.jpeg\" data-was-processed=\"true\" \/><\/picture><\/figure>\n<div class=\"photo_embed--Title\">Papa Francisco em ora\u00e7\u00e3o na sela de S\u00e3o Maximiliano Kolbe<\/div>\n<\/div>\n<\/div>\n<p style=\"text-align: justify;\">Os escritos de S\u00e3o Maximiliano foram traduzidos a partir de uma vers\u00e3o italiana que compilava o que Kolbe escreveu em diversas l\u00ednguas como italiano, polon\u00eas e latim. Matilde Luvisotto e Sara Caneva se dedicaram por longo tempo para a tradu\u00e7\u00e3o fiel; Frei Ari Pintarelli, OFM, que j\u00e1 havia revisado grandes obras, deu sua contribui\u00e7\u00e3o para a correta vers\u00e3o em portugu\u00eas. \u201cAplaudimos esta obra extraordin\u00e1ria que pode agora estar \u00e0 disposi\u00e7\u00e3o da florescente Mil\u00edcia da Imaculada do Brasil e tamb\u00e9m de toda a Igreja do Brasil, e, certamente, tamb\u00e9m em outras na\u00e7\u00f5es de l\u00edngua portuguesa em geral. Desejo sucesso a esta precisa obra que vai difundir admiravelmente a heran\u00e7a de S\u00e3o Maximiliano Kolbe e torn\u00e1-lo ainda mais conhecido e apreciado\u201d, diz Frei Raffaele di Muro, OFM Conv., Diretor da Pontif\u00edcia Faculdade S\u00e3o Boaventura, que tamb\u00e9m dirige a C\u00e1tedra Kolbiana na mesma institui\u00e7\u00e3o.<\/p>\n<p style=\"text-align: justify;\"><b>A R\u00e1dio Vaticano \u2013 Vatican News<\/b>\u00a0ouviu o<b>\u00a0Frei Gilson Miguel Nunes OFMCONV,<\/b>\u00a0que \u00e9 o assistente internacional da Mil\u00edcia da Imaculada.<\/p>\n<div style=\"text-align: justify;\">\n<div class=\"article__embed article__embed--unwrap article__embed--dark\">\n<div class=\"article__innerTitle\">Ou\u00e7a e compartilhe<\/div>\n<div>\n<!--[if lt IE 9]><script>document.createElement('audio');<\/script><![endif]-->\n<audio class=\"wp-audio-shortcode\" id=\"audio-69335-1\" preload=\"none\" style=\"width: 100%;\" controls=\"controls\"><source type=\"audio\/mpeg\" src=\"https:\/\/media.vaticannews.va\/media\/audio\/s1\/2021\/08\/13\/12\/136147022_F136147022.mp3?_=1\" \/><a href=\"https:\/\/media.vaticannews.va\/media\/audio\/s1\/2021\/08\/13\/12\/136147022_F136147022.mp3\">https:\/\/media.vaticannews.va\/media\/audio\/s1\/2021\/08\/13\/12\/136147022_F136147022.mp3<\/a><\/audio>\n<\/div>\n<\/div>\n<\/div>\n<p style=\"text-align: justify;\"><i>&#8220;Ningu\u00e9m tem maior amor do que aquele que d\u00e1 a vida pelos seus irm\u00e3os. Celebramos no dia 14 de agosto de 2021, 80 anos do Mart\u00edrio de S\u00e3o Maximiliano Maria Kolbe, frade franciscano conventual, Ap\u00f3stolo da Imaculada. O gesto de entregar a vida por um desconhecido, por um pai de fam\u00edlia foi uma rajada de luz no campo de concentra\u00e7\u00e3o de Auschwitz. O gesto heroico de S\u00e3o Maximiliano kolbe foi fruto de uma vida, toda ela entregue nas m\u00e3os da Imaculada atrav\u00e9s do apostolado da Imprensa, do r\u00e1dio, das revistas, dos jornais, de um itiner\u00e1rio de f\u00e9 e confian\u00e7a, de um ardor mission\u00e1rio sem precedentes. Sim, o mart\u00edrio de Kolbe continua nos inspirando a defender a vida na sua integralidade, no seu princ\u00edpio ao seu ocaso natural. N\u00e3o esque\u00e7am, o amor ele recordou aos seus irm\u00e3os e recorda tamb\u00e9m a cada um de n\u00f3s nos dias de hoje.<\/i><\/p>\n<p style=\"text-align: justify;\"><i>Para conhecer melhor a vida de S\u00e3o Maximiliano Kolbe, a Mil\u00edcia da Imaculada numa coedi\u00e7\u00e3o com a Paulus Editora lan\u00e7a no Brasil, pela primeira vez, os escritos de S\u00e3o Maximiliano Kolbe traduzidos da 2\u00aa edi\u00e7\u00e3o italiana feita por frei Cristoforo Zambelli. O leitor brasileiro ter\u00e1 em m\u00e3os cartas, artigos, escritos do m\u00e1rtir da caridade S\u00e3o Maximiliano Kolbe. Poder\u00e1 conhecer Kolbe atrav\u00e9s dele mesmo e dos seus pensamentos. Para celebrar os 80 anos do mart\u00edrio colocamos ent\u00e3o \u00e0 disposi\u00e7\u00e3o de todos os leitores os escritos de S\u00e3o Maximiliano Kolbe. Atrav\u00e9s desses escritos poderemos conhecer de maneira mais profunda sua obra, sua vis\u00e3o do homem e da humanidade, sua espiritualidade, o seu caminho, suas ang\u00fastias e esperan\u00e7as.<\/i><\/p>\n<p style=\"text-align: justify;\"><i>O Legado que Kolbe nos deixa \u00e9 um legado de amor, de fraternidade, de di\u00e1logo. Afirma\u00e7\u00e3o suprema da vida como dom de Deus desde a sua concep\u00e7\u00e3o ao seu ocaso. N\u00e3o esque\u00e7a o amor recordava aos seus irm\u00e3os, e num mundo ferido, dividido, num mundo de novos totalitarismos Kolbe continua proclamando com a sua vida, e atrav\u00e9s da vida de todos aqueles que se consagram a Imaculada, seguindo seus passos, que a \u00fanica for\u00e7a criativa \u00e9 o amor, o \u00f3dio n\u00e3o \u00e9 uma for\u00e7a criativa.<\/i><\/p>\n<p style=\"text-align: justify;\"><i>Celebremos S\u00e3o Maximiliano Kolbe, busquemos inspira\u00e7\u00e3o na sua vida para iluminar tamb\u00e9m os dias sombrios do nosso tempo. S\u00e3o Maximiliano Kolbe rogai a Deus por n\u00f3s, intercedei a Deus por n\u00f3s&#8221;.<\/i><\/p>\n<\/div>\n<\/div>\n","protected":false},"excerpt":{"rendered":"<p>Massimiliano Kolbe\u00a0 Livro in\u00e9dito em l\u00edngua portuguesa re\u00fane artigos, cartas e reflex\u00f5es do santo que morreu no Campo de Concentra\u00e7\u00e3o de Auschwitz Paulo Teixeira &#8211; Mil\u00edcia da Imaculada H\u00e1 80 anos, precisamente no dia 14 de agosto, S\u00e3o Maximiliano Kolbe morreu para salvar um pai de fam\u00edlia. Em homenagem ao gesto heroico de Kolbe, est\u00e1 [&hellip;]<\/p>\n","protected":false},"author":1,"featured_media":69336,"comment_status":"open","ping_status":"closed","sticky":false,"template":"","format":"standard","meta":{"footnotes":""},"categories":[3],"tags":[],"class_list":["post-69335","post","type-post","status-publish","format-standard","has-post-thumbnail","hentry","category-vaticano"],"_links":{"self":[{"href":"https:\/\/catolicanet.net\/wp-cnet\/wp-json\/wp\/v2\/posts\/69335","targetHints":{"allow":["GET"]}}],"collection":[{"href":"https:\/\/catolicanet.net\/wp-cnet\/wp-json\/wp\/v2\/posts"}],"about":[{"href":"https:\/\/catolicanet.net\/wp-cnet\/wp-json\/wp\/v2\/types\/post"}],"author":[{"embeddable":true,"href":"https:\/\/catolicanet.net\/wp-cnet\/wp-json\/wp\/v2\/users\/1"}],"replies":[{"embeddable":true,"href":"https:\/\/catolicanet.net\/wp-cnet\/wp-json\/wp\/v2\/comments?post=69335"}],"version-history":[{"count":2,"href":"https:\/\/catolicanet.net\/wp-cnet\/wp-json\/wp\/v2\/posts\/69335\/revisions"}],"predecessor-version":[{"id":69338,"href":"https:\/\/catolicanet.net\/wp-cnet\/wp-json\/wp\/v2\/posts\/69335\/revisions\/69338"}],"wp:featuredmedia":[{"embeddable":true,"href":"https:\/\/catolicanet.net\/wp-cnet\/wp-json\/wp\/v2\/media\/69336"}],"wp:attachment":[{"href":"https:\/\/catolicanet.net\/wp-cnet\/wp-json\/wp\/v2\/media?parent=69335"}],"wp:term":[{"taxonomy":"category","embeddable":true,"href":"https:\/\/catolicanet.net\/wp-cnet\/wp-json\/wp\/v2\/categories?post=69335"},{"taxonomy":"post_tag","embeddable":true,"href":"https:\/\/catolicanet.net\/wp-cnet\/wp-json\/wp\/v2\/tags?post=69335"}],"curies":[{"name":"wp","href":"https:\/\/api.w.org\/{rel}","templated":true}]}}