{"id":69332,"date":"2021-08-13T09:36:04","date_gmt":"2021-08-13T12:36:04","guid":{"rendered":"https:\/\/catolicanet.net\/wp-cnet\/?p=69332"},"modified":"2021-08-13T17:38:24","modified_gmt":"2021-08-13T20:38:24","slug":"forum-paz-rio-cardeal-tempesta-a-igreja-e-perita-em-humanidade","status":"publish","type":"post","link":"https:\/\/catolicanet.net\/wp-cnet\/forum-paz-rio-cardeal-tempesta-a-igreja-e-perita-em-humanidade\/","title":{"rendered":"F\u00f3rum Paz Rio, cardeal Tempesta: a Igreja \u00e9 \u201cperita em humanidade\u201d"},"content":{"rendered":"<figure class=\"article__image\" style=\"text-align: justify;\"><span class=\"didascalia_img\">F\u00f3rum Paz Rio\u00a0<\/span><\/figure>\n<div class=\"article__meta audioInside\" data-mediatype=\"\">\n<div class=\"article__subTitle\" style=\"text-align: justify;\">O objetivo geral do F\u00f3rum Paz no Rio \u00e9 ser um espa\u00e7o de di\u00e1logo, com diversos representantes da sociedade, favorecendo o di\u00e1logo a fim de identificar os valores fundamentais, os desafios e as a\u00e7\u00f5es para colaborar na constru\u00e7\u00e3o de uma cultura do encontro e da paz.<\/div>\n<div class=\"title__separator\" style=\"text-align: justify;\"><\/div>\n<div class=\"article__text \">\n<p style=\"text-align: justify;\"><b>Vatican News<\/b><\/p>\n<p style=\"text-align: justify;\">A crescente onda de viol\u00eancia no Estado do Rio de Janeiro, sobretudo nas cidades pertencentes \u00e0 Regi\u00e3o Metropolitana, levou os arcebispos e bispos a se pronunciarem com uma mensagem em conjunto. Percebendo que somente essa fala inicial seria insuficiente, os l\u00edderes da Igreja Cat\u00f3lica decidiram criar um espa\u00e7o permanente para debater essa tem\u00e1tica: o F\u00f3rum Paz no Rio.<\/p>\n<p style=\"text-align: justify;\">\u201cA paz \u00e9 um valor constantemente amea\u00e7ado em v\u00e1rias partes do mundo e, concretamente, na regi\u00e3o metropolitana do Rio. Com o desejo de criar espa\u00e7os de di\u00e1logo sobre o importante tema da paz e sobre a colabora\u00e7\u00e3o de todos para uma sociedade aberta para a constru\u00e7\u00e3o de um tempo novo de paz, estamos propondo iniciar, atrav\u00e9s do F\u00f3rum Paz no Rio, algumas atividades para o fomento da cultura da paz\u201d, diz o vice-presidente do Regional Leste 1 \u2013 CNBB e bispo de Nova Igua\u00e7u, Dom Gilson Andrade da Silva.<\/p>\n<div style=\"text-align: justify;\">\n<div class=\"article__embed article__embed--unwrap article__embed--photo\">\n<figure><picture><img decoding=\"async\" class=\"loaded\" src=\"https:\/\/www.vaticannews.va\/content\/dam\/vaticannews\/multimedia\/2021\/08\/13\/forum-paz-rio-2.jpg\/_jcr_content\/renditions\/cq5dam.thumbnail.cropped.750.422.jpeg\" alt=\"F\u00f3rum Paz Rio\" data-original=\"\/content\/dam\/vaticannews\/multimedia\/2021\/08\/13\/forum-paz-rio-2.jpg\/_jcr_content\/renditions\/cq5dam.thumbnail.cropped.750.422.jpeg\" data-was-processed=\"true\" \/><\/picture><\/figure>\n<div class=\"photo_embed--Title\">F\u00f3rum Paz Rio<\/div>\n<\/div>\n<\/div>\n<p style=\"text-align: justify;\">O tamb\u00e9m signat\u00e1rio do manifesto e da cria\u00e7\u00e3o do F\u00f3rum Paz Rio, Dom Orani Jo\u00e3o Tempesta, arcebispo do Rio de Janeiro, explica o motivo dessas iniciativas: \u201cConstatamos que \u201cna regi\u00e3o metropolitana do Rio de Janeiro, o povo das comunidades tem presenciado muitas cenas de viol\u00eancia, inclusive com v\u00edtimas, e nossas crian\u00e7as, infelizmente, j\u00e1 se acostumam com um clima de crueldade ao redor.\u201d Diante desses fatos, reafirmamos nossa \u201cdisposi\u00e7\u00e3o para continuar oferecendo nossa colabora\u00e7\u00e3o \u00e0s autoridades do nosso Estado e dos munic\u00edpios de nossa regi\u00e3o metropolitana na busca de caminhos para colocar um ponto final a qualquer tipo de viol\u00eancia contra o nosso povo. A Igreja \u00e9 \u201cperita em humanidade\u201d! Ela anuncia o Evangelho da Vida, que est\u00e1 no centro da mensagem de Jesus Cristo!\u201d, fala o cardeal.<\/p>\n<div style=\"text-align: justify;\">\n<div class=\"article__embed article__embed--unwrap article__embed--dark\">\n<div class=\"article__innerTitle\">Ou\u00e7a e compartilhe Dom Orani<\/div>\n<div>\n<!--[if lt IE 9]><script>document.createElement('audio');<\/script><![endif]-->\n<audio class=\"wp-audio-shortcode\" id=\"audio-69332-1\" preload=\"none\" style=\"width: 100%;\" controls=\"controls\"><source type=\"audio\/mpeg\" src=\"https:\/\/media.vaticannews.va\/media\/audio\/s1\/2021\/08\/13\/10\/136146845_F136146845.mp3?_=1\" \/><a href=\"https:\/\/media.vaticannews.va\/media\/audio\/s1\/2021\/08\/13\/10\/136146845_F136146845.mp3\">https:\/\/media.vaticannews.va\/media\/audio\/s1\/2021\/08\/13\/10\/136146845_F136146845.mp3<\/a><\/audio>\n<\/div>\n<\/div>\n<\/div>\n<div style=\"text-align: justify;\">\n<div class=\"article__embed article__embed--unwrap article__embed--photo\">\n<figure><picture><img decoding=\"async\" class=\"loaded\" src=\"https:\/\/www.vaticannews.va\/content\/dam\/vaticannews\/multimedia\/2021\/06\/09\/DOM-ORANI-TEMPESTA-3aem.jpg\/_jcr_content\/renditions\/cq5dam.thumbnail.cropped.750.422.jpeg\" alt=\"Dom Orani\" data-original=\"\/content\/dam\/vaticannews\/multimedia\/2021\/06\/09\/DOM-ORANI-TEMPESTA-3aem.jpg\/_jcr_content\/renditions\/cq5dam.thumbnail.cropped.750.422.jpeg\" data-was-processed=\"true\" \/><\/picture><\/figure>\n<div class=\"photo_embed--Title\">Dom Orani<\/div>\n<\/div>\n<\/div>\n<p style=\"text-align: justify;\">O objetivo geral do F\u00f3rum Paz no Rio \u00e9 ser um espa\u00e7o de di\u00e1logo, com diversos representantes da sociedade, favorecendo o di\u00e1logo a fim de identificar os valores fundamentais, os desafios e as a\u00e7\u00f5es para colaborar na constru\u00e7\u00e3o de uma cultura do encontro e da paz. Devido \u00e0 pandemia da COVID-19, inicialmente esses espa\u00e7os ser\u00e3o organizados a partir das plataformas digitais do Regional Leste 1 \u2013 CNBB.<\/p>\n<p style=\"text-align: justify;\">Em 2021 est\u00e3o previstos dois encontros do F\u00f3rum Paz no Rio. O primeiro no pr\u00f3ximo dia 17 de agosto, \u00e0s 19h30, abordar\u00e1 a tem\u00e1tica dos Educadores. E em 20 de outubro, no mesmo hor\u00e1rio, ser\u00e1 a vez de ouvir os Juristas.<\/p>\n<p style=\"text-align: justify;\"><b>&#8211; Link para a Mensagem dos Bispos sobre a situa\u00e7\u00e3o de viol\u00eancia no Estado do Rio de Janeiro:<\/b><\/p>\n<p style=\"text-align: justify;\"><a href=\"https:\/\/cnbbleste1.org.br\/2021\/05\/22\/mensagem-dos-bispos-da-regiao-metropolitana-do-rio-de-janeiro\/\" target=\"_blank\" rel=\"external nofollow noopener\">https:\/\/cnbbleste1.org.br\/2021\/05\/22\/mensagem-dos-bispos-da-regiao-metropolitana-do-rio-de-janeiro\/<\/a><\/p>\n<p style=\"text-align: justify;\"><b>Fonte: Regional Leste 1 &#8211; CNBB<\/b><\/p>\n<\/div>\n<\/div>\n","protected":false},"excerpt":{"rendered":"<p>F\u00f3rum Paz Rio\u00a0 O objetivo geral do F\u00f3rum Paz no Rio \u00e9 ser um espa\u00e7o de di\u00e1logo, com diversos representantes da sociedade, favorecendo o di\u00e1logo a fim de identificar os valores fundamentais, os desafios e as a\u00e7\u00f5es para colaborar na constru\u00e7\u00e3o de uma cultura do encontro e da paz. Vatican News A crescente onda de [&hellip;]<\/p>\n","protected":false},"author":1,"featured_media":69333,"comment_status":"open","ping_status":"closed","sticky":false,"template":"","format":"standard","meta":{"footnotes":""},"categories":[3],"tags":[],"class_list":["post-69332","post","type-post","status-publish","format-standard","has-post-thumbnail","hentry","category-vaticano"],"_links":{"self":[{"href":"https:\/\/catolicanet.net\/wp-cnet\/wp-json\/wp\/v2\/posts\/69332","targetHints":{"allow":["GET"]}}],"collection":[{"href":"https:\/\/catolicanet.net\/wp-cnet\/wp-json\/wp\/v2\/posts"}],"about":[{"href":"https:\/\/catolicanet.net\/wp-cnet\/wp-json\/wp\/v2\/types\/post"}],"author":[{"embeddable":true,"href":"https:\/\/catolicanet.net\/wp-cnet\/wp-json\/wp\/v2\/users\/1"}],"replies":[{"embeddable":true,"href":"https:\/\/catolicanet.net\/wp-cnet\/wp-json\/wp\/v2\/comments?post=69332"}],"version-history":[{"count":1,"href":"https:\/\/catolicanet.net\/wp-cnet\/wp-json\/wp\/v2\/posts\/69332\/revisions"}],"predecessor-version":[{"id":69334,"href":"https:\/\/catolicanet.net\/wp-cnet\/wp-json\/wp\/v2\/posts\/69332\/revisions\/69334"}],"wp:featuredmedia":[{"embeddable":true,"href":"https:\/\/catolicanet.net\/wp-cnet\/wp-json\/wp\/v2\/media\/69333"}],"wp:attachment":[{"href":"https:\/\/catolicanet.net\/wp-cnet\/wp-json\/wp\/v2\/media?parent=69332"}],"wp:term":[{"taxonomy":"category","embeddable":true,"href":"https:\/\/catolicanet.net\/wp-cnet\/wp-json\/wp\/v2\/categories?post=69332"},{"taxonomy":"post_tag","embeddable":true,"href":"https:\/\/catolicanet.net\/wp-cnet\/wp-json\/wp\/v2\/tags?post=69332"}],"curies":[{"name":"wp","href":"https:\/\/api.w.org\/{rel}","templated":true}]}}