{"id":69321,"date":"2021-08-12T09:55:20","date_gmt":"2021-08-12T12:55:20","guid":{"rendered":"https:\/\/catolicanet.net\/wp-cnet\/?p=69321"},"modified":"2021-08-12T10:56:47","modified_gmt":"2021-08-12T13:56:47","slug":"conheca-um-dos-exorcistas-mais-poderosos-da-historia-da-igreja","status":"publish","type":"post","link":"https:\/\/catolicanet.net\/wp-cnet\/conheca-um-dos-exorcistas-mais-poderosos-da-historia-da-igreja\/","title":{"rendered":"Conhe\u00e7a um dos exorcistas mais poderosos da hist\u00f3ria da Igreja"},"content":{"rendered":"<h2 class=\"subtitle\" style=\"text-align: justify;\">Da mesma regi\u00e3o e ordem religiosa do Padre Pio, Pe. Matteo d&#8217;Agnone ficou famoso por seus extraordin\u00e1rios carismas de exorcismo e liberta\u00e7\u00e3o<\/h2>\n<p style=\"text-align: justify;\">Muitas pessoas conhecem a vida de S\u00e3o Padre Pio, que viveu e est\u00e1 sepultado em S\u00e3o Giovanni Rotondo, It\u00e1lia.\u00a0No entanto, h\u00e1\u00a0<strong>outro santo capuchinho que viveu na mesma regi\u00e3o: o Pe.\u00a0Matteo d\u2019Agnone.<\/strong><\/p>\n<p style=\"text-align: justify;\">Pe.\u00a0Matteo \u00e9 um sacerdote do s\u00e9culo 16 que foi declarado Servo de Deus e sua causa de beatifica\u00e7\u00e3o est\u00e1 em andamento.<\/p>\n<div style=\"text-align: justify;\"><\/div>\n<p style=\"text-align: justify;\">Embora ainda pouco conhecido no mundo, ele tinha numerosos dons espirituais e carismas.\u00a0Entre eles, destacam-se:\u00a0<strong>o esp\u00edrito de profecia e discernimento espiritual<\/strong>, a gra\u00e7a da ora\u00e7\u00e3o profunda e do \u00eaxtase, al\u00e9m da caridade para com os pobres e enfermos.<\/p>\n<p style=\"text-align: justify;\">O Pe. Matteo tamb\u00e9m tinha o<strong>\u00a0carisma de expulsar dem\u00f4nios<\/strong>.\u00a0Na verdade, ele \u00e9 considerado um dos exorcistas mais poderosos da hist\u00f3ria da Igreja.\u00a0Ao longo de sua vida, estima-se que Pe.\u00a0Matteo d\u2019Agnone libertou cerca de 650 almas que sofriam de algum grau de influ\u00eancia demon\u00edaca.<\/p>\n<p style=\"text-align: justify;\">Ele nasceu em 30 de novembro de 1563. No Batismo, recebeu o nome de Prospero Lolli.\u00a0Quando ainda era um adolescente, se envolveu em um incidente no qual um companheiro foi baleado e morto com uma arma de fogo antiga de seu pai.\u00a0Depois de se refugiar em N\u00e1poles, frequentou a universidade para estudar filosofia e medicina.<\/p>\n<h3 id=\"h-presente-e-liga-o\" style=\"text-align: justify;\">Presente e liga\u00e7\u00e3o<\/h3>\n<p style=\"text-align: justify;\">L\u00e1, decidiu se tornar um padre franciscano.\u00a0Escolheu a Ordem dos Capuchinhos, um movimento de reforma concebido cerca de 30 anos antes como uma ordem penitencial e eremita.\u00a0Seu nome religioso era Matteo (Mateus), que significa \u201cdom de Deus\u201d.<\/p>\n<p style=\"text-align: justify;\"><strong>Pouco antes da ordena\u00e7\u00e3o, em 1587, revelaram-se seus extraordin\u00e1rios carismas de exorcismo e liberta\u00e7\u00e3o.<\/strong><\/p>\n<p style=\"text-align: justify;\">Enquanto os outros padres realizavam um exorcismo, o dem\u00f4nio revelou que n\u00e3o suportava a humildade do Pe. Matteo d\u2019Agnone.\u00a0Na verdade, assim que o padre se aproximou da mulher, ela foi libertada.<\/p>\n<p style=\"text-align: justify;\">Ap\u00f3s a ordena\u00e7\u00e3o, foi para a prov\u00edncia capuchinha de Foggia, onde atuou como ministro local e provincial.\u00a0Ele se distinguiu por sua devo\u00e7\u00e3o a Nossa Senhora e seu firme apoio \u00e0 Assun\u00e7\u00e3o de Maria quatro s\u00e9culos antes de o dogma ser proclamado pelo Papa Pio XII, em 1950.<\/p>\n<p style=\"text-align: justify;\">Ao longo de sua vida, sofreu in\u00fameras dores e enfermidades f\u00edsicas, pelas quais agradecia ao Senhor, oferecendo-as para a salva\u00e7\u00e3o de almas.<\/p>\n<p style=\"text-align: justify;\">Morreu no convento de Serracapriola, perto de Foggia, em 31 de outubro de 1616, onde est\u00e1 sepultado.<\/p>\n<h3 id=\"h-devo-o-cont-nua\" style=\"text-align: justify;\">Devo\u00e7\u00e3o cont\u00ednua<\/h3>\n<p style=\"text-align: justify;\">Muitos peregrinos que v\u00e3o ao seu t\u00famulo em Foggia relatam receber gra\u00e7as e at\u00e9 milagres.<\/p>\n<p style=\"text-align: justify;\"><strong>Notavelmente, aqueles que sofrem de obsess\u00e3o ou possess\u00e3o demon\u00edaca relataram curas depois de rezarem pela intercess\u00e3o do Pe. Matteo.<\/strong><\/p>\n<p style=\"text-align: justify;\">Embora muitos n\u00e3o compreendam a influ\u00eancia demon\u00edaca e o minist\u00e9rio de exorcismo, a Igreja Cat\u00f3lica autoriza o sacramental do exorcismo para aqueles que, aparentemente, podem ser v\u00edtimas de possess\u00e3o demon\u00edaca.<\/p>\n<p style=\"text-align: justify;\">O Catecismo da Igreja Cat\u00f3lica declara o seguinte:<\/p>\n<blockquote class=\"wp-block-quote\"><p>\u201cQuando a Igreja pede publicamente e com autoridade, em nome de Jesus Cristo, que uma pessoa ou objeto seja protegido contra a ac\u00e7\u00e3o do Maligno e subtra\u00eddo ao seu dom\u00ednio, fala-se de\u00a0<em>exorcismo.\u00a0<\/em>Jesus praticou-o \u2013 e \u00e9 d\u2019Ele que a Igreja obt\u00e9m o poder e encargo de exorcizar. Sob uma forma simples, faz-se o exorcismo na celebra\u00e7\u00e3o do Batismo. O exorcismo solene, chamado \u00abgrande exorcismo\u00bb, s\u00f3 pode ser feito por um presb\u00edtero e com licen\u00e7a do bispo. Deve proceder-se a ele com prud\u00eancia, observando estritamente as regras estabelecidas pela Igreja. O exorcismo tem por fim expulsar os dem\u00f4nios ou libertar do poder diab\u00f3lico, e isto em virtude da autoridade espiritual que Jesus confiou \u00e0 sua Igreja. Muito diferente \u00e9 o caso das doen\u00e7as, sobretudo ps\u00edquicas, cujo tratamento depende da ci\u00eancia m\u00e9dica. Por isso, antes de se proceder ao exorcismo, \u00e9 importante ter a certeza de que se trata duma presen\u00e7a diab\u00f3lica e n\u00e3o duma doen\u00e7a.\u201d<\/p>\n<p><cite>CIC 1673<\/cite><\/p><\/blockquote>\n","protected":false},"excerpt":{"rendered":"<p>Da mesma regi\u00e3o e ordem religiosa do Padre Pio, Pe. Matteo d&#8217;Agnone ficou famoso por seus extraordin\u00e1rios carismas de exorcismo e liberta\u00e7\u00e3o Muitas pessoas conhecem a vida de S\u00e3o Padre Pio, que viveu e est\u00e1 sepultado em S\u00e3o Giovanni Rotondo, It\u00e1lia.\u00a0No entanto, h\u00e1\u00a0outro santo capuchinho que viveu na mesma regi\u00e3o: o Pe.\u00a0Matteo d\u2019Agnone. Pe.\u00a0Matteo \u00e9 [&hellip;]<\/p>\n","protected":false},"author":1,"featured_media":69322,"comment_status":"open","ping_status":"closed","sticky":false,"template":"","format":"standard","meta":{"footnotes":""},"categories":[4],"tags":[],"class_list":["post-69321","post","type-post","status-publish","format-standard","has-post-thumbnail","hentry","category-cotidiano"],"_links":{"self":[{"href":"https:\/\/catolicanet.net\/wp-cnet\/wp-json\/wp\/v2\/posts\/69321","targetHints":{"allow":["GET"]}}],"collection":[{"href":"https:\/\/catolicanet.net\/wp-cnet\/wp-json\/wp\/v2\/posts"}],"about":[{"href":"https:\/\/catolicanet.net\/wp-cnet\/wp-json\/wp\/v2\/types\/post"}],"author":[{"embeddable":true,"href":"https:\/\/catolicanet.net\/wp-cnet\/wp-json\/wp\/v2\/users\/1"}],"replies":[{"embeddable":true,"href":"https:\/\/catolicanet.net\/wp-cnet\/wp-json\/wp\/v2\/comments?post=69321"}],"version-history":[{"count":1,"href":"https:\/\/catolicanet.net\/wp-cnet\/wp-json\/wp\/v2\/posts\/69321\/revisions"}],"predecessor-version":[{"id":69323,"href":"https:\/\/catolicanet.net\/wp-cnet\/wp-json\/wp\/v2\/posts\/69321\/revisions\/69323"}],"wp:featuredmedia":[{"embeddable":true,"href":"https:\/\/catolicanet.net\/wp-cnet\/wp-json\/wp\/v2\/media\/69322"}],"wp:attachment":[{"href":"https:\/\/catolicanet.net\/wp-cnet\/wp-json\/wp\/v2\/media?parent=69321"}],"wp:term":[{"taxonomy":"category","embeddable":true,"href":"https:\/\/catolicanet.net\/wp-cnet\/wp-json\/wp\/v2\/categories?post=69321"},{"taxonomy":"post_tag","embeddable":true,"href":"https:\/\/catolicanet.net\/wp-cnet\/wp-json\/wp\/v2\/tags?post=69321"}],"curies":[{"name":"wp","href":"https:\/\/api.w.org\/{rel}","templated":true}]}}