{"id":69311,"date":"2021-08-12T09:38:57","date_gmt":"2021-08-12T12:38:57","guid":{"rendered":"https:\/\/catolicanet.net\/wp-cnet\/?p=69311"},"modified":"2021-08-12T10:40:38","modified_gmt":"2021-08-12T13:40:38","slug":"belletti-pacto-global-sobre-a-familia-instrumento-util-para-todos","status":"publish","type":"post","link":"https:\/\/catolicanet.net\/wp-cnet\/belletti-pacto-global-sobre-a-familia-instrumento-util-para-todos\/","title":{"rendered":"Belletti: pacto global sobre a fam\u00edlia, instrumento \u00fatil para todos"},"content":{"rendered":"<figure class=\"article__image\" style=\"text-align: justify;\"><span class=\"didascalia_img\">Pacto Cat\u00f3lico Global sobre a Fam\u00edlia\u00a0<\/span><\/figure>\n<div class=\"article__meta audioInside\" data-mediatype=\"\">\n<div class=\"article__subTitle\" style=\"text-align: justify;\">O documento ser\u00e1 elaborado gra\u00e7as \u00e0 contribui\u00e7\u00e3o das universidades cat\u00f3licas de todos os continentes e conter\u00e1 indica\u00e7\u00f5es pr\u00e1ticas para apoiar as pol\u00edticas familiares em todos os contextos sociais. Francesco Belletti, diretor do Centro Internacional de Estudos da Fam\u00edlia: &#8220;Nosso trabalho ser\u00e1 apresentado antes do Encontro Mundial das Fam\u00edlias programado para o pr\u00f3ximo ano&#8221;.<\/div>\n<div class=\"title__separator\" style=\"text-align: justify;\"><\/div>\n<div class=\"article__text \">\n<p style=\"text-align: justify;\"><b>Federico Piana- Citt\u00e0 del Vaticano<\/b><\/p>\n<p style=\"text-align: justify;\">&#8220;Na base de tudo haver\u00e1 um processo de escuta e coleta de informa\u00e7\u00f5es necess\u00e1rias para compreender o estado de sa\u00fade da fam\u00edlia em todo o mundo&#8221;. Assim Francesco Belletti explica como surgir\u00e1 o Pacto Cat\u00f3lico Global sobre a Fam\u00edlia, um programa compartilhado de a\u00e7\u00f5es concretas inspirado na Doutrina Social da Igreja e promovido pela Pontif\u00edcia Academia de Ci\u00eancias Sociais, o Dicast\u00e9rio para os Leigos, a Fam\u00edlia e a Vida e o Centro Internacional de Estudos da Fam\u00edlia (CISF), do qual Belletti \u00e9 diretor.<\/p>\n<div style=\"text-align: justify;\">\n<div class=\"article__embed article__embed--unwrap article__embed--dark\">\n<div class=\"article__innerTitle\">Ou\u00e7a e compartilhe<\/div>\n<div>\n<!--[if lt IE 9]><script>document.createElement('audio');<\/script><![endif]-->\n<audio class=\"wp-audio-shortcode\" id=\"audio-69311-1\" preload=\"none\" style=\"width: 100%;\" controls=\"controls\"><source type=\"audio\/mpeg\" src=\"https:\/\/media.vaticannews.va\/media\/audio\/s1\/2021\/08\/12\/11\/136145893_F136145893.mp3?_=1\" \/><a href=\"https:\/\/media.vaticannews.va\/media\/audio\/s1\/2021\/08\/12\/11\/136145893_F136145893.mp3\">https:\/\/media.vaticannews.va\/media\/audio\/s1\/2021\/08\/12\/11\/136145893_F136145893.mp3<\/a><\/audio>\n<\/div>\n<\/div>\n<\/div>\n<p style=\"text-align: justify;\">\u201cDesenvolvemos a id\u00e9ia&#8221;, diz Belletti, &#8220;como parte do &#8216;Ano da Fam\u00edlia Amoris Laetitia&#8217; proclamado pelo Papa Francisco. Nosso objetivo \u00e9 identificar princ\u00edpios que possam renovar a aten\u00e7\u00e3o da sociedade civil, das institui\u00e7\u00f5es e do mundo eclesial em rela\u00e7\u00e3o \u00e0 import\u00e2ncia da fam\u00edlia. O documento final deve ser apresentado oficialmente antes do Encontro Mundial das Fam\u00edlias, agendado para junho de 2022&#8221;.<\/p>\n<p style=\"text-align: justify;\"><i>Como ser\u00e1 feita a coleta de informa\u00e7\u00f5es em n\u00edvel global?<br \/>\n<\/i><\/p>\n<p style=\"text-align: justify;\">Estamos envolvendo todas as universidades cat\u00f3licas e as universidades que se inspiram na Doutrina Social da Igreja do mundo inteiro para nos enviar os resultados mais recentes de pesquisas sobre a fam\u00edlia. Dados que ser\u00e3o necess\u00e1rios para sustentar a fam\u00edlia, uma vez observados em sua concretude, como nos indica o segundo cap\u00edtulo da Exorta\u00e7\u00e3o Apost\u00f3lica p\u00f3s-sinodal Amoris laetitia.<\/p>\n<p style=\"text-align: justify;\"><i>Como esses dados ser\u00e3o coletados?<\/i><\/p>\n<p style=\"text-align: justify;\">Pensamos em enviar question\u00e1rios aprofundados aos quais as universidades poder\u00e3o acrescentar seus coment\u00e1rios e avalia\u00e7\u00f5es. J\u00e1 foi criada uma equipe internacional para isso.<\/p>\n<p style=\"text-align: justify;\"><i>No documento final, al\u00e9m da an\u00e1lise do estado de sa\u00fade da fam\u00edlia, ser\u00e3o indicadas a\u00e7\u00f5es concretas?<br \/>\n<\/i><\/p>\n<p style=\"text-align: justify;\">Sim. A escuta e a coleta de informa\u00e7\u00f5es servem exatamente para identificar as boas pr\u00e1ticas. Hoje \u00e9 dif\u00edcil dizer quais poderiam ser essas a\u00e7\u00f5es concretas, mas estamos certos de que ser\u00e3o \u00fateis para reafirmar que a fam\u00edlia \u00e9 um recurso para todas as sociedades.<\/p>\n<p style=\"text-align: justify;\"><i>A quem poder\u00e1 ser \u00fatil um trabalho t\u00e3o longo e complexo?<\/i><\/p>\n<p style=\"text-align: justify;\">Sobretudo aos que trabalham e t\u00eam algo a ver com as fam\u00edlias: associa\u00e7\u00f5es, institui\u00e7\u00f5es, o mundo eclesial. S\u00e3o eles que t\u00eam a tarefa de promover a fam\u00edlia, valorizando-a como um capital social para toda a coletividade.<\/p>\n<\/div>\n<\/div>\n","protected":false},"excerpt":{"rendered":"<p>Pacto Cat\u00f3lico Global sobre a Fam\u00edlia\u00a0 O documento ser\u00e1 elaborado gra\u00e7as \u00e0 contribui\u00e7\u00e3o das universidades cat\u00f3licas de todos os continentes e conter\u00e1 indica\u00e7\u00f5es pr\u00e1ticas para apoiar as pol\u00edticas familiares em todos os contextos sociais. Francesco Belletti, diretor do Centro Internacional de Estudos da Fam\u00edlia: &#8220;Nosso trabalho ser\u00e1 apresentado antes do Encontro Mundial das Fam\u00edlias programado [&hellip;]<\/p>\n","protected":false},"author":1,"featured_media":69312,"comment_status":"open","ping_status":"closed","sticky":false,"template":"","format":"standard","meta":{"footnotes":""},"categories":[3],"tags":[],"class_list":["post-69311","post","type-post","status-publish","format-standard","has-post-thumbnail","hentry","category-vaticano"],"_links":{"self":[{"href":"https:\/\/catolicanet.net\/wp-cnet\/wp-json\/wp\/v2\/posts\/69311","targetHints":{"allow":["GET"]}}],"collection":[{"href":"https:\/\/catolicanet.net\/wp-cnet\/wp-json\/wp\/v2\/posts"}],"about":[{"href":"https:\/\/catolicanet.net\/wp-cnet\/wp-json\/wp\/v2\/types\/post"}],"author":[{"embeddable":true,"href":"https:\/\/catolicanet.net\/wp-cnet\/wp-json\/wp\/v2\/users\/1"}],"replies":[{"embeddable":true,"href":"https:\/\/catolicanet.net\/wp-cnet\/wp-json\/wp\/v2\/comments?post=69311"}],"version-history":[{"count":1,"href":"https:\/\/catolicanet.net\/wp-cnet\/wp-json\/wp\/v2\/posts\/69311\/revisions"}],"predecessor-version":[{"id":69313,"href":"https:\/\/catolicanet.net\/wp-cnet\/wp-json\/wp\/v2\/posts\/69311\/revisions\/69313"}],"wp:featuredmedia":[{"embeddable":true,"href":"https:\/\/catolicanet.net\/wp-cnet\/wp-json\/wp\/v2\/media\/69312"}],"wp:attachment":[{"href":"https:\/\/catolicanet.net\/wp-cnet\/wp-json\/wp\/v2\/media?parent=69311"}],"wp:term":[{"taxonomy":"category","embeddable":true,"href":"https:\/\/catolicanet.net\/wp-cnet\/wp-json\/wp\/v2\/categories?post=69311"},{"taxonomy":"post_tag","embeddable":true,"href":"https:\/\/catolicanet.net\/wp-cnet\/wp-json\/wp\/v2\/tags?post=69311"}],"curies":[{"name":"wp","href":"https:\/\/api.w.org\/{rel}","templated":true}]}}