{"id":69303,"date":"2021-08-12T09:30:01","date_gmt":"2021-08-12T12:30:01","guid":{"rendered":"https:\/\/catolicanet.net\/wp-cnet\/?p=69303"},"modified":"2021-08-12T10:31:05","modified_gmt":"2021-08-12T13:31:05","slug":"santa-clara-criacao-em-acao","status":"publish","type":"post","link":"https:\/\/catolicanet.net\/wp-cnet\/santa-clara-criacao-em-acao\/","title":{"rendered":"Santa Clara: cria\u00e7\u00e3o em a\u00e7\u00e3o"},"content":{"rendered":"<p style=\"font-weight: 400;\">Clara, como inspira\u00e7\u00e3o sublime, a aclarar<\/p>\n<p style=\"font-weight: 400;\">Dela, o m\u00fanus t\u00e3o belo quanto brilhante<\/p>\n<p style=\"font-weight: 400;\">A linguagem a ensinar ao mundo, \u00e9 gigante<\/p>\n<p style=\"font-weight: 400;\">Ternura af\u00e1vel, com mente singular a amparar.<\/p>\n<p style=\"font-weight: 400;\">\n<p style=\"font-weight: 400;\">Presen\u00e7a de dignidade mais que brilhante<\/p>\n<p style=\"font-weight: 400;\">Criatura de Deus iluminada em sua alma<\/p>\n<p style=\"font-weight: 400;\">Apraz algu\u00e9m quem como a estrela d\u2019alva<\/p>\n<p style=\"font-weight: 400;\">Mulher bem pr\u00f3xima de Maria, resplandecente.<\/p>\n<p style=\"font-weight: 400;\">\n<p style=\"font-weight: 400;\">Na vida dos \u00ednfimos e empobrecidos, algo a pulsar<\/p>\n<p style=\"font-weight: 400;\">No mundo em trevas, um farol a iluminar<\/p>\n<p style=\"font-weight: 400;\">Paz e bem: linguagem dita e inaudita a respirar.<\/p>\n<p style=\"font-weight: 400;\">\n<p style=\"font-weight: 400;\">O mundo a apreciar seu aplacar melodioso<\/p>\n<p style=\"font-weight: 400;\">Seu olhar de invoca\u00e7\u00e3o na cria\u00e7\u00e3o radiosa<\/p>\n<p style=\"font-weight: 400;\">Nela, a cria\u00e7\u00e3o do Santo de Assis, \u00e0 natureza a amar.<\/p>\n","protected":false},"excerpt":{"rendered":"<p>Clara, como inspira\u00e7\u00e3o sublime, a aclarar Dela, o m\u00fanus t\u00e3o belo quanto brilhante A linguagem a ensinar ao mundo, \u00e9 gigante Ternura af\u00e1vel, com mente singular a amparar. Presen\u00e7a de dignidade mais que brilhante Criatura de Deus iluminada em sua alma Apraz algu\u00e9m quem como a estrela d\u2019alva Mulher bem pr\u00f3xima de Maria, resplandecente. Na [&hellip;]<\/p>\n","protected":false},"author":6,"featured_media":55824,"comment_status":"open","ping_status":"closed","sticky":false,"template":"","format":"standard","meta":{"footnotes":""},"categories":[9],"tags":[],"class_list":["post-69303","post","type-post","status-publish","format-standard","has-post-thumbnail","hentry","category-artigos"],"_links":{"self":[{"href":"https:\/\/catolicanet.net\/wp-cnet\/wp-json\/wp\/v2\/posts\/69303","targetHints":{"allow":["GET"]}}],"collection":[{"href":"https:\/\/catolicanet.net\/wp-cnet\/wp-json\/wp\/v2\/posts"}],"about":[{"href":"https:\/\/catolicanet.net\/wp-cnet\/wp-json\/wp\/v2\/types\/post"}],"author":[{"embeddable":true,"href":"https:\/\/catolicanet.net\/wp-cnet\/wp-json\/wp\/v2\/users\/6"}],"replies":[{"embeddable":true,"href":"https:\/\/catolicanet.net\/wp-cnet\/wp-json\/wp\/v2\/comments?post=69303"}],"version-history":[{"count":1,"href":"https:\/\/catolicanet.net\/wp-cnet\/wp-json\/wp\/v2\/posts\/69303\/revisions"}],"predecessor-version":[{"id":69304,"href":"https:\/\/catolicanet.net\/wp-cnet\/wp-json\/wp\/v2\/posts\/69303\/revisions\/69304"}],"wp:featuredmedia":[{"embeddable":true,"href":"https:\/\/catolicanet.net\/wp-cnet\/wp-json\/wp\/v2\/media\/55824"}],"wp:attachment":[{"href":"https:\/\/catolicanet.net\/wp-cnet\/wp-json\/wp\/v2\/media?parent=69303"}],"wp:term":[{"taxonomy":"category","embeddable":true,"href":"https:\/\/catolicanet.net\/wp-cnet\/wp-json\/wp\/v2\/categories?post=69303"},{"taxonomy":"post_tag","embeddable":true,"href":"https:\/\/catolicanet.net\/wp-cnet\/wp-json\/wp\/v2\/tags?post=69303"}],"curies":[{"name":"wp","href":"https:\/\/api.w.org\/{rel}","templated":true}]}}