{"id":69265,"date":"2021-08-11T09:27:36","date_gmt":"2021-08-11T12:27:36","guid":{"rendered":"https:\/\/catolicanet.net\/wp-cnet\/?p=69265"},"modified":"2021-08-11T14:29:13","modified_gmt":"2021-08-11T17:29:13","slug":"dor-do-papa-pelo-assassinato-de-sacerdote-na-franca","status":"publish","type":"post","link":"https:\/\/catolicanet.net\/wp-cnet\/dor-do-papa-pelo-assassinato-de-sacerdote-na-franca\/","title":{"rendered":"Dor do Papa pelo assassinato de sacerdote na Fran\u00e7a"},"content":{"rendered":"<figure class=\"article__image\" style=\"text-align: justify;\"><span class=\"didascalia_img\">Dor do Papa pelo assassinato do sacerdote franc\u00eas\u00a0 (Vatican Media)<\/span><\/figure>\n<div class=\"article__meta audioInside\" data-mediatype=\"\">\n<div class=\"article__subTitle\" style=\"text-align: justify;\">O sacerdote foi assassinado na segunda-feira por um ruand\u00eas com problemas psiqui\u00e1tricos que era acolhido em sua comunidade. \u201cPadre Olivier Maire morreu v\u00edtima de sua generosidade, um m\u00e1rtir da caridade\u201d, afirmou um comunicado da Diocese de Lu\u00e7on.<\/div>\n<div class=\"title__separator\" style=\"text-align: justify;\"><\/div>\n<div class=\"article__text \">\n<p style=\"text-align: justify;\">Vatican News<\/p>\n<p style=\"text-align: justify;\">Ao saudar os peregrinos de l\u00edngua francesa na Audi\u00eancia Geral, o Papa Francisco expressou sua dor pelo assassinato do sacerdote monfortino franc\u00eas, padre Olivier Maire:<\/p>\n<p style=\"text-align: justify;\"><i>Com grande dor, soube do homic\u00eddio do padre Olivier Maire. Dirijo minhas condol\u00eancias \u00e0 comunidade religiosa dos montfortinos de Saint-Laurent-sur-S\u00e8vre, em Vend\u00e9e, \u00e0 sua fam\u00edlia e a todos os cat\u00f3licos da Fran\u00e7a. Asseguro a voc\u00eas a minha participa\u00e7\u00e3o e proximidade espiritual. A todos, minha ben\u00e7\u00e3o!<\/i><\/p>\n<div style=\"text-align: justify;\">\n<div class=\"article__embed article__embed--unwrap article__embed--dark\">\n<div class=\"article__innerTitle\">Ou\u00e7a e compartilhe<\/div>\n<div>\n<!--[if lt IE 9]><script>document.createElement('audio');<\/script><![endif]-->\n<audio class=\"wp-audio-shortcode\" id=\"audio-69265-1\" preload=\"none\" style=\"width: 100%;\" controls=\"controls\"><source type=\"audio\/mpeg\" src=\"https:\/\/media.vaticannews.va\/media\/audio\/s1\/2021\/08\/11\/11\/136144882_F136144882.mp3?_=1\" \/><a href=\"https:\/\/media.vaticannews.va\/media\/audio\/s1\/2021\/08\/11\/11\/136144882_F136144882.mp3\">https:\/\/media.vaticannews.va\/media\/audio\/s1\/2021\/08\/11\/11\/136144882_F136144882.mp3<\/a><\/audio>\n<\/div>\n<\/div>\n<\/div>\n<p style=\"text-align: justify;\">Padre Olivier,<i>\u00a0<\/i>Superior Provincial dos Monfortinos, foi assassinado na segunda-feira em circunst\u00e2ncias ainda a serem esclarecidas por um jovem ruand\u00eas, respons\u00e1vel pelo inc\u00eandio na Catedral de Nantes em 2020. Enquanto aguardava o julgamento marcado para 2022 o ruand\u00eas, com problemas psiqui\u00e1tricos, foi acolhido na comunidade religiosa da qual padre Olivier fazia parte.<\/p>\n<p style=\"text-align: justify;\">O presidente dos bispos franceses, Dom De Moulins-Beaufort, afirmou que o sacerdote \u201cviveu at\u00e9 o fim o seguimento de Cristo, no acolhimento incondicional de todos\u201d.<\/p>\n<p style=\"text-align: justify;\">A Diocese de Lu\u00e7on afirmou em uma nota que conhecido por sua abertura e profunda f\u00e9 , \u201cpadre Olivier Maire morreu v\u00edtima de sua generosidade, um m\u00e1rtir da caridade\u201d.<\/p>\n<p style=\"text-align: justify;\">O bispo da Diocese da mesma diocese, Dom Fran\u00e7ois Jacolin, recordou que o sacerdote &#8220;foi um homem que dedicou a sua vida ao servi\u00e7o de Deus, ao servi\u00e7o de todos. A sua morte \u00e9 uma trag\u00e9dia, mas ao mesmo tempo, na f\u00e9, tem um sentido, o pr\u00f3prio Cristo: se a semente n\u00e3o morre, permanece s\u00f3, mas se morre d\u00e1 muito fruto. Este \u00e9 o pensamento que me ocorre quando me lembro da vida do padre Olivier Maire, que se entregou aos outros\u201d.<\/p>\n<p style=\"text-align: justify;\">Cinco anos se passaram desde o brutal assassinato do padre Jacques Hamel, morto em Rouen, enquanto celebrava a Missa, por dois extremistas que haviam jurado lealdade ao autoproclamado Estado Isl\u00e2mico.<\/p>\n<\/div>\n<\/div>\n","protected":false},"excerpt":{"rendered":"<p>Dor do Papa pelo assassinato do sacerdote franc\u00eas\u00a0 (Vatican Media) O sacerdote foi assassinado na segunda-feira por um ruand\u00eas com problemas psiqui\u00e1tricos que era acolhido em sua comunidade. \u201cPadre Olivier Maire morreu v\u00edtima de sua generosidade, um m\u00e1rtir da caridade\u201d, afirmou um comunicado da Diocese de Lu\u00e7on. Vatican News Ao saudar os peregrinos de l\u00edngua [&hellip;]<\/p>\n","protected":false},"author":1,"featured_media":69266,"comment_status":"open","ping_status":"closed","sticky":false,"template":"","format":"standard","meta":{"footnotes":""},"categories":[3],"tags":[],"class_list":["post-69265","post","type-post","status-publish","format-standard","has-post-thumbnail","hentry","category-vaticano"],"_links":{"self":[{"href":"https:\/\/catolicanet.net\/wp-cnet\/wp-json\/wp\/v2\/posts\/69265","targetHints":{"allow":["GET"]}}],"collection":[{"href":"https:\/\/catolicanet.net\/wp-cnet\/wp-json\/wp\/v2\/posts"}],"about":[{"href":"https:\/\/catolicanet.net\/wp-cnet\/wp-json\/wp\/v2\/types\/post"}],"author":[{"embeddable":true,"href":"https:\/\/catolicanet.net\/wp-cnet\/wp-json\/wp\/v2\/users\/1"}],"replies":[{"embeddable":true,"href":"https:\/\/catolicanet.net\/wp-cnet\/wp-json\/wp\/v2\/comments?post=69265"}],"version-history":[{"count":1,"href":"https:\/\/catolicanet.net\/wp-cnet\/wp-json\/wp\/v2\/posts\/69265\/revisions"}],"predecessor-version":[{"id":69267,"href":"https:\/\/catolicanet.net\/wp-cnet\/wp-json\/wp\/v2\/posts\/69265\/revisions\/69267"}],"wp:featuredmedia":[{"embeddable":true,"href":"https:\/\/catolicanet.net\/wp-cnet\/wp-json\/wp\/v2\/media\/69266"}],"wp:attachment":[{"href":"https:\/\/catolicanet.net\/wp-cnet\/wp-json\/wp\/v2\/media?parent=69265"}],"wp:term":[{"taxonomy":"category","embeddable":true,"href":"https:\/\/catolicanet.net\/wp-cnet\/wp-json\/wp\/v2\/categories?post=69265"},{"taxonomy":"post_tag","embeddable":true,"href":"https:\/\/catolicanet.net\/wp-cnet\/wp-json\/wp\/v2\/tags?post=69265"}],"curies":[{"name":"wp","href":"https:\/\/api.w.org\/{rel}","templated":true}]}}