{"id":69262,"date":"2021-08-11T09:24:19","date_gmt":"2021-08-11T12:24:19","guid":{"rendered":"https:\/\/catolicanet.net\/wp-cnet\/?p=69262"},"modified":"2021-08-11T14:27:16","modified_gmt":"2021-08-11T17:27:16","slug":"telegrama-de-pesar-do-papa-pela-morte-do-cardeal-martinez-somalo","status":"publish","type":"post","link":"https:\/\/catolicanet.net\/wp-cnet\/telegrama-de-pesar-do-papa-pela-morte-do-cardeal-martinez-somalo\/","title":{"rendered":"Telegrama de pesar do Papa pela morte do cardeal Mart\u00ednez Somalo"},"content":{"rendered":"<figure class=\"article__image\" style=\"text-align: justify;\"><span class=\"didascalia_img\">Cardeal Eduardo Mart\u00ednez Somalo\u00a0<\/span><\/figure>\n<div class=\"article__meta audioInside\" data-mediatype=\"\">\n<div class=\"article__subTitle\" style=\"text-align: justify;\">Francisco recordou o \u201ctestemunho espiritualmente fecundo do querido irm\u00e3o\u201d e tamb\u00e9m como \u201ccolaborador diligente de seis Papas meus antecessores que lhe confiaram cargos delicados e importantes\u201d<\/div>\n<div class=\"title__separator\" style=\"text-align: justify;\"><\/div>\n<div class=\"article__text \">\n<p style=\"text-align: justify;\"><b>Vatican News<\/b><\/p>\n<p style=\"text-align: justify;\">O Papa Francisco enviou um telegrama de pesar por ocasi\u00e3o do falecimento do cardeal Eduardo Mart\u00ednez Somalo que faleceu aos 94 anos nesta ter\u00e7a-feira (10). O telegrama \u00e9 endere\u00e7ado ao sobrinho do cardeal, Dom Fernando Loza Mart\u00ednez.<\/p>\n<div style=\"text-align: justify;\">\n<div class=\"article__embed article__embed--unwrap article__embed--dark\">\n<div class=\"article__innerTitle\">Ou\u00e7a e compartilhe!<\/div>\n<div>\n<!--[if lt IE 9]><script>document.createElement('audio');<\/script><![endif]-->\n<audio class=\"wp-audio-shortcode\" id=\"audio-69262-1\" preload=\"none\" style=\"width: 100%;\" controls=\"controls\"><source type=\"audio\/mpeg\" src=\"https:\/\/media.vaticannews.va\/media\/audio\/s1\/2021\/08\/11\/13\/136145158_F136145158.mp3?_=1\" \/><a href=\"https:\/\/media.vaticannews.va\/media\/audio\/s1\/2021\/08\/11\/13\/136145158_F136145158.mp3\">https:\/\/media.vaticannews.va\/media\/audio\/s1\/2021\/08\/11\/13\/136145158_F136145158.mp3<\/a><\/audio>\n<\/div>\n<\/div>\n<\/div>\n<p style=\"text-align: justify;\">\u201cAo tomar conhecimento da triste morte do seu tio\u201d, escreveu o Papa, \u201cdesejo expressar minha proximidade ao senhor e sua fam\u00edlia\u201d. Francisco recordou o \u201ctestemunho espiritualmente fecundo deste querido irm\u00e3o\u201d, e assim como a \u201clonga experi\u00eancia como colaborador diligente de seis Papas meus antecessores que lhe confiaram cargos delicados e importantes\u201d.<\/p>\n<p style=\"text-align: justify;\">O Papa tamb\u00e9m agradeceu pelo \u201cservi\u00e7o fiel e generoso \u00e0 Igreja e \u00e0 Santa S\u00e9\u201d pedindo a \u201cintercess\u00e3o materna da Bem-aventurada Virgem Maria para que o acolha na P\u00e1tria do C\u00e9u\u201d concedendo a B\u00ean\u00e7\u00e3o Apost\u00f3lica a todos os que choram a sua morte, com um pensamento especial \u00e0s Irm\u00e3s Mission\u00e1rias de Jesus Eterno Sacerdote que amorosamente o ajudaram\u201d<\/p>\n<\/div>\n<\/div>\n","protected":false},"excerpt":{"rendered":"<p>Cardeal Eduardo Mart\u00ednez Somalo\u00a0 Francisco recordou o \u201ctestemunho espiritualmente fecundo do querido irm\u00e3o\u201d e tamb\u00e9m como \u201ccolaborador diligente de seis Papas meus antecessores que lhe confiaram cargos delicados e importantes\u201d Vatican News O Papa Francisco enviou um telegrama de pesar por ocasi\u00e3o do falecimento do cardeal Eduardo Mart\u00ednez Somalo que faleceu aos 94 anos nesta [&hellip;]<\/p>\n","protected":false},"author":1,"featured_media":69263,"comment_status":"open","ping_status":"closed","sticky":false,"template":"","format":"standard","meta":{"footnotes":""},"categories":[3],"tags":[],"class_list":["post-69262","post","type-post","status-publish","format-standard","has-post-thumbnail","hentry","category-vaticano"],"_links":{"self":[{"href":"https:\/\/catolicanet.net\/wp-cnet\/wp-json\/wp\/v2\/posts\/69262","targetHints":{"allow":["GET"]}}],"collection":[{"href":"https:\/\/catolicanet.net\/wp-cnet\/wp-json\/wp\/v2\/posts"}],"about":[{"href":"https:\/\/catolicanet.net\/wp-cnet\/wp-json\/wp\/v2\/types\/post"}],"author":[{"embeddable":true,"href":"https:\/\/catolicanet.net\/wp-cnet\/wp-json\/wp\/v2\/users\/1"}],"replies":[{"embeddable":true,"href":"https:\/\/catolicanet.net\/wp-cnet\/wp-json\/wp\/v2\/comments?post=69262"}],"version-history":[{"count":1,"href":"https:\/\/catolicanet.net\/wp-cnet\/wp-json\/wp\/v2\/posts\/69262\/revisions"}],"predecessor-version":[{"id":69264,"href":"https:\/\/catolicanet.net\/wp-cnet\/wp-json\/wp\/v2\/posts\/69262\/revisions\/69264"}],"wp:featuredmedia":[{"embeddable":true,"href":"https:\/\/catolicanet.net\/wp-cnet\/wp-json\/wp\/v2\/media\/69263"}],"wp:attachment":[{"href":"https:\/\/catolicanet.net\/wp-cnet\/wp-json\/wp\/v2\/media?parent=69262"}],"wp:term":[{"taxonomy":"category","embeddable":true,"href":"https:\/\/catolicanet.net\/wp-cnet\/wp-json\/wp\/v2\/categories?post=69262"},{"taxonomy":"post_tag","embeddable":true,"href":"https:\/\/catolicanet.net\/wp-cnet\/wp-json\/wp\/v2\/tags?post=69262"}],"curies":[{"name":"wp","href":"https:\/\/api.w.org\/{rel}","templated":true}]}}