{"id":69255,"date":"2021-08-10T09:32:38","date_gmt":"2021-08-10T12:32:38","guid":{"rendered":"https:\/\/catolicanet.net\/wp-cnet\/?p=69255"},"modified":"2021-08-10T14:34:16","modified_gmt":"2021-08-10T17:34:16","slug":"o-abc-da-oracao-uma-maneira-facil-de-falar-com-deus-todos-os-dias","status":"publish","type":"post","link":"https:\/\/catolicanet.net\/wp-cnet\/o-abc-da-oracao-uma-maneira-facil-de-falar-com-deus-todos-os-dias\/","title":{"rendered":"O ABC da ora\u00e7\u00e3o: uma maneira f\u00e1cil de falar com Deus todos os dias"},"content":{"rendered":"<h2 class=\"subtitle\" style=\"text-align: justify;\">Essas tr\u00eas letrinhas (e seus significados) podem manter a sua mente focada e expressam bem como deve ser um relacionamento real com Deus<\/h2>\n<p style=\"text-align: justify;\">Existem muitos acr\u00f4nimos que podem orientar a ora\u00e7\u00e3o di\u00e1ria.\u00a0Depois de usar um por d\u00e9cadas, recentemente mudei para o \u201c<strong>ABC da ora\u00e7\u00e3o<\/strong>\u201c: ele mant\u00e9m minha mente focada e expressa melhor como deve ser um relacionamento real com Deus.\u00a0\u00c9 assim que funciona:<\/p>\n<h3 id=\"h-a-de-adora-o-comece-adorando-a-cristo\" style=\"text-align: justify;\">\u201c<strong>A\u201d de Adora\u00e7\u00e3o.\u00a0Comece\u00a0<\/strong>adorand<strong>o a\u00a0Cristo<\/strong><\/h3>\n<p style=\"text-align: justify;\">Como disse Santa Teresa: \u201cA ora\u00e7\u00e3o \u00e9 uma onda do cora\u00e7\u00e3o,\u00a0\u00e9 um simples olhar voltado para o c\u00e9u, um grito de reconhecimento e de amor\u201d.\u00a0Isso, em uma palavra, \u00e9 \u201c<strong>adora\u00e7\u00e3o<\/strong>\u201c.<\/p>\n<div style=\"text-align: justify;\"><\/div>\n<p style=\"text-align: justify;\">Ao adorar a Deus, fazemos v\u00e1rias coisas ao mesmo tempo: reconhecemos sua grandeza, nossa pequenez e reafirmamos fortemente sua prioridade em nossa vida.\u00a0Para ador\u00e1-lo, diga-lhe\u00a0que\u00a0voc\u00ea\u00a0acredita\u00a0nele,\u00a0espera\u00a0nele e o\u00a0ama.\u00a0Em sua encarna\u00e7\u00e3o, ele se fez \u201cador\u00e1vel\u201d e \u00e9 bom imagin\u00e1-lo dessa maneira. Eu o imagino em sua manjedoura, na cruz ou compartilhando seu Sagrado Cora\u00e7\u00e3o. E rezo:<\/p>\n<blockquote class=\"wp-block-quote\"><p>\u201cTe adoro, \u00f3 Deus, do fundo da minha pequenez.\u00a0\u00c9s t\u00e3o bom e eu sou t\u00e3o pequeno\u2026 \u201d<\/p><\/blockquote>\n<h3 style=\"text-align: justify;\">\u201c<strong>B\u201d de b\u00ean\u00e7\u00e3os.\u00a0Relembre como ele te\u00a0aben\u00e7oa\u00a0diariamente<\/strong><\/h3>\n<p style=\"text-align: justify;\">Pe. Michael Gaitley tem sublinhado\u00a0a necessidade de contar nossas\u00a0<strong>b\u00ean\u00e7\u00e3os<\/strong>.<\/p>\n<div id=\"aleteia-welcome\" style=\"text-align: justify;\"><\/div>\n<p style=\"text-align: justify;\">De fato, relembrar e reconhecer as b\u00ean\u00e7\u00e3os do teu dia te treinam n\u00e3o apenas para adorar a Deus como se Ele existisse apenas em algum reino separado, mas a vincular tua adora\u00e7\u00e3o a Deus aos benef\u00edcios reais que Ele te proporciona a cada dia.<\/p>\n<div class=\"nativo-inread\" style=\"text-align: justify;\"><\/div>\n<p style=\"text-align: justify;\">Por que contar as b\u00ean\u00e7\u00e3os de Deus na tua vida?\u00a0Porque isso te d\u00e1 uma sensa\u00e7\u00e3o de pertencimento.\u00c9 f\u00e1cil se sentir sozinho no mundo, mesmo quando voc\u00ea mora com outras pessoas. Mas voc\u00ea nunca est\u00e1 sozinho.\u00a0Deus est\u00e1 sempre sorrindo para voc\u00ea.<\/p>\n<h3 style=\"text-align: justify;\">\u201c<strong>C\u201d de contri\u00e7\u00e3o.\u00a0Expresse sua\u00a0tristeza\u00a0pelo pecado<\/strong><\/h3>\n<p style=\"text-align: justify;\">Santo In\u00e1cio v\u00ea o\u00a0<strong>exame de consci\u00eancia<\/strong>\u00a0como um exerc\u00edcio di\u00e1rio crucial.\u00a0Para ele, isso significa primeiro revisar suas b\u00ean\u00e7\u00e3os, depois examinar como e por que voc\u00ea as usou indevidamente ou as desperdi\u00e7ou.<\/p>\n<div style=\"text-align: justify;\">\n<div id=\"article-desk-content-p6-ad_2021_08_10_o-abc-da-oracao-uma-maneira-facil-de-falar-com-deus-todos-os-dias\" class=\"css-y9mcup\" data-google-query-id=\"CNnrj5L-pvICFWcCuQYdQ9sEUQ\">\n<div id=\"google_ads_iframe_64500793\/PT_DESK_ARTICLE_WELCOME_1X1_0__container__\"><\/div>\n<\/div>\n<\/div>\n<p style=\"text-align: justify;\">Tento lembrar como decepcionei Deus, a mim mesmo e aos outros.\u00a0Termino me imaginando beijando cada uma das feridas de Cristo e rezando: \u201cSinto muito.\u00a0Eu Te amo\u201d.<\/p>\n<p style=\"text-align: justify;\">Mas por que\u00a0<strong>tristeza pelos pecados<\/strong>?\u00a0Porque a\u00a0<strong>contri\u00e7\u00e3<\/strong>o lhe d\u00e1 liberdade.\u00c9 muito f\u00e1cil entregar seu cora\u00e7\u00e3o aos bens materiais, ao conforto e ao prazer pessoal \u2013 eles rapidamente se tornam seu \u00eddolo e mestre, sua raz\u00e3o de viver,\u00a0mas o arrependimento reordena as prioridades em sua vida, colocando Deus em primeiro lugar.<\/p>\n<h3 style=\"text-align: justify;\">\u201c<strong>S\u201d de\u00a0<\/strong>s\u00faplica<strong><em>.\u00a0<\/em>Pe\u00e7a a Deus para\u00a0<\/strong>suprir<strong>\u00a0o\u00a0que for necess\u00e1rio<\/strong><\/h3>\n<p style=\"text-align: justify;\">Tamb\u00e9m coloco um \u201cS\u201d depois desse ABC da ora\u00e7\u00e3o. \u201cS\u201d de\u00a0<strong>s\u00faplica<\/strong>. Pois \u00e9 f\u00e1cil transformar a ora\u00e7\u00e3o em uma lista de desejos para Deus, ent\u00e3o deixo os pedidos para o final.\u00a0\u00a0Acima de tudo, quero os Dons e Frutos do Esp\u00edrito Santo, especialmente sabedoria, compreens\u00e3o, conselho e paz.\u00a0Este \u00e9 um grande momento para buscar essas coisas, meditando sobre uma passagem da B\u00edblia ou um mist\u00e9rio da vida de Cristo.<\/p>\n<p style=\"text-align: justify;\">Este tamb\u00e9m \u00e9 um bom momento para perceber, diante de Deus, que existimos uns para os outros.\u00a0Tento passar por cada uma das\u00a0Obras de Miseric\u00f3rdia\u00a0e rezar pelos famintos, desabrigados ou tristes \u2013 e rezo pela gra\u00e7a de servi-los.\u00a0Este tamb\u00e9m \u00e9 um bom momento para lembrar das pessoas a quem voc\u00ea precisa perdoar.<\/p>\n<p style=\"text-align: justify;\">Mas por que fazer uma s\u00faplica a Deus?\u00a0O pr\u00f3prio Jesus explica isso<em>:\u00a0<\/em>\u201cPedi e vos ser\u00e1 dado\u201d.\u00a0Isso \u00e9 bom o suficiente para mim.<\/p>\n","protected":false},"excerpt":{"rendered":"<p>Essas tr\u00eas letrinhas (e seus significados) podem manter a sua mente focada e expressam bem como deve ser um relacionamento real com Deus Existem muitos acr\u00f4nimos que podem orientar a ora\u00e7\u00e3o di\u00e1ria.\u00a0Depois de usar um por d\u00e9cadas, recentemente mudei para o \u201cABC da ora\u00e7\u00e3o\u201c: ele mant\u00e9m minha mente focada e expressa melhor como deve ser [&hellip;]<\/p>\n","protected":false},"author":1,"featured_media":69256,"comment_status":"open","ping_status":"closed","sticky":false,"template":"","format":"standard","meta":{"footnotes":""},"categories":[4,13],"tags":[],"class_list":["post-69255","post","type-post","status-publish","format-standard","has-post-thumbnail","hentry","category-cotidiano","category-featured"],"_links":{"self":[{"href":"https:\/\/catolicanet.net\/wp-cnet\/wp-json\/wp\/v2\/posts\/69255","targetHints":{"allow":["GET"]}}],"collection":[{"href":"https:\/\/catolicanet.net\/wp-cnet\/wp-json\/wp\/v2\/posts"}],"about":[{"href":"https:\/\/catolicanet.net\/wp-cnet\/wp-json\/wp\/v2\/types\/post"}],"author":[{"embeddable":true,"href":"https:\/\/catolicanet.net\/wp-cnet\/wp-json\/wp\/v2\/users\/1"}],"replies":[{"embeddable":true,"href":"https:\/\/catolicanet.net\/wp-cnet\/wp-json\/wp\/v2\/comments?post=69255"}],"version-history":[{"count":1,"href":"https:\/\/catolicanet.net\/wp-cnet\/wp-json\/wp\/v2\/posts\/69255\/revisions"}],"predecessor-version":[{"id":69257,"href":"https:\/\/catolicanet.net\/wp-cnet\/wp-json\/wp\/v2\/posts\/69255\/revisions\/69257"}],"wp:featuredmedia":[{"embeddable":true,"href":"https:\/\/catolicanet.net\/wp-cnet\/wp-json\/wp\/v2\/media\/69256"}],"wp:attachment":[{"href":"https:\/\/catolicanet.net\/wp-cnet\/wp-json\/wp\/v2\/media?parent=69255"}],"wp:term":[{"taxonomy":"category","embeddable":true,"href":"https:\/\/catolicanet.net\/wp-cnet\/wp-json\/wp\/v2\/categories?post=69255"},{"taxonomy":"post_tag","embeddable":true,"href":"https:\/\/catolicanet.net\/wp-cnet\/wp-json\/wp\/v2\/tags?post=69255"}],"curies":[{"name":"wp","href":"https:\/\/api.w.org\/{rel}","templated":true}]}}