{"id":69242,"date":"2021-08-10T09:14:45","date_gmt":"2021-08-10T12:14:45","guid":{"rendered":"https:\/\/catolicanet.net\/wp-cnet\/?p=69242"},"modified":"2021-08-10T14:16:07","modified_gmt":"2021-08-10T17:16:07","slug":"santuario-santa-dulce-dos-pobres-promove-mes-de-homenagens-a-primeira-santa-brasileira","status":"publish","type":"post","link":"https:\/\/catolicanet.net\/wp-cnet\/santuario-santa-dulce-dos-pobres-promove-mes-de-homenagens-a-primeira-santa-brasileira\/","title":{"rendered":"SANTU\u00c1RIO SANTA DULCE DOS POBRES PROMOVE M\u00caS DE HOMENAGENS \u00c0 PRIMEIRA SANTA BRASILEIRA"},"content":{"rendered":"<p style=\"text-align: justify;\">A programa\u00e7\u00e3o da festa em honra a Santa Dulce dos Pobres, no Santu\u00e1rio da primeira santa brasileira, tem prometido muita emo\u00e7\u00e3o para fi\u00e9is e demais admiradores da vida e obra do Anjo Bom do Brasil. Aguardadas com bastante expectativa desde a Canoniza\u00e7\u00e3o da religiosa baiana, as comemora\u00e7\u00f5es, que acontecem no Santu\u00e1rio Santa Dulce dos Pobres, em Savador (BA), chegaram ao m\u00eas de agosto trazendo uma agenda de eventos que inclui trezena, missa solene, drive-thru solid\u00e1rio e exibi\u00e7\u00e3o de curta-metragem, entre outras homenagens, em formato tanto presencial quanto online,\u00a0<a href=\"https:\/\/www.youtube.com\/santuariosantadulcedospobres\" target=\"_blank\" rel=\"noopener\" data-rel=\"lightbox-video-0\">no canal do Santu\u00e1rio no Youtube<\/a>.<\/p>\n<p style=\"text-align: justify;\">A programa\u00e7\u00e3o festiva, que tem como tema\u00a0<strong>\u201cVinde, benditos de meu Pai\u201d<\/strong>, foi iniciada dia 1\u00ba de agosto com a trezena em honra \u00e0 santa, que prossegue durante treze dias com missas di\u00e1rias \u00e0s 7h, 8h30,12h e 16h.\u00a0<strong>J\u00e1 no dia 13 de agosto, data dedicada a Santa Dulce, uma missa ser\u00e1 celebrada \u00e0s 8h30 pelo arcebispo de Salvador e Primaz do Brasil, cardeal Sergio da Rocha. Neste dia, a grade ter\u00e1 celebra\u00e7\u00f5es tamb\u00e9m \u00e0s 7h, 10h, 12h, 14h e 16h.<\/strong>\u00a0Ao longo das homenagens, o Santu\u00e1rio ser\u00e1 palco de in\u00fameras celebra\u00e7\u00f5es, entre as quais, B\u00ean\u00e7\u00e3o das Fam\u00edlias; Ter\u00e7o em Honra a Santa Dulce dos Pobres; e B\u00ean\u00e7\u00e3o do Sant\u00edssimo Sacramento. A programa\u00e7\u00e3o completa pode ser acessada tamb\u00e9m atrav\u00e9s do site:\u00a0<a href=\"http:\/\/www.irmadulce.org.br\/\" target=\"_blank\" rel=\"noopener\">www.irmadulce.org.br<\/a>.<\/p>\n<p style=\"text-align: justify;\">Entre os momentos marcantes da programa\u00e7\u00e3o, destaque ainda para o\u00a0<strong>\u201cDia da Provid\u00eancia\u201d<\/strong>, que aconteceu em 8 de agosto. Um drive-thru foi montado no estacionamento do Santu\u00e1rio. Os motoristas e demais passageiros que chegaram ao local receberam uma b\u00ean\u00e7\u00e3o especial dos frades capuchinhos. Ainda no Dia da Provid\u00eancia, o p\u00fablico p\u00f4de contribuir com a manuten\u00e7\u00e3o e com as a\u00e7\u00f5es sociais do Santu\u00e1rio, atrav\u00e9s de doa\u00e7\u00f5es diversas (alimentos n\u00e3o perec\u00edveis, materiais de higiene e limpeza ou recurso financeiro).\u00a0 Em paralelo ao drive-thru, uma s\u00e9rie de apresenta\u00e7\u00f5es musicais aconteceu no interior da igreja, para o p\u00fablico que acompanhou o evento de forma virtual.<\/p>\n<p style=\"text-align: justify;\">A agenda festiva contou tamb\u00e9m com a exibi\u00e7\u00e3o do curta-metragem<strong>\u00a0\u201cA vida interior de Santa Dulce dos Pobres\u201d<\/strong>, no dia 7 de agosto, \u00e0s 15h, com transmiss\u00e3o pelo\u00a0<a href=\"http:\/\/www.youtube.com\/santuariosantadulcedospobres\" target=\"_blank\" rel=\"noopener\" data-rel=\"lightbox-video-1\">YouTube.\u00a0<\/a>O canal tamb\u00e9m teve quadros sobre a trajet\u00f3ria de amor e servi\u00e7o de Irm\u00e3 Dulce, os quais foram exibidos logo ap\u00f3s as celebra\u00e7\u00f5es. Entre os temas dos v\u00eddeos est\u00e3o \u201cSanta Dulce mudou minha vida\u201d, \u201cSementes de amor\u201d, \u201cContos e causos\u201d, \u201cTrezena kids\u201d, entre outras produ\u00e7\u00f5es. Tamb\u00e9m no dia 7, com transmiss\u00e3o pelo YouTube do Santu\u00e1rio, aconteceu o Sarau Santa Dulce, com a participa\u00e7\u00e3o de artistas.<\/p>\n<blockquote><p>\u201cEsse \u00e9 um per\u00edodo em que n\u00f3s do Santu\u00e1rio passamos o ano todo nos preparando para celebrar o dia 13 de agosto, que \u00e9 a festa lit\u00fargica de Santa Dulce dos Pobres. Neste tempo de tanta dificuldade, de afli\u00e7\u00f5es, estaremos em comunh\u00e3o rezando por todos aqueles que aflitos pedem a intercess\u00e3o de Santa Dulce, mas tamb\u00e9m celebrando este tempo de festa, que \u00e9 um tempo de gra\u00e7a na vida de todos os devotos, peregrinos, romeiros, do povo fiel, dos admiradores de Santa Dulce. Ser\u00e1 um tempo festivo, de alegria, de celebra\u00e7\u00e3o da vida, desta primeira santa brasileira dos nossos tempos\u201d, declarou o reitor do Santu\u00e1rio do Anjo Bom do Brasil, frei Giovanni Messias.<\/p><\/blockquote>\n<h3 style=\"text-align: justify;\"><strong>Tv\u2019s de inspira\u00e7\u00e3o cat\u00f3lica transmitem curta sobre a Santa<\/strong><\/h3>\n<p style=\"text-align: justify;\">Tamb\u00e9m como parte da programa\u00e7\u00e3o do Santu\u00e1rio Santa Dulce dos Pobres foi feita uma parceria com as televis\u00f5es de inspira\u00e7\u00e3o cat\u00f3lica para a transmiss\u00e3o em suas grades do curta\u00a0<strong>\u201cA vida interior de Santa Dulce dos Pobres<\/strong>\u201c, uma produ\u00e7\u00e3o do pr\u00f3prio Santu\u00e1rio e que traz a hist\u00f3ria dos anseios e medos do Anjo Bom do Brasil.<\/p>\n<p style=\"text-align: justify;\">O curta ser\u00e1 exibido no dia em que se comemora a data lit\u00fargica de Santa Dulce dos Pobres, 13 de agosto, em diferentes emissoras e hor\u00e1rios. Confira a programa\u00e7\u00e3o:<\/p>\n<p>REDE S\u00c9CULO 21 \u2013 \u00e0s 21h00<br \/>\nTV IMACULADA \u2013 \u00e0s 20h30<br \/>\nREDE NAZAR\u00c9 \u2013 \u00e0s 21h00<br \/>\nTV PAI ETERNO \u2013 \u00e0s 23h00<br \/>\nTV EVANGELIZAR \u2013 \u00e0s 01h, 14h e 20h30<br \/>\nTV HORIZONTE \u2013 \u00e0s 20h00<br \/>\nTV APARECIDA \u2013 \u00e0s 23h00<\/p>\n<h3><strong>Programa\u00e7\u00e3o da Festa da Santa Dulce<\/strong><\/h3>\n<p><strong><u><br \/>\n13\/08<\/u><\/strong><\/p>\n<ul>\n<li>Festa Lit\u00fargica de Santa Dulce dos Pobres<br \/>\n8h30 \u2013 Missa celebrada pelo cardeal Sergio da Rocha, arcebispo de Salvador e Primaz do Brasil<\/li>\n<li>Missas tamb\u00e9m \u00e0s 7h, 10h, 12h, 14h e 16h.<\/li>\n<\/ul>\n<p><strong>Transmiss\u00f5es Online Di\u00e1rias<\/strong><\/p>\n<p>1\u00ba a 13 de agosto<\/p>\n<ul>\n<li>07h00 \u2013 Missa<\/li>\n<li>08h30 \u2013 Missa<\/li>\n<li>09h40 \u2013 Trezena de Santa Dulce<\/li>\n<li>11h00 \u2013 Ter\u00e7o em Honra a Santa Dulce<\/li>\n<li>11h30 \u2013 Caminho da F\u00e9<\/li>\n<li>11h35 \u2013 Sementes de amor<\/li>\n<li>11h36 \u2013 Os Pilares do Dulcismo (1\u00ba a 4 de agosto)<\/li>\n<li>11h36 \u2013 Escola vive os valores (5 a 13 de agosto)<\/li>\n<li>11h40 \u2013 Romaria Virtual<\/li>\n<li>11h45 \u2013 Sementes de amor<\/li>\n<li>12h00 \u2013 Missa<\/li>\n<li>14h40 \u2013 Trezena Kids<\/li>\n<li>14h45 \u2013 Sementes de amor<\/li>\n<li>14h46 \u2013 Romaria virtual<\/li>\n<li>14h51 \u2013 Contos e causos<\/li>\n<li>14h53 \u2013 Santa Dulce mudou minha vida<\/li>\n<li>14h58 \u2013 Sementes de amor<\/li>\n<li>15h00 \u2013 Ter\u00e7o<\/li>\n<li>16h00 \u2013 Missas tem\u00e1ticas<\/li>\n<\/ul>\n<p><strong>\u00a0<\/strong><\/p>\n<pre><strong>Com informa\u00e7\u00f5es da Assessoria de Comunica\u00e7\u00e3o \/ Obras Sociais Irm\u00e3 Dulce<\/strong><\/pre>\n","protected":false},"excerpt":{"rendered":"<p>A programa\u00e7\u00e3o da festa em honra a Santa Dulce dos Pobres, no Santu\u00e1rio da primeira santa brasileira, tem prometido muita emo\u00e7\u00e3o para fi\u00e9is e demais admiradores da vida e obra do Anjo Bom do Brasil. Aguardadas com bastante expectativa desde a Canoniza\u00e7\u00e3o da religiosa baiana, as comemora\u00e7\u00f5es, que acontecem no Santu\u00e1rio Santa Dulce dos Pobres, [&hellip;]<\/p>\n","protected":false},"author":1,"featured_media":69243,"comment_status":"open","ping_status":"closed","sticky":false,"template":"","format":"standard","meta":{"footnotes":""},"categories":[7,13],"tags":[],"class_list":["post-69242","post","type-post","status-publish","format-standard","has-post-thumbnail","hentry","category-cnbb","category-featured"],"_links":{"self":[{"href":"https:\/\/catolicanet.net\/wp-cnet\/wp-json\/wp\/v2\/posts\/69242","targetHints":{"allow":["GET"]}}],"collection":[{"href":"https:\/\/catolicanet.net\/wp-cnet\/wp-json\/wp\/v2\/posts"}],"about":[{"href":"https:\/\/catolicanet.net\/wp-cnet\/wp-json\/wp\/v2\/types\/post"}],"author":[{"embeddable":true,"href":"https:\/\/catolicanet.net\/wp-cnet\/wp-json\/wp\/v2\/users\/1"}],"replies":[{"embeddable":true,"href":"https:\/\/catolicanet.net\/wp-cnet\/wp-json\/wp\/v2\/comments?post=69242"}],"version-history":[{"count":1,"href":"https:\/\/catolicanet.net\/wp-cnet\/wp-json\/wp\/v2\/posts\/69242\/revisions"}],"predecessor-version":[{"id":69244,"href":"https:\/\/catolicanet.net\/wp-cnet\/wp-json\/wp\/v2\/posts\/69242\/revisions\/69244"}],"wp:featuredmedia":[{"embeddable":true,"href":"https:\/\/catolicanet.net\/wp-cnet\/wp-json\/wp\/v2\/media\/69243"}],"wp:attachment":[{"href":"https:\/\/catolicanet.net\/wp-cnet\/wp-json\/wp\/v2\/media?parent=69242"}],"wp:term":[{"taxonomy":"category","embeddable":true,"href":"https:\/\/catolicanet.net\/wp-cnet\/wp-json\/wp\/v2\/categories?post=69242"},{"taxonomy":"post_tag","embeddable":true,"href":"https:\/\/catolicanet.net\/wp-cnet\/wp-json\/wp\/v2\/tags?post=69242"}],"curies":[{"name":"wp","href":"https:\/\/api.w.org\/{rel}","templated":true}]}}