{"id":69185,"date":"2021-08-06T09:02:32","date_gmt":"2021-08-06T12:02:32","guid":{"rendered":"https:\/\/catolicanet.net\/wp-cnet\/?p=69185"},"modified":"2021-08-06T14:03:18","modified_gmt":"2021-08-06T17:03:18","slug":"baixe-o-roteiro-celebrar-em-familia-para-o-19o-domingo-do-tempo-comum","status":"publish","type":"post","link":"https:\/\/catolicanet.net\/wp-cnet\/baixe-o-roteiro-celebrar-em-familia-para-o-19o-domingo-do-tempo-comum\/","title":{"rendered":"BAIXE O ROTEIRO CELEBRAR EM FAM\u00cdLIA PARA O 19\u00ba DOMINGO DO TEMPO COMUM"},"content":{"rendered":"<div class=\"elementor-widget-container\">\n<p style=\"text-align: justify;\">Est\u00e3o dispon\u00edveis para download os roteiros Celebrar em Fam\u00edlia para o 19\u00ba Domingo do Tempo Comum, dia 8 de agosto. O material \u00e9 oferecido pela Comiss\u00e3o Episcopal Pastoral para a Liturgia da Confer\u00eancia Nacional dos Bispos do Brasil (CNBB).<\/p>\n<\/div>\n<p style=\"text-align: justify;\"><em>\u201cQueremos agradecer pois eles s\u00e3o um dom em nossas fam\u00edlias, nas nossas comunidades e tamb\u00e9m pedir a gra\u00e7a de Deus para todos eles\u201d<\/em>, destaca a Comiss\u00e3o para a Liturgia.<\/p>\n<div class=\"elementor-widget-container\">\n<p style=\"text-align: justify;\">\u00c0s fam\u00edlias, \u00e9 indicado que seja escolhido um local adequado em suas casas para celebrar e rezar juntos.\u00a0<em>\u201cPrepare sua B\u00edblia com o texto a ser proclamado, um vaso com flores, um crucifixo, uma imagem ou \u00edcone de Nossa Senhora e uma vela a ser acesa no momento da celebra\u00e7\u00e3o\u201d<\/em>, prop\u00f5e a Comiss\u00e3o para a Liturgia.<\/p>\n<p style=\"text-align: justify;\">Cada fam\u00edlia poder\u00e1 adaptar o esquema conforme as necessidades, de acordo com o roteiro. Os cantos s\u00e3o sugest\u00f5es e podem ser substitu\u00eddos por outros, levando em considera\u00e7\u00e3o o Tempo Lit\u00fargico que estamos vivendo.<\/p>\n<p style=\"text-align: justify;\"><a href=\"https:\/\/www.cnbb.org.br\/wp-content\/uploads\/2021\/07\/46-Celebrar-em-Fami%CC%81lia-19-DTC.pdf\"><strong>BAIXE O ROTEIRO DO 19\u00ba DOMINGO DO TEMPO COMUM<\/strong><\/a><\/p>\n<\/div>\n","protected":false},"excerpt":{"rendered":"<p>Est\u00e3o dispon\u00edveis para download os roteiros Celebrar em Fam\u00edlia para o 19\u00ba Domingo do Tempo Comum, dia 8 de agosto. O material \u00e9 oferecido pela Comiss\u00e3o Episcopal Pastoral para a Liturgia da Confer\u00eancia Nacional dos Bispos do Brasil (CNBB). \u201cQueremos agradecer pois eles s\u00e3o um dom em nossas fam\u00edlias, nas nossas comunidades e tamb\u00e9m pedir [&hellip;]<\/p>\n","protected":false},"author":1,"featured_media":69186,"comment_status":"open","ping_status":"closed","sticky":false,"template":"","format":"standard","meta":{"footnotes":""},"categories":[7],"tags":[],"class_list":["post-69185","post","type-post","status-publish","format-standard","has-post-thumbnail","hentry","category-cnbb"],"_links":{"self":[{"href":"https:\/\/catolicanet.net\/wp-cnet\/wp-json\/wp\/v2\/posts\/69185","targetHints":{"allow":["GET"]}}],"collection":[{"href":"https:\/\/catolicanet.net\/wp-cnet\/wp-json\/wp\/v2\/posts"}],"about":[{"href":"https:\/\/catolicanet.net\/wp-cnet\/wp-json\/wp\/v2\/types\/post"}],"author":[{"embeddable":true,"href":"https:\/\/catolicanet.net\/wp-cnet\/wp-json\/wp\/v2\/users\/1"}],"replies":[{"embeddable":true,"href":"https:\/\/catolicanet.net\/wp-cnet\/wp-json\/wp\/v2\/comments?post=69185"}],"version-history":[{"count":1,"href":"https:\/\/catolicanet.net\/wp-cnet\/wp-json\/wp\/v2\/posts\/69185\/revisions"}],"predecessor-version":[{"id":69187,"href":"https:\/\/catolicanet.net\/wp-cnet\/wp-json\/wp\/v2\/posts\/69185\/revisions\/69187"}],"wp:featuredmedia":[{"embeddable":true,"href":"https:\/\/catolicanet.net\/wp-cnet\/wp-json\/wp\/v2\/media\/69186"}],"wp:attachment":[{"href":"https:\/\/catolicanet.net\/wp-cnet\/wp-json\/wp\/v2\/media?parent=69185"}],"wp:term":[{"taxonomy":"category","embeddable":true,"href":"https:\/\/catolicanet.net\/wp-cnet\/wp-json\/wp\/v2\/categories?post=69185"},{"taxonomy":"post_tag","embeddable":true,"href":"https:\/\/catolicanet.net\/wp-cnet\/wp-json\/wp\/v2\/tags?post=69185"}],"curies":[{"name":"wp","href":"https:\/\/api.w.org\/{rel}","templated":true}]}}