{"id":69164,"date":"2021-08-05T10:06:43","date_gmt":"2021-08-05T13:06:43","guid":{"rendered":"https:\/\/catolicanet.net\/wp-cnet\/?p=69164"},"modified":"2021-08-05T20:09:26","modified_gmt":"2021-08-05T23:09:26","slug":"4-campeas-olimpicas-e-suas-devocoes-a-nossa-senhora","status":"publish","type":"post","link":"https:\/\/catolicanet.net\/wp-cnet\/4-campeas-olimpicas-e-suas-devocoes-a-nossa-senhora\/","title":{"rendered":"4 campe\u00e3s ol\u00edmpicas e suas devo\u00e7\u00f5es a Nossa Senhora"},"content":{"rendered":"<h2 class=\"subtitle\" style=\"text-align: justify;\">Elas impressionaram o mundo com suas proezas esportivas e com a f\u00e9 na Virgem Sant\u00edssima<\/h2>\n<p style=\"text-align: justify;\">\u00c0medida que as Olimp\u00edadas de T\u00f3quio se aproximam do fim, v\u00e1rios atletas nos impressionaram por quebrar recordes, mostrar o velho e bom esp\u00edrito esportivo e compartilhar sua f\u00e9 para o mundo ver. De fato, muitos atletas cat\u00f3licos compartilharam que seu amor por Nossa Senhora lhes deu for\u00e7as para competir.<\/p>\n<p style=\"text-align: justify;\">Na galeria abaixo, voc\u00ea ver\u00e1 o lugar que a M\u00e3e Sant\u00edssima ocupa no cora\u00e7\u00e3o desses atletas ol\u00edmpicos.<\/p>\n<p style=\"text-align: justify;\"><img decoding=\"async\" src=\"https:\/\/wp.pt.aleteia.org\/wp-content\/uploads\/sites\/5\/2021\/04\/shutterstock_1833718024.jpg?w=1920\" \/><\/p>\n<div class=\"css-1biibxe\" style=\"text-align: justify;\">Simone Biles<\/div>\n<div class=\"css-cmyumk\" style=\"text-align: justify;\">Podemos apenas imaginar o quanto a ginasta teve que confiar em Maria durante as Olimp\u00edadas de T\u00f3quio. Felizmente, ela sempre tem suas m\u00e3es ao seu lado: &#8220;Minha m\u00e3e, Nellie, me deu um ros\u00e1rio na igreja. Eu n\u00e3o o uso para rezar antes de uma competi\u00e7\u00e3o. Rezo normalmente sozinha. Mas eu sempre o tenho l\u00e1 na caixa.&#8221;<\/div>\n<div style=\"text-align: justify;\"><\/div>\n<div style=\"text-align: justify;\"><img decoding=\"async\" src=\"https:\/\/wp.pt.aleteia.org\/wp-content\/uploads\/sites\/5\/2021\/04\/shutterstock_1837422235.jpg?w=1920\" \/><\/div>\n<div style=\"text-align: justify;\">\n<div class=\"css-1biibxe\">Katie Ledecky<\/div>\n<div class=\"css-cmyumk\">A nadadora americana tem o prazer de falar sobre sua f\u00e9 e seu amor por Maria. &#8220;Eu fa\u00e7o uma ora\u00e7\u00e3o &#8211; ou duas &#8211; antes de qualquer prova. A Ave-Maria \u00e9 uma bela ora\u00e7\u00e3o e acho que me acalma.&#8221;<\/div>\n<\/div>\n<div style=\"text-align: justify;\"><\/div>\n<div style=\"text-align: justify;\"><img decoding=\"async\" src=\"https:\/\/wp.pt.aleteia.org\/wp-content\/uploads\/sites\/5\/2021\/08\/WEB3-Grace-McCallum-AFP-063_1325829337.jpg?w=1920\" alt=\"Grace McCallum\" \/><\/div>\n<div style=\"text-align: justify;\">\n<div class=\"css-1biibxe\">Grace McCallum<\/div>\n<div class=\"css-cmyumk\">Outra ginasta detentora de v\u00e1rias medalhas ol\u00edmpicas sempre leva consigo um ros\u00e1rio e uma cruz dada a ela por sua av\u00f3: &#8220;Ela viaja com essas coisas para lhe trazer paz e calma. Grace n\u00e3o vai para lugar nenhum sem elas&#8221;, disse a m\u00e3e da atleta.<\/div>\n<\/div>\n<div style=\"text-align: justify;\"><\/div>\n<div style=\"text-align: justify;\"><img decoding=\"async\" src=\"https:\/\/wp.pt.aleteia.org\/wp-content\/uploads\/sites\/5\/2021\/08\/WEB3-Hidilyn-Diaz-AFP-000_9GH28W.jpg?w=1920\" \/><\/div>\n<div>\n<div class=\"css-1biibxe\" style=\"text-align: justify;\">Hidilyn Diaz<\/div>\n<div class=\"css-cmyumk\" style=\"text-align: justify;\">A nova campe\u00e3 de levantamento de peso teve o prazer de compartilhar com o mundo seu amor por Maria enquanto ela erguia sua Medalha Milagrosa no p\u00f3dio. &#8220;\u00c9 um sinal de minha f\u00e9 na M\u00e3e Maria e em Jesus Cristo&#8221;.<\/div>\n<\/div>\n","protected":false},"excerpt":{"rendered":"<p>Elas impressionaram o mundo com suas proezas esportivas e com a f\u00e9 na Virgem Sant\u00edssima \u00c0medida que as Olimp\u00edadas de T\u00f3quio se aproximam do fim, v\u00e1rios atletas nos impressionaram por quebrar recordes, mostrar o velho e bom esp\u00edrito esportivo e compartilhar sua f\u00e9 para o mundo ver. De fato, muitos atletas cat\u00f3licos compartilharam que seu [&hellip;]<\/p>\n","protected":false},"author":1,"featured_media":69165,"comment_status":"open","ping_status":"closed","sticky":false,"template":"","format":"standard","meta":{"footnotes":""},"categories":[4],"tags":[],"class_list":["post-69164","post","type-post","status-publish","format-standard","has-post-thumbnail","hentry","category-cotidiano"],"_links":{"self":[{"href":"https:\/\/catolicanet.net\/wp-cnet\/wp-json\/wp\/v2\/posts\/69164","targetHints":{"allow":["GET"]}}],"collection":[{"href":"https:\/\/catolicanet.net\/wp-cnet\/wp-json\/wp\/v2\/posts"}],"about":[{"href":"https:\/\/catolicanet.net\/wp-cnet\/wp-json\/wp\/v2\/types\/post"}],"author":[{"embeddable":true,"href":"https:\/\/catolicanet.net\/wp-cnet\/wp-json\/wp\/v2\/users\/1"}],"replies":[{"embeddable":true,"href":"https:\/\/catolicanet.net\/wp-cnet\/wp-json\/wp\/v2\/comments?post=69164"}],"version-history":[{"count":1,"href":"https:\/\/catolicanet.net\/wp-cnet\/wp-json\/wp\/v2\/posts\/69164\/revisions"}],"predecessor-version":[{"id":69166,"href":"https:\/\/catolicanet.net\/wp-cnet\/wp-json\/wp\/v2\/posts\/69164\/revisions\/69166"}],"wp:featuredmedia":[{"embeddable":true,"href":"https:\/\/catolicanet.net\/wp-cnet\/wp-json\/wp\/v2\/media\/69165"}],"wp:attachment":[{"href":"https:\/\/catolicanet.net\/wp-cnet\/wp-json\/wp\/v2\/media?parent=69164"}],"wp:term":[{"taxonomy":"category","embeddable":true,"href":"https:\/\/catolicanet.net\/wp-cnet\/wp-json\/wp\/v2\/categories?post=69164"},{"taxonomy":"post_tag","embeddable":true,"href":"https:\/\/catolicanet.net\/wp-cnet\/wp-json\/wp\/v2\/tags?post=69164"}],"curies":[{"name":"wp","href":"https:\/\/api.w.org\/{rel}","templated":true}]}}