{"id":69161,"date":"2021-08-05T10:03:29","date_gmt":"2021-08-05T13:03:29","guid":{"rendered":"https:\/\/catolicanet.net\/wp-cnet\/?p=69161"},"modified":"2021-08-05T20:04:16","modified_gmt":"2021-08-05T23:04:16","slug":"repam-lanca-campanha-vacinaamazonia-para-incentivar-a-imunizacao-da-populacao-amazonica-contra-a-covid-19","status":"publish","type":"post","link":"https:\/\/catolicanet.net\/wp-cnet\/repam-lanca-campanha-vacinaamazonia-para-incentivar-a-imunizacao-da-populacao-amazonica-contra-a-covid-19\/","title":{"rendered":"REPAM LAN\u00c7A CAMPANHA #VACINAAMAZ\u00d4NIA PARA INCENTIVAR A IMUNIZA\u00c7\u00c3O DA POPULA\u00c7\u00c3O AMAZ\u00d4NICA CONTRA A COVID-19"},"content":{"rendered":"<p style=\"text-align: justify;\">O ritmo lento de vacina\u00e7\u00e3o na regi\u00e3o amaz\u00f4nica e a triste marca de 100 mil mortes provocadas pela Covid-19 incentivou a cria\u00e7\u00e3o da campanha #VacinaAmaz\u00f4nia. Lan\u00e7ada na segunda-feira, 2 de agosto, pela Rede Eclesial Pan-Amaz\u00f4nica \u2013 Repam, a campanha incentiva a imuniza\u00e7\u00e3o da popula\u00e7\u00e3o amaz\u00f4nica contra a Covid-19.<\/p>\n<p style=\"text-align: justify;\">Em nota, o presidente da Repam, cardeal Pedro Barreto, e o secret\u00e1rio executivo, irm\u00e3o Jo\u00e3o Gutemberg Sampaio, informaram que acompanham a \u201cevolu\u00e7\u00e3o e a situa\u00e7\u00e3o da vacina\u00e7\u00e3o da popula\u00e7\u00e3o com muita preocupa\u00e7\u00e3o\u201d e recordaram as palavras do Papa Francisco sobre a import\u00e2ncia da imuniza\u00e7\u00e3o: \u201ctodos devem tomar a vacina. N\u00e3o \u00e9 uma op\u00e7\u00e3o, \u00e9 uma a\u00e7\u00e3o \u00e9tica, porque est\u00e1 em risco a sua sa\u00fade, a sua vida, mas tamb\u00e9m a vida dos outros\u201d.<\/p>\n<p style=\"text-align: justify;\">Na mensagem, a Repam faz um duplo clamor aos governos de cada um dos pa\u00edses para \u201cque n\u00e3o me\u00e7am esfor\u00e7os para a compra e destina\u00e7\u00e3o das vacinas para a regi\u00e3o amaz\u00f4nica. Que n\u00e3o se omitam diante das dificuldades e clamores, em especial dos mais pobres e fragilizados\u201d.<\/p>\n<p style=\"text-align: justify;\">A Rede tamb\u00e9m pede \u00e0 popula\u00e7\u00e3o que \u201cse vacinem e n\u00e3o se deixem levar pela desinforma\u00e7\u00e3o. Que motivem e animem suas comunidades para este ato em favor do bem comum\u201d.<\/p>\n<p style=\"text-align: justify;\">Leia a \u00edntegra do comunicado:<\/p>\n<div><iframe src=\"https:\/\/docs.google.com\/viewer?embedded=true&amp;url=https%3A%2F%2Frepam.org.br%2Fwp-content%2Fuploads%2F2021%2F08%2F2021.08-PTVacinaAmazonia.pdf\" allowfullscreen=\"allowfullscreen\" data-mce-fragment=\"1\"><\/iframe><\/div>\n<p>&nbsp;<\/p>\n<p>&nbsp;<\/p>\n<pre>Com informa\u00e7\u00f5es da Repam<\/pre>\n","protected":false},"excerpt":{"rendered":"<p>O ritmo lento de vacina\u00e7\u00e3o na regi\u00e3o amaz\u00f4nica e a triste marca de 100 mil mortes provocadas pela Covid-19 incentivou a cria\u00e7\u00e3o da campanha #VacinaAmaz\u00f4nia. Lan\u00e7ada na segunda-feira, 2 de agosto, pela Rede Eclesial Pan-Amaz\u00f4nica \u2013 Repam, a campanha incentiva a imuniza\u00e7\u00e3o da popula\u00e7\u00e3o amaz\u00f4nica contra a Covid-19. Em nota, o presidente da Repam, cardeal [&hellip;]<\/p>\n","protected":false},"author":1,"featured_media":69162,"comment_status":"open","ping_status":"closed","sticky":false,"template":"","format":"standard","meta":{"footnotes":""},"categories":[7],"tags":[],"class_list":["post-69161","post","type-post","status-publish","format-standard","has-post-thumbnail","hentry","category-cnbb"],"_links":{"self":[{"href":"https:\/\/catolicanet.net\/wp-cnet\/wp-json\/wp\/v2\/posts\/69161","targetHints":{"allow":["GET"]}}],"collection":[{"href":"https:\/\/catolicanet.net\/wp-cnet\/wp-json\/wp\/v2\/posts"}],"about":[{"href":"https:\/\/catolicanet.net\/wp-cnet\/wp-json\/wp\/v2\/types\/post"}],"author":[{"embeddable":true,"href":"https:\/\/catolicanet.net\/wp-cnet\/wp-json\/wp\/v2\/users\/1"}],"replies":[{"embeddable":true,"href":"https:\/\/catolicanet.net\/wp-cnet\/wp-json\/wp\/v2\/comments?post=69161"}],"version-history":[{"count":1,"href":"https:\/\/catolicanet.net\/wp-cnet\/wp-json\/wp\/v2\/posts\/69161\/revisions"}],"predecessor-version":[{"id":69163,"href":"https:\/\/catolicanet.net\/wp-cnet\/wp-json\/wp\/v2\/posts\/69161\/revisions\/69163"}],"wp:featuredmedia":[{"embeddable":true,"href":"https:\/\/catolicanet.net\/wp-cnet\/wp-json\/wp\/v2\/media\/69162"}],"wp:attachment":[{"href":"https:\/\/catolicanet.net\/wp-cnet\/wp-json\/wp\/v2\/media?parent=69161"}],"wp:term":[{"taxonomy":"category","embeddable":true,"href":"https:\/\/catolicanet.net\/wp-cnet\/wp-json\/wp\/v2\/categories?post=69161"},{"taxonomy":"post_tag","embeddable":true,"href":"https:\/\/catolicanet.net\/wp-cnet\/wp-json\/wp\/v2\/tags?post=69161"}],"curies":[{"name":"wp","href":"https:\/\/api.w.org\/{rel}","templated":true}]}}