{"id":69152,"date":"2021-08-05T09:55:21","date_gmt":"2021-08-05T12:55:21","guid":{"rendered":"https:\/\/catolicanet.net\/wp-cnet\/?p=69152"},"modified":"2021-08-05T19:57:49","modified_gmt":"2021-08-05T22:57:49","slug":"ao-recordar-o-cura-dars-papa-convida-a-rezar-pelos-sacerdotes","status":"publish","type":"post","link":"https:\/\/catolicanet.net\/wp-cnet\/ao-recordar-o-cura-dars-papa-convida-a-rezar-pelos-sacerdotes\/","title":{"rendered":"Ao recordar o Cura d&#8217;Ars, Papa convida a rezar pelos sacerdotes"},"content":{"rendered":"<figure class=\"article__image\" style=\"text-align: justify;\"><span class=\"didascalia_img\">Santo Cura d&#8217;Ars \u00e9 &#8220;modelo de bondade e de caridade para todos os sacerdotes&#8221;.\u00a0<\/span><\/figure>\n<div class=\"article__meta \" data-mediatype=\"\">\n<div class=\"article__subTitle\" style=\"text-align: justify;\">No dia em que a Igreja recorda S\u00e3o Jo\u00e3o Maria Vianney, Francisco indica neste Santo, padroeiro dos P\u00e1rocos do mundo, uma fonte de inspira\u00e7\u00e3o para os sacerdotes, chamados a &#8220;pregar o Evangelho da salva\u00e7\u00e3o&#8221;.<\/div>\n<div class=\"title__separator\" style=\"text-align: justify;\"><\/div>\n<div class=\"article__text \">\n<p style=\"text-align: justify;\"><b>Amedeo Lomonaco &#8211; Cidade do Vaticano<\/b><\/p>\n<p style=\"text-align: justify;\">\u201cHoje, mem\u00f3ria de S\u00e3o Jo\u00e3o Maria Vianney, convido-vos a rezar de maneira especial pelos vossos p\u00e1rocos e por todos os sacerdotes. Que eles, inspirados pelo exemplo do Santo Cura D&#8217;Ars, ofere\u00e7am suas vidas \u00e0 miss\u00e3o de pregar o Evangelho da salva\u00e7\u00e3o.\u201d<\/p>\n<p style=\"text-align: justify;\">Este foi do Papa na Audi\u00eancia Geral ao saudar os fi\u00e9is de l\u00edngua portuguesa presentes na Sala Paulo VI &#8211; ou que acompanhavam a transmiss\u00e3o do tradicional encontro das quartas-feiras pelas redes sociais. Aos fi\u00e9is de l\u00edngua francesa, Francisco indicou S\u00e3o Jo\u00e3o Maria Vianney como \u201ctestemunha de amor, miseric\u00f3rdia e solidariedade\u201d.<\/p>\n<h2 style=\"text-align: justify;\">Uma vida a servi\u00e7o do povo de Deus<\/h2>\n<p style=\"text-align: justify;\">Conhecido como &#8220;o Cura de Ars&#8221;, S\u00e3o Jo\u00e3o Maria Vianney nasceu em 8 de maio de 1786 em Dardilly, perto de Lyon. Foi ordenado sacerdote aos 29 anos e em 1818 foi enviado a Ars, pequeno vilarejo no sudeste da Fran\u00e7a, com 230 habitantes.<\/p>\n<p style=\"text-align: justify;\">Ele dedicou todas as suas energias ao cuidado dos fi\u00e9is. Estava sempre dispon\u00edvel para ouvir e perdoar, passava at\u00e9 16 horas por dia no confession\u00e1rio. Todos os dias, uma multid\u00e3o de penitentes de v\u00e1rios lugares da Fran\u00e7a o procurava para a confiss\u00e3o. Ars foi rebatizada de &#8220;o grande hospital das almas&#8221;.<\/p>\n<p style=\"text-align: justify;\">Ele fazia vig\u00edlias, rezava e jejuava para contribuir para a expia\u00e7\u00e3o dos pecados dos fi\u00e9is. \u201cDirei a voc\u00ea qual \u00e9 a minha receita &#8211; confidencia a um confrade -: dou uma pequena penit\u00eancia aos pecadores e fa\u00e7o o resto no lugar deles\u201d.<\/p>\n<p style=\"text-align: justify;\">Veio a falecer aos 73 anos, em 4 de agosto de 1859. Seus restos mortais repousam em Ars, no Santu\u00e1rio a ele dedicado. Beatificado em 1905 por Pio X, foi canonizado em 1925 por Pio XI e em 1929.<\/p>\n<h2 style=\"text-align: justify;\">Um modelo para todos os sacerdotes<\/h2>\n<p style=\"text-align: justify;\">Durante seu Pontificado, o Papa recordou repetidamente a figura do Santo Cura d&#8217;Ars. Na\u00a0<a href=\"https:\/\/www.vatican.va\/content\/francesco\/pt\/letters\/2019\/documents\/papa-francesco_20190804_lettera-presbiteri.html\" rel=\"external\">carta escrita em 4 de agosto de 2019<\/a>, por ocasi\u00e3o do 160\u00ba anivers\u00e1rio da morte de S\u00e3o Jo\u00e3o Maria Vianney, Francisco expressa o encorajamento e a proximidade aos \u201c\u00a0irm\u00e3os presb\u00edteros, que sem fazer alarde \u00abdeixam tudo\u00bb para vos empenhar na vida quotidiana das vossas comunidades; aos que trabalham na &#8220;trincheira&#8221;; a quantos \u00a0aguentam o peso do dia e do calor e, sujeitos a uma infinidade de situa\u00e7\u00f5es, as enfrentam diariamente e sem se dar ares de import\u00e2ncia para que o povo de Deus seja cuidado e acompanhado.&#8221;<\/p>\n<p style=\"text-align: justify;\">Uma caracter\u00edstica que distingue a vida de S\u00e3o Jo\u00e3o Maria Vianney \u00e9 a ora\u00e7\u00e3o. No<i>\u00a0<\/i><a href=\"https:\/\/www.vatican.va\/content\/francesco\/pt\/angelus\/2019\/documents\/papa-francesco_angelus_20190804.html\" rel=\"external\"><i>Angelus<\/i>\u00a0de 4 de agosto de 2019<\/a>, Francisco recorda tamb\u00e9m que o Santo Cura d&#8217;Ars \u00e9 &#8220;modelo de bondade e de caridade para todos os sacerdotes&#8221;. \u201cO testemunho deste p\u00e1roco humilde totalmente dedicado ao seu povo &#8211; acrescenta o Papa &#8211; ajuda a redescobrir a beleza e a import\u00e2ncia do sacerd\u00f3cio ministerial na sociedade contempor\u00e2nea\u201d.<\/p>\n<\/div>\n<\/div>\n","protected":false},"excerpt":{"rendered":"<p>Santo Cura d&#8217;Ars \u00e9 &#8220;modelo de bondade e de caridade para todos os sacerdotes&#8221;.\u00a0 No dia em que a Igreja recorda S\u00e3o Jo\u00e3o Maria Vianney, Francisco indica neste Santo, padroeiro dos P\u00e1rocos do mundo, uma fonte de inspira\u00e7\u00e3o para os sacerdotes, chamados a &#8220;pregar o Evangelho da salva\u00e7\u00e3o&#8221;. Amedeo Lomonaco &#8211; Cidade do Vaticano \u201cHoje, [&hellip;]<\/p>\n","protected":false},"author":1,"featured_media":69153,"comment_status":"open","ping_status":"closed","sticky":false,"template":"","format":"standard","meta":{"footnotes":""},"categories":[3],"tags":[],"class_list":["post-69152","post","type-post","status-publish","format-standard","has-post-thumbnail","hentry","category-vaticano"],"_links":{"self":[{"href":"https:\/\/catolicanet.net\/wp-cnet\/wp-json\/wp\/v2\/posts\/69152","targetHints":{"allow":["GET"]}}],"collection":[{"href":"https:\/\/catolicanet.net\/wp-cnet\/wp-json\/wp\/v2\/posts"}],"about":[{"href":"https:\/\/catolicanet.net\/wp-cnet\/wp-json\/wp\/v2\/types\/post"}],"author":[{"embeddable":true,"href":"https:\/\/catolicanet.net\/wp-cnet\/wp-json\/wp\/v2\/users\/1"}],"replies":[{"embeddable":true,"href":"https:\/\/catolicanet.net\/wp-cnet\/wp-json\/wp\/v2\/comments?post=69152"}],"version-history":[{"count":1,"href":"https:\/\/catolicanet.net\/wp-cnet\/wp-json\/wp\/v2\/posts\/69152\/revisions"}],"predecessor-version":[{"id":69154,"href":"https:\/\/catolicanet.net\/wp-cnet\/wp-json\/wp\/v2\/posts\/69152\/revisions\/69154"}],"wp:featuredmedia":[{"embeddable":true,"href":"https:\/\/catolicanet.net\/wp-cnet\/wp-json\/wp\/v2\/media\/69153"}],"wp:attachment":[{"href":"https:\/\/catolicanet.net\/wp-cnet\/wp-json\/wp\/v2\/media?parent=69152"}],"wp:term":[{"taxonomy":"category","embeddable":true,"href":"https:\/\/catolicanet.net\/wp-cnet\/wp-json\/wp\/v2\/categories?post=69152"},{"taxonomy":"post_tag","embeddable":true,"href":"https:\/\/catolicanet.net\/wp-cnet\/wp-json\/wp\/v2\/tags?post=69152"}],"curies":[{"name":"wp","href":"https:\/\/api.w.org\/{rel}","templated":true}]}}