{"id":69115,"date":"2021-08-03T09:29:47","date_gmt":"2021-08-03T12:29:47","guid":{"rendered":"https:\/\/catolicanet.net\/wp-cnet\/?p=69115"},"modified":"2021-08-03T17:44:54","modified_gmt":"2021-08-03T20:44:54","slug":"papa-reformar-a-igreja-a-partir-de-nos-mesmos-com-oracao-caridade-e-servico","status":"publish","type":"post","link":"https:\/\/catolicanet.net\/wp-cnet\/papa-reformar-a-igreja-a-partir-de-nos-mesmos-com-oracao-caridade-e-servico\/","title":{"rendered":"Papa: reformar a Igreja a partir de n\u00f3s mesmos com ora\u00e7\u00e3o, caridade e servi\u00e7o"},"content":{"rendered":"<div class=\"article__subTitle\" style=\"text-align: justify;\">Francisco, no v\u00eddeo de inten\u00e7\u00e3o de ora\u00e7\u00e3o para o m\u00eas de agosto, aprofunda o tema da pr\u00f3pria voca\u00e7\u00e3o da Igreja, a de evangelizar, e da necessidade de uma reforma que deve come\u00e7ar por \u201cn\u00f3s mesmos\u201d, atrav\u00e9s da ora\u00e7\u00e3o, da caridade e do servi\u00e7o. O Pont\u00edfice nos convida a rezar pela Igreja, pela sua transforma\u00e7\u00e3o \u00e0 luz do Evangelho e com experi\u00eancias pr\u00e1ticas como a do pr\u00f3prio Pe. Renato Chiera, mission\u00e1rio italiano que salvou mais de 100 mil vidas no Rio de Janeiro.<\/div>\n<div>\n<p><iframe loading=\"lazy\" title=\"AGOSTO: A Igreja a caminho\" width=\"696\" height=\"392\" src=\"https:\/\/www.youtube.com\/embed\/ytxZAJIQAHM?feature=oembed\" frameborder=\"0\" allow=\"accelerometer; autoplay; clipboard-write; encrypted-media; gyroscope; picture-in-picture\" allowfullscreen><\/iframe><\/p>\n<\/div>\n<div class=\"title__separator\" style=\"text-align: justify;\"><\/div>\n<div class=\"article__text \">\n<p style=\"text-align: justify;\"><b>Andressa Collet &#8211; Vatican News<\/b><\/p>\n<div style=\"text-align: justify;\">\n<div class=\"article__embed article__embed--unwrap article__embed--dark\">\n<div class=\"article__innerTitle\">Ou\u00e7a a reportagem com a voz do Papa e compartilhe<\/div>\n<div>\n<!--[if lt IE 9]><script>document.createElement('audio');<\/script><![endif]-->\n<audio class=\"wp-audio-shortcode\" id=\"audio-69115-1\" preload=\"none\" style=\"width: 100%;\" controls=\"controls\"><source type=\"audio\/mpeg\" src=\"https:\/\/media.vaticannews.va\/media\/audio\/s1\/2021\/08\/03\/14\/136137900_F136137900.mp3?_=1\" \/><a href=\"https:\/\/media.vaticannews.va\/media\/audio\/s1\/2021\/08\/03\/14\/136137900_F136137900.mp3\">https:\/\/media.vaticannews.va\/media\/audio\/s1\/2021\/08\/03\/14\/136137900_F136137900.mp3<\/a><\/audio>\n<\/div>\n<\/div>\n<\/div>\n<div style=\"text-align: justify;\">\n<div class=\"article__embed article__embed--border embed_style\">\n<blockquote><p>\u201cA voca\u00e7\u00e3o pr\u00f3pria da Igreja \u00e9 evangelizar, e isso n\u00e3o \u00e9 fazer proselitismo. A voca\u00e7\u00e3o \u00e9 evangelizar e, mais, a identidade da Igreja \u00e9 evangelizar.\u201d<\/p><\/blockquote>\n<\/div>\n<\/div>\n<p style=\"text-align: justify;\">Assim o Papa come\u00e7a o v\u00eddeo de inten\u00e7\u00e3o de ora\u00e7\u00e3o para o m\u00eas de agosto sobre a voca\u00e7\u00e3o da Igreja, que \u00e9 a de evangelizar. Francisco nos convida a ajudar nesse processo de transforma\u00e7\u00e3o, partindo de uma reforma de \u201cn\u00f3s mesmos\u201d com experi\u00eancias de ora\u00e7\u00e3o, caridade e servi\u00e7o. As pr\u00f3prias imagens do v\u00eddeo descrevem na pr\u00e1tica esse caminho a ser percorrido ao mostrar, por exemplo, a figura do Padre Renato Chiera, mission\u00e1rio italiano que salvou mais de 100 mil vidas durante quase 35 anos junto \u00e0 Casa do Menor no Rio de Janeiro que acolhe \u201cas crian\u00e7as n\u00e3o amadas do Brasil\u201d.<\/p>\n<h2 style=\"text-align: justify;\">Reformar a Igreja a partir de n\u00f3s mesmos<\/h2>\n<div style=\"text-align: justify;\">\n<div class=\"article__embed article__embed--border embed_style\">\n<blockquote><p>\u201cA nossa pr\u00f3pria reforma como pessoas, essa \u00e9 a transforma\u00e7\u00e3o. Deixar que o Esp\u00edrito Santo, que \u00e9 o dom de Deus nos nossos cora\u00e7\u00f5es, nos lembre do que Jesus ensinou e nos ajude a coloc\u00e1-lo em pr\u00e1tica. Vamos come\u00e7ar a reformar a Igreja com a reforma de n\u00f3s mesmos. Sem ideias pr\u00e9-fabricadas, sem preconceitos ideol\u00f3gicos, sem rigidez, mas avan\u00e7ando a partir de uma experi\u00eancia espiritual, uma experi\u00eancia de ora\u00e7\u00e3o, uma experi\u00eancia de caridade, uma experi\u00eancia de servi\u00e7o. Sonho com uma op\u00e7\u00e3o ainda mais mission\u00e1ria, que v\u00e1 ao encontro do outro sem fazer proselitismo e que transforme todas as suas estruturas para a evangeliza\u00e7\u00e3o do mundo de hoje.\u201d<\/p><\/blockquote>\n<\/div>\n<\/div>\n<p style=\"text-align: justify;\">Para realizar o sonho do Pont\u00edfice de uma experi\u00eancia ainda mais mission\u00e1ria, como explicou na Exorta\u00e7\u00e3o Apost\u00f3lica\u00a0<i>Evangelii Gaudium<\/i>, \u201ccada crist\u00e3o e cada comunidade deve discernir qual \u00e9 o caminho que o Senhor lhe pede, mas todos somos convidados a aceitar este chamado: sair da nossa pr\u00f3pria comodidade e ousar chegar a todas as periferias que precisam da luz do Evangelho\u201d. O primeiro passo \u00e9 avan\u00e7ar nesse sentido, como nos pede o Papa, deixando-nos guiar pelo Esp\u00edrito Santo para que \u201cnos lembre do que Jesus ensinou e nos ajude a coloc\u00e1-lo em pr\u00e1tica\u201d.<\/p>\n<p style=\"text-align: justify;\"><a href=\"https:\/\/thepopevideo.org\/?lang=pt-br\" target=\"_blank\" rel=\"external nofollow noopener\">O V\u00eddeo do Papa<\/a>, publicado nesta ter\u00e7a-feira (3) com a inten\u00e7\u00e3o de ora\u00e7\u00e3o que Francisco confia \u00e0 Igreja Cat\u00f3lica por meio da\u00a0<a href=\"https:\/\/www.popesprayer.va\/pt-pt\/\" rel=\"external\">Rede Mundial de Ora\u00e7\u00e3o do Papa<\/a>, acaba por fazer, ent\u00e3o, uma profunda reflex\u00e3o sobre a situa\u00e7\u00e3o da Igreja, sua voca\u00e7\u00e3o e identidade, chamando a renov\u00e1-la \u201ca partir do discernimento da vontade de Deus na nossa vida di\u00e1ria\u201d. Para Francisco, em tempos de crise e dificuldades, a Igreja precisa de uma reforma que deve come\u00e7ar pela \u201creforma de n\u00f3s mesmos\u201d e \u201c\u00e0 luz do Evangelho\u201d.<\/p>\n<p style=\"text-align: justify;\">H\u00e1 poucos meses, foi tornada p\u00fablica a carta com a qual Francisco rejeitou a ren\u00fancia oferecida pelo cardeal Marx. Nela, ele n\u00e3o s\u00f3 concordou que &#8220;toda a Igreja est\u00e1 em crise por causa do problema dos abusos&#8221;, mas tamb\u00e9m encorajou o cardeal a continuar seu trabalho como pastor e enfatizou que &#8220;a reforma n\u00e3o consiste em palavras, mas em atitudes que tenham a coragem de se colocar em crise, de assumir a realidade seja qual for a consequ\u00eancia. E toda reforma come\u00e7a por si mesmo. A reforma da Igreja foi feita por homens e mulheres que n\u00e3o temeram entrar em crise e se deixar reformar pelo Senhor\u201d.<\/p>\n<h2 style=\"text-align: justify;\">Rezar pela Igreja<\/h2>\n<p style=\"text-align: justify;\">O Pe. Fr\u00e9d\u00e9ric Fornos, diretor internacional da\u00a0<a href=\"https:\/\/www.popesprayer.va\/pt-pt\/\" rel=\"external\">Rede Mundial de Ora\u00e7\u00e3o do Papa<\/a>, comentou que,\u00a0<i>\u201cj\u00e1 no final do ano passado, alguns dias antes do Natal, Francisco queria desenvolver o tema da diferen\u00e7a entre conflito e crise, para deixar claro que de uma crise pode sair algo positivo. \u00c9 um momento prop\u00edcio para o Evangelho e a reforma da Igreja. Como diz o Santo Padre: \u2018Devemos ter a coragem de estar prontos para tudo; devemos deixar de pensar na reforma da Igreja como um remendo em uma roupa velha.&#8217; Diante da crise, a primeira coisa que podemos fazer \u00e9 aceit\u00e1-la, como um momento prop\u00edcio para buscar e reconhecer a vontade de Deus. Isso significa n\u00e3o se cansar de rezar, como insiste o Papa; n\u00e3o cansar de seguir o exemplo de Jesus no servi\u00e7o, na caridade, no encontro com o outro, com quem sofre, com os mais vulner\u00e1veis \u200b\u200be com quem mais precisa. &#8216;O caminho sempre tem a ver com verbos de movimento. A crise \u00e9 movimento, \u00e9 parte do caminho&#8217;, disse o Papa tamb\u00e9m&#8221;,\u00a0<\/i>finaliza, ent\u00e3o, o diretor internacional. E Francisco encerra o v\u00eddeo assim:<\/p>\n<div>\n<div class=\"article__embed article__embed--border embed_style\">\n<blockquote><p>\u201cRecordemos que a Igreja sempre tem dificuldades, sempre tem crises, porque est\u00e1 viva. As coisas vivas entram em crise. S\u00f3 os mortos n\u00e3o entram em crise. Rezemos pela Igreja, para que receba do Esp\u00edrito Santo a gra\u00e7a e a for\u00e7a de se reformar \u00e0 luz do Evangelho.\u201d<\/p><\/blockquote>\n<\/div>\n<\/div>\n<\/div>\n","protected":false},"excerpt":{"rendered":"<p>Francisco, no v\u00eddeo de inten\u00e7\u00e3o de ora\u00e7\u00e3o para o m\u00eas de agosto, aprofunda o tema da pr\u00f3pria voca\u00e7\u00e3o da Igreja, a de evangelizar, e da necessidade de uma reforma que deve come\u00e7ar por \u201cn\u00f3s mesmos\u201d, atrav\u00e9s da ora\u00e7\u00e3o, da caridade e do servi\u00e7o. O Pont\u00edfice nos convida a rezar pela Igreja, pela sua transforma\u00e7\u00e3o \u00e0 [&hellip;]<\/p>\n","protected":false},"author":1,"featured_media":69116,"comment_status":"open","ping_status":"closed","sticky":false,"template":"","format":"standard","meta":{"footnotes":""},"categories":[13,3],"tags":[],"class_list":["post-69115","post","type-post","status-publish","format-standard","has-post-thumbnail","hentry","category-featured","category-vaticano"],"_links":{"self":[{"href":"https:\/\/catolicanet.net\/wp-cnet\/wp-json\/wp\/v2\/posts\/69115","targetHints":{"allow":["GET"]}}],"collection":[{"href":"https:\/\/catolicanet.net\/wp-cnet\/wp-json\/wp\/v2\/posts"}],"about":[{"href":"https:\/\/catolicanet.net\/wp-cnet\/wp-json\/wp\/v2\/types\/post"}],"author":[{"embeddable":true,"href":"https:\/\/catolicanet.net\/wp-cnet\/wp-json\/wp\/v2\/users\/1"}],"replies":[{"embeddable":true,"href":"https:\/\/catolicanet.net\/wp-cnet\/wp-json\/wp\/v2\/comments?post=69115"}],"version-history":[{"count":1,"href":"https:\/\/catolicanet.net\/wp-cnet\/wp-json\/wp\/v2\/posts\/69115\/revisions"}],"predecessor-version":[{"id":69117,"href":"https:\/\/catolicanet.net\/wp-cnet\/wp-json\/wp\/v2\/posts\/69115\/revisions\/69117"}],"wp:featuredmedia":[{"embeddable":true,"href":"https:\/\/catolicanet.net\/wp-cnet\/wp-json\/wp\/v2\/media\/69116"}],"wp:attachment":[{"href":"https:\/\/catolicanet.net\/wp-cnet\/wp-json\/wp\/v2\/media?parent=69115"}],"wp:term":[{"taxonomy":"category","embeddable":true,"href":"https:\/\/catolicanet.net\/wp-cnet\/wp-json\/wp\/v2\/categories?post=69115"},{"taxonomy":"post_tag","embeddable":true,"href":"https:\/\/catolicanet.net\/wp-cnet\/wp-json\/wp\/v2\/tags?post=69115"}],"curies":[{"name":"wp","href":"https:\/\/api.w.org\/{rel}","templated":true}]}}